{"id":8086,"date":"2014-03-25T09:00:53","date_gmt":"2014-03-25T11:00:53","guid":{"rendered":"https:\/\/forumjustica.vlannetwork.com\/?p=8086"},"modified":"2022-09-04T21:15:50","modified_gmt":"2022-09-05T00:15:50","slug":"adpep-comissao-de-direitos-humanos-da-alepa-vistoria-centro-de-recuperacao-de-paragominas","status":"publish","type":"post","link":"https:\/\/staging.forumjustica.com.br\/es\/adpep-comissao-de-direitos-humanos-da-alepa-vistoria-centro-de-recuperacao-de-paragominas\/","title":{"rendered":"ADPEP: Comiss\u00e3o de Direitos Humanos da Alepa vistoria Centro de Recupera\u00e7\u00e3o de Paragominas"},"content":{"rendered":"<div id=\"secao\">NOT\u00cdCIAS<\/div>\n<table id=\"tabCentro\" border=\"0\" cellspacing=\"0\" cellpadding=\"0\" width=\"100%\">\n<tbody>\n<tr>\n<td id=\"colEsquerda\" width=\"100%\">21\/03\/2014 &#8211; 11:52&nbsp;<\/p>\n<p>Fonte: Ascom\/ ADPEP-PA<br \/>\nEstado: PA<\/p>\n<div>\n<table cellspacing=\"0\" cellpadding=\"0\">\n<tbody>\n<tr>\n<td><img decoding=\"async\" src=\"http:\/\/www.anadep.org.br\/wtksite\/cms\/conteudo\/19415\/GEDC0331-300x225.jpg\" alt=\"\" \/><\/td>\n<\/tr>\n<\/tbody>\n<\/table>\n<div>Ap\u00f3s a den\u00fancia de viola\u00e7\u00f5es dos direitos humanos dentro do Centro de Recupera\u00e7\u00e3o de Paragominas por defensores p\u00fablicos e promotores de justi\u00e7a, que resultou na interdi\u00e7\u00e3o parcial da unidade pela Justi\u00e7a, nesta quinta-feira, 20, foi a vez da Comiss\u00e3o de DH da Assembleia Legislativa do Par\u00e1 vistoriar o c\u00e1rcere.<\/div>\n<div>A inspe\u00e7\u00e3o foi solicitada pelos defensores p\u00fablicos que atendem a regi\u00e3o, Marco Aur\u00e9lio Guterres, Johny Giffoni e Corina Pissato, j\u00e1 que desde a den\u00fancia o Estado n\u00e3o tomou nenhum provid\u00eancia. O representante da CDH foi o deputado estadual Edmilson Rodrigues. Ele informou que j\u00e1 previa marcar uma reuni\u00e3o para discutir os problemas do sistema carcer\u00e1rio no Par\u00e1 e que o caso do CRP veio refor\u00e7ar a necessidade de debater o assunto. Ao marcar a data da sess\u00e3o, o deputado convocar\u00e1 a presen\u00e7a dos defensores.GEDSC DIGITAL CAMERA<\/div>\n<div>Compareceram tamb\u00e9m \u00e0 fiscaliza\u00e7\u00e3o representante da SUSIPE, o diretor da unidade, a promotora de justi\u00e7a da comarca, um representante da OAB e o juiz Daniel Gir\u00e3o. Na ocasi\u00e3o, os defensores anunciaram que a diretoria do interior promover\u00e1, de 24 \u00e0 28 de mar\u00e7o, um mutir\u00e3o carcer\u00e1rio na tentativade resolver processos das comarcas de S\u00e3o Miguel, Ulian\u00f3polis, Aurora e Dom Eliseu.<\/div>\n<div>Entenda o caso<\/div>\n<div>Em dezembro de 2013, Defensoria e Minist\u00e9rio P\u00fablicos entraram com a\u00e7\u00e3o que relatava viola\u00e7\u00f5es dos direitos humanos e as p\u00e9ssimas condi\u00e7\u00f5es em que se encontravam os detentos. A Justi\u00e7a decretou a interdi\u00e7\u00e3o do bloco anexo conhecido como cont\u00eainer, uma vez que em 2010, a Sexta Turma do Superior Tribunal de Justi\u00e7a proibiu a pris\u00e3o nesses locais por entenderem que fere a dignidade humana.<\/div>\n<div>A Justi\u00e7a paraense determinou ainda que o estado fornecesse aos detentos alimenta\u00e7\u00e3o adequada, medicamentos, vestimentas, colch\u00f5es, materiais de higiene e tratamento m\u00e9dico adequado no prazo de 48 horas.<\/div>\n<div>Al\u00e9m disso, o Centro de Recupera\u00e7\u00e3o de Paragominas enfrenta outros problemas como infiltra\u00e7\u00f5es no forro e nas paredes, panelas guardadas no ch\u00e3o da cozinha, celas enferrujadas e sem condi\u00e7\u00f5es de higiene. Alguns locais era poss\u00edvel encontrar lixo e esgoto a c\u00e9u aberto, que atraia urubus. De acordo com o relat\u00f3rio do conselho penitenci\u00e1rio, o local \u00e9 superlotado. Em julho de 2013, havia no total 344 detentos, 168 a mais que a capacidade que a unidade deveria comportar. Essa situa\u00e7\u00e3o j\u00e1 havia sido identificada em 2009 pelo Minist\u00e9rio P\u00fablico municipal, que entrou com uma a\u00e7\u00e3o na \u00e9poca solicitando melhorias na unidade. No mesmo ano, a Defensoria P\u00fablica tamb\u00e9m solicitou melhorias.<\/div>\n<div>Segundo o defensor p\u00fablico, Marco Aur\u00e9lio, a situa\u00e7\u00e3o no centro \u00e9 prec\u00e1ria. \u201cA situa\u00e7\u00e3o \u00e9 completamente prec\u00e1ria, os presos convivem diariamente com ratos, eles n\u00e3o tem local para dormir, n\u00e3o tem colch\u00f5es, \u00e9 um local de total desrespeito aos direitos humanos. O fato da pessoa estar restrita a sua liberdade, n\u00e3o d\u00e1 o direito do estado violar outros direitos, como a dignidade humana, o direito fundamental da pessoa\u201d.<\/div>\n<\/div>\n<div><a href=\"http:\/\/www.anadep.org.br\/wtk\/pagina\/materia?id=19415\"><\/a><\/div>\n<\/td>\n<\/tr>\n<\/tbody>\n<\/table>\n<p><a href=\"http:\/\/www.anadep.org.br\/wtk\/pagina\/materia?id=19415\">http:\/\/www.anadep.org.br\/wtk\/pagina\/materia?id=19415<\/a><\/p>\n","protected":false},"excerpt":{"rendered":"<p>NOT\u00cdCIAS 21\/03\/2014 &#8211; 11:52&nbsp; Fonte: Ascom\/ ADPEP-PA Estado: PA Ap\u00f3s a den\u00fancia de viola\u00e7\u00f5es dos direitos humanos dentro do Centro de Recupera\u00e7\u00e3o de Paragominas por defensores p\u00fablicos e promotores de justi\u00e7a, que resultou na interdi\u00e7\u00e3o parcial da unidade pela Justi\u00e7a, nesta quinta-feira, 20, foi a vez da Comiss\u00e3o de DH da Assembleia Legislativa do Par\u00e1 [&hellip;]<\/p>\n","protected":false},"author":13,"featured_media":0,"comment_status":"open","ping_status":"closed","sticky":false,"template":"","format":"standard","meta":{"inline_featured_image":false,"footnotes":""},"categories":[1],"tags":[],"anos":[],"projetos":[],"autorias":[],"eixos_tematicos":[],"locais":[],"pessoas":[],"estado":[],"academia":[],"sociedade_civil":[],"class_list":["post-8086","post","type-post","status-publish","format-standard","hentry","category-noticias"],"_links":{"self":[{"href":"https:\/\/staging.forumjustica.com.br\/es\/wp-json\/wp\/v2\/posts\/8086","targetHints":{"allow":["GET"]}}],"collection":[{"href":"https:\/\/staging.forumjustica.com.br\/es\/wp-json\/wp\/v2\/posts"}],"about":[{"href":"https:\/\/staging.forumjustica.com.br\/es\/wp-json\/wp\/v2\/types\/post"}],"author":[{"embeddable":true,"href":"https:\/\/staging.forumjustica.com.br\/es\/wp-json\/wp\/v2\/users\/13"}],"replies":[{"embeddable":true,"href":"https:\/\/staging.forumjustica.com.br\/es\/wp-json\/wp\/v2\/comments?post=8086"}],"version-history":[{"count":1,"href":"https:\/\/staging.forumjustica.com.br\/es\/wp-json\/wp\/v2\/posts\/8086\/revisions"}],"predecessor-version":[{"id":17354,"href":"https:\/\/staging.forumjustica.com.br\/es\/wp-json\/wp\/v2\/posts\/8086\/revisions\/17354"}],"wp:attachment":[{"href":"https:\/\/staging.forumjustica.com.br\/es\/wp-json\/wp\/v2\/media?parent=8086"}],"wp:term":[{"taxonomy":"category","embeddable":true,"href":"https:\/\/staging.forumjustica.com.br\/es\/wp-json\/wp\/v2\/categories?post=8086"},{"taxonomy":"post_tag","embeddable":true,"href":"https:\/\/staging.forumjustica.com.br\/es\/wp-json\/wp\/v2\/tags?post=8086"},{"taxonomy":"anos","embeddable":true,"href":"https:\/\/staging.forumjustica.com.br\/es\/wp-json\/wp\/v2\/anos?post=8086"},{"taxonomy":"projetos","embeddable":true,"href":"https:\/\/staging.forumjustica.com.br\/es\/wp-json\/wp\/v2\/projetos?post=8086"},{"taxonomy":"autorias","embeddable":true,"href":"https:\/\/staging.forumjustica.com.br\/es\/wp-json\/wp\/v2\/autorias?post=8086"},{"taxonomy":"eixos_tematicos","embeddable":true,"href":"https:\/\/staging.forumjustica.com.br\/es\/wp-json\/wp\/v2\/eixos_tematicos?post=8086"},{"taxonomy":"locais","embeddable":true,"href":"https:\/\/staging.forumjustica.com.br\/es\/wp-json\/wp\/v2\/locais?post=8086"},{"taxonomy":"pessoas","embeddable":true,"href":"https:\/\/staging.forumjustica.com.br\/es\/wp-json\/wp\/v2\/pessoas?post=8086"},{"taxonomy":"estado","embeddable":true,"href":"https:\/\/staging.forumjustica.com.br\/es\/wp-json\/wp\/v2\/estado?post=8086"},{"taxonomy":"academia","embeddable":true,"href":"https:\/\/staging.forumjustica.com.br\/es\/wp-json\/wp\/v2\/academia?post=8086"},{"taxonomy":"sociedade_civil","embeddable":true,"href":"https:\/\/staging.forumjustica.com.br\/es\/wp-json\/wp\/v2\/sociedade_civil?post=8086"}],"curies":[{"name":"wp","href":"https:\/\/api.w.org\/{rel}","templated":true}]}}