{"id":7988,"date":"2014-03-13T09:00:19","date_gmt":"2014-03-13T11:00:19","guid":{"rendered":"https:\/\/forumjustica.vlannetwork.com\/?p=7988"},"modified":"2022-09-04T21:15:50","modified_gmt":"2022-09-05T00:15:50","slug":"governo-brasileiro-tera-que-explicar-a-oea-violencia-institucional-nas-manifestacoes","status":"publish","type":"post","link":"https:\/\/staging.forumjustica.com.br\/es\/governo-brasileiro-tera-que-explicar-a-oea-violencia-institucional-nas-manifestacoes\/","title":{"rendered":"Governo brasileiro ter\u00e1 que explicar \u00e0 OEA viol\u00eancia institucional nas manifesta\u00e7\u00f5es"},"content":{"rendered":"<div>10 DE MAR\u00c7O DE 2014 \u2022 15H35<a title=\"Veja todos os textos que j\u00e1 foram destaque\" href=\"http:\/\/global.org.br\/destaques\/\">DESTAQUE<\/a><\/p>\n<h1>Governo brasileiro ter\u00e1 que explicar \u00e0 OEA viol\u00eancia institucional nas manifesta\u00e7\u00f5es<\/h1>\n<\/div>\n<div>\n<p><a rel=\"shadowbox[post-5813];player=img;\" href=\"http:\/\/global.org.br\/wp-content\/uploads\/2010\/07\/oea.jpg\"><img loading=\"lazy\" decoding=\"async\" title=\"&lt;!--:pt--&gt;oea&lt;!--:--&gt;\" src=\"http:\/\/global.org.br\/wp-content\/uploads\/2010\/07\/oea.jpg\" alt=\"&lt;!--:pt--&gt;oea&lt;!--:--&gt;\" width=\"299\" height=\"285\" \/><\/a>A Organiza\u00e7\u00e3o dos Estados Americanos (OEA) vai realizar uma audi\u00eancia p\u00fablica, no dia 28 de mar\u00e7o, em Washington (EUA), para analisar a atua\u00e7\u00e3o do Estado Brasileiro nas manifesta\u00e7\u00f5es que v\u00eam ocorrendo no pa\u00eds desde junho de 2013. Pela primeira vez, o governo vai estar frente a frente com a sociedade civil para responder questionamentos sobre viol\u00eancia policial, criminaliza\u00e7\u00e3o dos manifestantes, leis de exce\u00e7\u00e3o e repress\u00e3o a jornalistas e a advogados. Durante a sess\u00e3o, ser\u00e3o apresentados relatos e dados que mostram viola\u00e7\u00f5es cometidas pelos governos estaduais e federal. Caber\u00e1 ent\u00e3o ao Estado apresentar os seus argumentos e explica\u00e7\u00f5es.<\/p>\n<p>A audi\u00eancia ser\u00e1 realizada pela Comiss\u00e3o Interamericana de Direitos Humanos (CIDH) da OEA, atendendo a um pedido das seguintes entidades:\u00a0<em>Justi\u00e7a Global<\/em>, Conectas, Articula\u00e7\u00e3o Nacional dos Comit\u00eas Populares da Copa (ANCOP), Instituto de Defensores de Direitos Humanos (DDH), Servi\u00e7o de Assessoria Jur\u00eddica da Universidade Federal do Rio Grande do Sul (SAJU\/UFRS), Artigo 19, Sindicato dos Jornalistas Profissionais do Munic\u00edpio do Rio de Janeiro, United Rede Internacional de Direitos Humanos (URIDH) e Quilombo Xis \u2013 A\u00e7\u00e3o Comunit\u00e1ria Cultural. Posteriormente, a CIDH poder\u00e1 lan\u00e7ar uma nota repreendendo publicamente o Brasil. O resultado da audi\u00eancia poder\u00e1 ser usado como evid\u00eancia de viola\u00e7\u00f5es cometidas pelo\u00a0Estado nos atos de rua em a\u00e7\u00f5es judiciais em cortes nacionais e internacionais.<\/p>\n<p>Ser\u00e3o apresentados mais de 200 casos de viola\u00e7\u00f5es de direitos humanos ocorridas durante os protestos. H\u00e1, por exemplo, relatos de viol\u00eancia policial, pris\u00f5es arbitr\u00e1rias e persegui\u00e7\u00f5es durante as manifesta\u00e7\u00f5es da Copa das Confedera\u00e7\u00f5es e pela diminui\u00e7\u00e3o das passagens, assim como nos atos durante a greve dos professores no Rio de Janeiro. A OEA tamb\u00e9m vai ser alertada sobre as propostas de endurecimento das leis que est\u00e3o no Congresso Nacional, trazendo riscos de um aumento da criminaliza\u00e7\u00e3o dos movimentos sociais, transformando o ato de se manifestar em algo pun\u00edvel com a pris\u00e3o.<\/p>\n<p>Para o advogado Eduardo Baker,\u00a0da\u00a0<em>Justi\u00e7a Global<\/em>, a den\u00fancia internacional \u00e9 um caminho para dar visibilidade a essas viola\u00e7\u00f5es. \u201cO Estado vem reiteradamente cometendo viola\u00e7\u00f5es aos direitos humanos durante os protestos, utilizando o sistema penal como \u00fanica resposta poss\u00edvel aos pleitos populares. Essa \u00e9 a primeira oportunidade da sociedade civil demandar explica\u00e7\u00f5es perante o governo, passo fundamental para que evitemos uma deteriora\u00e7\u00e3o maior do quadro que j\u00e1 \u00e9 delicado.\u201d<\/p>\n<\/div>\n<p>&nbsp;<\/p>\n","protected":false},"excerpt":{"rendered":"<p>10 DE MAR\u00c7O DE 2014 \u2022 15H35DESTAQUE Governo brasileiro ter\u00e1 que explicar \u00e0 OEA viol\u00eancia institucional nas manifesta\u00e7\u00f5es A Organiza\u00e7\u00e3o dos Estados Americanos (OEA) vai realizar uma audi\u00eancia p\u00fablica, no dia 28 de mar\u00e7o, em Washington (EUA), para analisar a atua\u00e7\u00e3o do Estado Brasileiro nas manifesta\u00e7\u00f5es que v\u00eam ocorrendo no pa\u00eds desde junho de 2013. [&hellip;]<\/p>\n","protected":false},"author":13,"featured_media":0,"comment_status":"open","ping_status":"closed","sticky":false,"template":"","format":"standard","meta":{"inline_featured_image":false,"footnotes":""},"categories":[1],"tags":[],"anos":[],"projetos":[],"autorias":[],"eixos_tematicos":[],"locais":[],"pessoas":[],"estado":[],"academia":[],"sociedade_civil":[],"class_list":["post-7988","post","type-post","status-publish","format-standard","hentry","category-noticias"],"_links":{"self":[{"href":"https:\/\/staging.forumjustica.com.br\/es\/wp-json\/wp\/v2\/posts\/7988","targetHints":{"allow":["GET"]}}],"collection":[{"href":"https:\/\/staging.forumjustica.com.br\/es\/wp-json\/wp\/v2\/posts"}],"about":[{"href":"https:\/\/staging.forumjustica.com.br\/es\/wp-json\/wp\/v2\/types\/post"}],"author":[{"embeddable":true,"href":"https:\/\/staging.forumjustica.com.br\/es\/wp-json\/wp\/v2\/users\/13"}],"replies":[{"embeddable":true,"href":"https:\/\/staging.forumjustica.com.br\/es\/wp-json\/wp\/v2\/comments?post=7988"}],"version-history":[{"count":1,"href":"https:\/\/staging.forumjustica.com.br\/es\/wp-json\/wp\/v2\/posts\/7988\/revisions"}],"predecessor-version":[{"id":17367,"href":"https:\/\/staging.forumjustica.com.br\/es\/wp-json\/wp\/v2\/posts\/7988\/revisions\/17367"}],"wp:attachment":[{"href":"https:\/\/staging.forumjustica.com.br\/es\/wp-json\/wp\/v2\/media?parent=7988"}],"wp:term":[{"taxonomy":"category","embeddable":true,"href":"https:\/\/staging.forumjustica.com.br\/es\/wp-json\/wp\/v2\/categories?post=7988"},{"taxonomy":"post_tag","embeddable":true,"href":"https:\/\/staging.forumjustica.com.br\/es\/wp-json\/wp\/v2\/tags?post=7988"},{"taxonomy":"anos","embeddable":true,"href":"https:\/\/staging.forumjustica.com.br\/es\/wp-json\/wp\/v2\/anos?post=7988"},{"taxonomy":"projetos","embeddable":true,"href":"https:\/\/staging.forumjustica.com.br\/es\/wp-json\/wp\/v2\/projetos?post=7988"},{"taxonomy":"autorias","embeddable":true,"href":"https:\/\/staging.forumjustica.com.br\/es\/wp-json\/wp\/v2\/autorias?post=7988"},{"taxonomy":"eixos_tematicos","embeddable":true,"href":"https:\/\/staging.forumjustica.com.br\/es\/wp-json\/wp\/v2\/eixos_tematicos?post=7988"},{"taxonomy":"locais","embeddable":true,"href":"https:\/\/staging.forumjustica.com.br\/es\/wp-json\/wp\/v2\/locais?post=7988"},{"taxonomy":"pessoas","embeddable":true,"href":"https:\/\/staging.forumjustica.com.br\/es\/wp-json\/wp\/v2\/pessoas?post=7988"},{"taxonomy":"estado","embeddable":true,"href":"https:\/\/staging.forumjustica.com.br\/es\/wp-json\/wp\/v2\/estado?post=7988"},{"taxonomy":"academia","embeddable":true,"href":"https:\/\/staging.forumjustica.com.br\/es\/wp-json\/wp\/v2\/academia?post=7988"},{"taxonomy":"sociedade_civil","embeddable":true,"href":"https:\/\/staging.forumjustica.com.br\/es\/wp-json\/wp\/v2\/sociedade_civil?post=7988"}],"curies":[{"name":"wp","href":"https:\/\/api.w.org\/{rel}","templated":true}]}}