{"id":7942,"date":"2014-03-12T09:00:21","date_gmt":"2014-03-12T11:00:21","guid":{"rendered":"https:\/\/forumjustica.vlannetwork.com\/?p=7942"},"modified":"2022-09-04T21:15:50","modified_gmt":"2022-09-05T00:15:50","slug":"mp-oab-e-defensoria-pedem-suspensao-de-atividades-das-usinas-do-madeira","status":"publish","type":"post","link":"https:\/\/staging.forumjustica.com.br\/es\/mp-oab-e-defensoria-pedem-suspensao-de-atividades-das-usinas-do-madeira\/","title":{"rendered":"MP, OAB e Defensoria pedem suspens\u00e3o de atividades das usinas do Madeira"},"content":{"rendered":"<h2><\/h2>\n<div>\n<div><a href=\"http:\/\/racismoambiental.net.br\/wp-content\/upLoads\/2014\/02\/cheia-madeira.jpg\" target=\"_blank\" rel=\"noopener\"><img loading=\"lazy\" decoding=\"async\" src=\"https:\/\/ci4.googleusercontent.com\/proxy\/S_a-b2Cekd2DbtDEORyaw2JYE2tck8LVcumjBrnZaOybHrpnfnTNfYSm-tGlVz9lHPVkJGMjunbVLF17mR_TOCqJCHEderHNzEa6ITSZNfE3guj-6NRME4mFqhZr-RSlUxnIfJNkkvL-=s0-d-e1-ft#http:\/\/racismoambiental.net.br\/wp-content\/upLoads\/2014\/02\/cheia-madeira-300x225.jpg\" alt=\"Foto: Cacoal Not\u00edcias\" width=\"300\" height=\"225\" \/><\/a>Foto: Cacoal Not\u00edcias<\/p>\n<\/div>\n<p><em>A\u00e7\u00e3o civil p\u00fablica pede tamb\u00e9m que os cons\u00f3rcios das usinas de Jirau e S\u00e3o Ant\u00f4nio sejam obrigados a ajudar v\u00edtimas das enchentes<\/em><\/p>\n<div>\n<p><a href=\"http:\/\/noticias.pgr.mpf.mp.br\/noticias\/noticias-do-site\/copy_of_meio-ambiente-e-patrimonio-cultural\/instituicoes-processam-usinas-do-madeira-por-ignorarem-impacto-das-enchentes\" target=\"_blank\" rel=\"noopener\">Minist\u00e9rio P\u00fablico Federal em Rond\u00f4nia<\/a><\/p>\n<div>\n<p>O Minist\u00e9rio P\u00fablico Federal, o Minist\u00e9rio P\u00fablico do Estado (MP\/RO), a Ordem dos Advogados do Brasil (OAB\/RO), a Defensoria P\u00fablica da Uni\u00e3o e a Defensoria P\u00fablica do Estado em Rond\u00f4nia ingressaram com a\u00e7\u00e3o civil p\u00fablica contra o Instituto Brasileiro do Meio Ambiente e dos Recursos Naturais Renov\u00e1veis (Ibama), a Energia Sustent\u00e1vel do Brasil (Usina de Jirau) e a Santo Ant\u00f4nio Energia (Usina de Santo Ant\u00f4nio).<\/p>\n<p>As institui\u00e7\u00f5es pedem que a Justi\u00e7a Federal obrigue as hidrel\u00e9tricas a atender imediatamente as necessidades b\u00e1sicas (moradia, alimenta\u00e7\u00e3o, transporte, educa\u00e7\u00e3o, sa\u00fade etc.) de parte da popula\u00e7\u00e3o atingida pela enchente do rio Madeira, enquanto durar a situa\u00e7\u00e3o de emerg\u00eancia e at\u00e9 que haja uma decis\u00e3o definitiva sobre a compensa\u00e7\u00e3o, indeniza\u00e7\u00e3o ou realojamento. As popula\u00e7\u00f5es atingidas dever\u00e3o ser identificadas pelas defesas civis municipal, estadual e federal.<\/p>\n<p>Na a\u00e7\u00e3o, os \u00f3rg\u00e3os tamb\u00e9m pedem que a Justi\u00e7a condene o Ibama a suspender imediatamente as licen\u00e7as das usinas at\u00e9 que novos estudos sobre os impactos das barragens sejam feitos. Esses novos estudos devem ser supervisionados por v\u00e1rios \u00f3rg\u00e3os p\u00fablicos, como Iphan, Ag\u00eancia Nacional de \u00c1guas, DNIT, entre outros. Os estudos devem ser acompanhados por engenheiros, agr\u00f4nomos, ge\u00f3logos, soci\u00f3logos e outros especialistas indicados pelas institui\u00e7\u00f5es e custeados pelos cons\u00f3rcios.<\/p>\n<p>As institui\u00e7\u00f5es tamb\u00e9m querem que todos os r\u00e9us compensem o dano moral coletivo, estimado em cem milh\u00f5es de reais, a ser revertido para as v\u00edtimas das enchentes e reconstru\u00e7\u00e3o de suas casas. Com a a\u00e7\u00e3o, os \u00f3rg\u00e3os querem tamb\u00e9m um posicionamento oficial diante dos danos causados na \u00e1rea de influ\u00eancia das usinas de Santo Ant\u00f4nio e Jirau.<\/p>\n<p><strong>Impactos subdimensionados<\/strong> &#8211; A consultoria Cobrape, contratada pelo MP\/RO e custeada pelos cons\u00f3rcios, j\u00e1 alertava que a \u00e1rea alagada e os impactos em decorr\u00eancia das barragens poderiam ser maiores do que os dados apontados por Furnas, que na \u00e9poca fez os estudos aceitos pelo Ibama. Os dados da consultoria foram entregues a Furnas e ao Ibama. No entanto, o processo de licenciamento prosseguiu. Uma a\u00e7\u00e3o civil p\u00fablica foi proposta pelo Minist\u00e9rio P\u00fablico pedindo que o procedimento fosse anulado, mas a a\u00e7\u00e3o foi rejeitada pela Justi\u00e7a.<\/p>\n<p>Para o Minist\u00e9rio P\u00fablico, a situa\u00e7\u00e3o das cheias no rio Madeira confirma as an\u00e1lises da Cobrape e, por isso, uma nova a\u00e7\u00e3o civil p\u00fablica foi proposta pelos procuradores da Rep\u00fablica Gisele Bleggi e Raphael Bevilaqua, o promotor de justi\u00e7a \u00c1tila Augusto, a defensora p\u00fablica federal Mariana Doering, o presidente da OAB, Andrey Cavalcante, e o defensor p\u00fablico estadual, Marcus Edson de Lima.<\/p>\n<p><strong>Acordo fracassado<\/strong> &#8211; O Minist\u00e9rio P\u00fablico tentou um acordo com as hidrel\u00e9tricas de Jirau e de Santo Ant\u00f4nio para que ajudassem a popula\u00e7\u00e3o que sofre com os impactos causados pela cheia do Rio Madeira, mas as usinas se negaram a assinar o termo de ajustamento de conduta (TAC).<\/p>\n<p><a href=\"http:\/\/racismoambiental.net.br\/2014\/03\/mp-oab-e-defensoria-pedem-suspensao-de-atividades-das-usinas-do-madeira\/\"><br \/>\n<\/a><\/p>\n<p><a href=\"http:\/\/racismoambiental.net.br\/2014\/03\/mp-oab-e-defensoria-pedem-suspensao-de-atividades-das-usinas-do-madeira\/\">http:\/\/racismoambiental.net.br\/2014\/03\/mp-oab-e-defensoria-pedem-suspensao-de-atividades-das-usinas-do-madeira\/<\/a><\/p>\n<\/div>\n<\/div>\n<\/div>\n<p>&nbsp;<\/p>\n","protected":false},"excerpt":{"rendered":"<p>Foto: Cacoal Not\u00edcias A\u00e7\u00e3o civil p\u00fablica pede tamb\u00e9m que os cons\u00f3rcios das usinas de Jirau e S\u00e3o Ant\u00f4nio sejam obrigados a ajudar v\u00edtimas das enchentes Minist\u00e9rio P\u00fablico Federal em Rond\u00f4nia O Minist\u00e9rio P\u00fablico Federal, o Minist\u00e9rio P\u00fablico do Estado (MP\/RO), a Ordem dos Advogados do Brasil (OAB\/RO), a Defensoria P\u00fablica da Uni\u00e3o e a Defensoria [&hellip;]<\/p>\n","protected":false},"author":13,"featured_media":0,"comment_status":"open","ping_status":"closed","sticky":false,"template":"","format":"standard","meta":{"inline_featured_image":false,"footnotes":""},"categories":[1],"tags":[],"anos":[],"projetos":[],"autorias":[],"eixos_tematicos":[],"locais":[],"pessoas":[],"estado":[],"academia":[],"sociedade_civil":[],"class_list":["post-7942","post","type-post","status-publish","format-standard","hentry","category-noticias"],"_links":{"self":[{"href":"https:\/\/staging.forumjustica.com.br\/es\/wp-json\/wp\/v2\/posts\/7942","targetHints":{"allow":["GET"]}}],"collection":[{"href":"https:\/\/staging.forumjustica.com.br\/es\/wp-json\/wp\/v2\/posts"}],"about":[{"href":"https:\/\/staging.forumjustica.com.br\/es\/wp-json\/wp\/v2\/types\/post"}],"author":[{"embeddable":true,"href":"https:\/\/staging.forumjustica.com.br\/es\/wp-json\/wp\/v2\/users\/13"}],"replies":[{"embeddable":true,"href":"https:\/\/staging.forumjustica.com.br\/es\/wp-json\/wp\/v2\/comments?post=7942"}],"version-history":[{"count":1,"href":"https:\/\/staging.forumjustica.com.br\/es\/wp-json\/wp\/v2\/posts\/7942\/revisions"}],"predecessor-version":[{"id":17368,"href":"https:\/\/staging.forumjustica.com.br\/es\/wp-json\/wp\/v2\/posts\/7942\/revisions\/17368"}],"wp:attachment":[{"href":"https:\/\/staging.forumjustica.com.br\/es\/wp-json\/wp\/v2\/media?parent=7942"}],"wp:term":[{"taxonomy":"category","embeddable":true,"href":"https:\/\/staging.forumjustica.com.br\/es\/wp-json\/wp\/v2\/categories?post=7942"},{"taxonomy":"post_tag","embeddable":true,"href":"https:\/\/staging.forumjustica.com.br\/es\/wp-json\/wp\/v2\/tags?post=7942"},{"taxonomy":"anos","embeddable":true,"href":"https:\/\/staging.forumjustica.com.br\/es\/wp-json\/wp\/v2\/anos?post=7942"},{"taxonomy":"projetos","embeddable":true,"href":"https:\/\/staging.forumjustica.com.br\/es\/wp-json\/wp\/v2\/projetos?post=7942"},{"taxonomy":"autorias","embeddable":true,"href":"https:\/\/staging.forumjustica.com.br\/es\/wp-json\/wp\/v2\/autorias?post=7942"},{"taxonomy":"eixos_tematicos","embeddable":true,"href":"https:\/\/staging.forumjustica.com.br\/es\/wp-json\/wp\/v2\/eixos_tematicos?post=7942"},{"taxonomy":"locais","embeddable":true,"href":"https:\/\/staging.forumjustica.com.br\/es\/wp-json\/wp\/v2\/locais?post=7942"},{"taxonomy":"pessoas","embeddable":true,"href":"https:\/\/staging.forumjustica.com.br\/es\/wp-json\/wp\/v2\/pessoas?post=7942"},{"taxonomy":"estado","embeddable":true,"href":"https:\/\/staging.forumjustica.com.br\/es\/wp-json\/wp\/v2\/estado?post=7942"},{"taxonomy":"academia","embeddable":true,"href":"https:\/\/staging.forumjustica.com.br\/es\/wp-json\/wp\/v2\/academia?post=7942"},{"taxonomy":"sociedade_civil","embeddable":true,"href":"https:\/\/staging.forumjustica.com.br\/es\/wp-json\/wp\/v2\/sociedade_civil?post=7942"}],"curies":[{"name":"wp","href":"https:\/\/api.w.org\/{rel}","templated":true}]}}