{"id":7936,"date":"2014-02-28T15:47:58","date_gmt":"2014-02-28T17:47:58","guid":{"rendered":"https:\/\/forumjustica.vlannetwork.com\/?p=7936"},"modified":"2022-09-04T21:15:51","modified_gmt":"2022-09-05T00:15:51","slug":"defensoria-acompanha-visita-de-relatora-da-onu-a-comunidade-chacara-de-santo-antonio","status":"publish","type":"post","link":"https:\/\/staging.forumjustica.com.br\/es\/defensoria-acompanha-visita-de-relatora-da-onu-a-comunidade-chacara-de-santo-antonio\/","title":{"rendered":"Defensoria acompanha visita de relatora da ONU \u00e0 comunidade Ch\u00e1cara de Santo Ant\u00f4nio"},"content":{"rendered":"<p>Sexta, 21 de Fevereiro de 2014, 17h51 &#8211; \u00faltima atualiza\u00e7\u00e3o: 27\/02\/2014 11:05<\/p>\n<div>\n<p><a href=\"http:\/\/www.defensoria.ba.gov.br\/portal\/index.php?site=1&amp;modulo=eva_galeria&amp;acao=galeria_galleriffic&amp;modelo=galeria_galleriffic.htm&amp;popup=true&amp;co_cod=10626&amp;keepThis=true&amp;TB_iframe=true&amp;height=580&amp;width=800\">Galeria de Fotos<\/a><\/p>\n<\/div>\n<p>A Defensoria P\u00fablica da Bahia esteve presente, nesta sexta-feira, 21, na visita feita \u00e0 comunidade Ch\u00e1cara Santo Ant\u00f4nio pela relatora do Conselho de Direitos Humanos da ONU para o Direito \u00e0 Moradia Adequada, Raquel Rolnik. Em Salvador desde quinta-feira, ela tem visitado comunidades que s\u00e3o alvo de den\u00fancias com rela\u00e7\u00e3o a viola\u00e7\u00f5es aos direitos de moradia e se reunido com autoridades locais.<\/p>\n<p>Para o defensor p\u00fablico do N\u00facleo de Regulariza\u00e7\u00e3o Fundi\u00e1ria da DPE, Alex Raposo, \u00e9 importante que a Institui\u00e7\u00e3o esteja presente neste momento de escuta das comunidades. \u201cEstar aqui hoje mostra que n\u00f3s n\u00e3o estamos inertes aos anseios habitacionais da popula\u00e7\u00e3o soteropolitana e baiana. Tamb\u00e9m \u00e9 importante para que conhe\u00e7amos,\u00a0<em>in loco, <\/em>os problemas pelos quais a comunidade passa\u201d, conta. Ele acrescenta que essa aproxima\u00e7\u00e3o com as comunidades fornece subs\u00eddios que auxiliam na atua\u00e7\u00e3o da Institui\u00e7\u00e3o.<\/p>\n<p>A comunidade visitada pela relatora da ONU \u00e9 classificada pela\u00a0Companhia de Desenvolvimento Urbano do Estado da Bahia (CONDER) como uma \u00e1rea de risco e, por isso, os moradores teriam que deixar o local por quest\u00e3o de seguran\u00e7a. Mas, o contradit\u00f3rio \u00e9 que os moradores seriam relocados, sendo que alguns empreendimentos continuariam no local. \u201cSe os empreendimentos v\u00e3o continuar, por que os moradores que vivem aqui h\u00e1 anos e de forma consolidada n\u00e3o podem permanecer?\u201d, questiona o defensor.<\/p>\n<p>Outro problema que envolve a perman\u00eancia dos moradores na comunidade \u00e9 o tombamento da regi\u00e3o pelo Instituto do Patrim\u00f4nio Hist\u00f3rico e Art\u00edstico Nacional (IPHAN). No entanto, a integrante da\u00a0<em>Associa\u00e7\u00e3o de Moradores<\/em><em> e <\/em>Amigos do\u00a0<em>Centro<\/em> Hist\u00f3rico de Salvador (AMARCH), Nildes Sena, conta que, mesmo antes do tombamento, em 1958, a comunidade j\u00e1 existia. \u201cN\u00f3s fomos tombados junto com o Centro Antigo. Ent\u00e3o, n\u00f3s somos comunidade tradicional do Centro Antigo. Por isso n\u00e3o admitimos a possibilidade de sair daqui\u201d, protestou a tamb\u00e9m moradora da comunidade.<\/p>\n<p>A relatora da ONU explicou que as visitas que tem feito desde quinta-feira n\u00e3o s\u00e3o em car\u00e1ter de miss\u00e3o oficial. Segundo Raquel, por ano, ela escreve o relat\u00f3rio da situa\u00e7\u00e3o habitacional de dois pa\u00edses. \u201cA escrita do relat\u00f3rio demanda que eu viaje e conhe\u00e7a a realidade de todo o pa\u00eds, o que demanda muito tempo. Mas, como, relatora eu tamb\u00e9m recebo den\u00fancias quanto \u00e0 viola\u00e7\u00e3o de direitos de moradia e, a partir da\u00ed, fa\u00e7o uma atua\u00e7\u00e3o n\u00e3o oficial\u201d, explicou.<\/p>\n<p>A representante contou ter recebido muitas den\u00fancias relacionadas \u00e0 capital baiana e por isso resolveu conhecer de perto a realidade local. A partir das visitas \u00e0s comunidades, ela tem se reunido com autoridades e os governos para \u201clembr\u00e1-los dos compromissos que t\u00eam com rela\u00e7\u00e3o ao direito \u00e0 moradia\u201d. \u201cPor n\u00e3o ser uma miss\u00e3o oficial, n\u00e3o haver\u00e1 um relat\u00f3rio formal a ser apresentado \u00e0 Comiss\u00e3o [de Direitos Humanos da ONU para o Direito \u00e0 Moradia Adequada]. Mas eu vou me pronunciar publicamente quanto ao que tenho observado\u201d, contou.<\/p>\n<p>&nbsp;<\/p>\n<p><a href=\"http:\/\/www.defensoria.ba.gov.br\/portal\/index.php?site=1&amp;modulo=eva_conteudo&amp;co_cod=10626\">http:\/\/www.defensoria.ba.gov.br\/portal\/index.php?site=1&amp;modulo=eva_conteudo&amp;co_cod=10626<\/a><\/p>\n","protected":false},"excerpt":{"rendered":"<p>Sexta, 21 de Fevereiro de 2014, 17h51 &#8211; \u00faltima atualiza\u00e7\u00e3o: 27\/02\/2014 11:05 Galeria de Fotos A Defensoria P\u00fablica da Bahia esteve presente, nesta sexta-feira, 21, na visita feita \u00e0 comunidade Ch\u00e1cara Santo Ant\u00f4nio pela relatora do Conselho de Direitos Humanos da ONU para o Direito \u00e0 Moradia Adequada, Raquel Rolnik. Em Salvador desde quinta-feira, ela [&hellip;]<\/p>\n","protected":false},"author":13,"featured_media":0,"comment_status":"open","ping_status":"closed","sticky":false,"template":"","format":"standard","meta":{"inline_featured_image":false,"footnotes":""},"categories":[1],"tags":[],"anos":[],"projetos":[],"autorias":[],"eixos_tematicos":[],"locais":[],"pessoas":[],"estado":[],"academia":[],"sociedade_civil":[],"class_list":["post-7936","post","type-post","status-publish","format-standard","hentry","category-noticias"],"_links":{"self":[{"href":"https:\/\/staging.forumjustica.com.br\/es\/wp-json\/wp\/v2\/posts\/7936","targetHints":{"allow":["GET"]}}],"collection":[{"href":"https:\/\/staging.forumjustica.com.br\/es\/wp-json\/wp\/v2\/posts"}],"about":[{"href":"https:\/\/staging.forumjustica.com.br\/es\/wp-json\/wp\/v2\/types\/post"}],"author":[{"embeddable":true,"href":"https:\/\/staging.forumjustica.com.br\/es\/wp-json\/wp\/v2\/users\/13"}],"replies":[{"embeddable":true,"href":"https:\/\/staging.forumjustica.com.br\/es\/wp-json\/wp\/v2\/comments?post=7936"}],"version-history":[{"count":1,"href":"https:\/\/staging.forumjustica.com.br\/es\/wp-json\/wp\/v2\/posts\/7936\/revisions"}],"predecessor-version":[{"id":17379,"href":"https:\/\/staging.forumjustica.com.br\/es\/wp-json\/wp\/v2\/posts\/7936\/revisions\/17379"}],"wp:attachment":[{"href":"https:\/\/staging.forumjustica.com.br\/es\/wp-json\/wp\/v2\/media?parent=7936"}],"wp:term":[{"taxonomy":"category","embeddable":true,"href":"https:\/\/staging.forumjustica.com.br\/es\/wp-json\/wp\/v2\/categories?post=7936"},{"taxonomy":"post_tag","embeddable":true,"href":"https:\/\/staging.forumjustica.com.br\/es\/wp-json\/wp\/v2\/tags?post=7936"},{"taxonomy":"anos","embeddable":true,"href":"https:\/\/staging.forumjustica.com.br\/es\/wp-json\/wp\/v2\/anos?post=7936"},{"taxonomy":"projetos","embeddable":true,"href":"https:\/\/staging.forumjustica.com.br\/es\/wp-json\/wp\/v2\/projetos?post=7936"},{"taxonomy":"autorias","embeddable":true,"href":"https:\/\/staging.forumjustica.com.br\/es\/wp-json\/wp\/v2\/autorias?post=7936"},{"taxonomy":"eixos_tematicos","embeddable":true,"href":"https:\/\/staging.forumjustica.com.br\/es\/wp-json\/wp\/v2\/eixos_tematicos?post=7936"},{"taxonomy":"locais","embeddable":true,"href":"https:\/\/staging.forumjustica.com.br\/es\/wp-json\/wp\/v2\/locais?post=7936"},{"taxonomy":"pessoas","embeddable":true,"href":"https:\/\/staging.forumjustica.com.br\/es\/wp-json\/wp\/v2\/pessoas?post=7936"},{"taxonomy":"estado","embeddable":true,"href":"https:\/\/staging.forumjustica.com.br\/es\/wp-json\/wp\/v2\/estado?post=7936"},{"taxonomy":"academia","embeddable":true,"href":"https:\/\/staging.forumjustica.com.br\/es\/wp-json\/wp\/v2\/academia?post=7936"},{"taxonomy":"sociedade_civil","embeddable":true,"href":"https:\/\/staging.forumjustica.com.br\/es\/wp-json\/wp\/v2\/sociedade_civil?post=7936"}],"curies":[{"name":"wp","href":"https:\/\/api.w.org\/{rel}","templated":true}]}}