{"id":7915,"date":"2014-02-20T09:00:21","date_gmt":"2014-02-20T11:00:21","guid":{"rendered":"https:\/\/forumjustica.vlannetwork.com\/?p=7915"},"modified":"2022-09-04T21:15:51","modified_gmt":"2022-09-05T00:15:51","slug":"premio-justica-para-todas-e-todos-josephina-bacarica-edicao-2014-abertura-de-inscricoes","status":"publish","type":"post","link":"https:\/\/staging.forumjustica.com.br\/es\/premio-justica-para-todas-e-todos-josephina-bacarica-edicao-2014-abertura-de-inscricoes\/","title":{"rendered":"Pr\u00eamio &quot;Justi\u00e7a para Todas e Todos &#8211; Josephina Bacari\u00e7a&quot;, Edi\u00e7\u00e3o 2014: Abertura de inscri\u00e7\u00f5es"},"content":{"rendered":"<p><a href=\"https:\/\/staging.forumjustica.com.br\/wp-content\/uploads\/2014\/02\/image0011.jpg\"><img loading=\"lazy\" decoding=\"async\" class=\"aligncenter size-full wp-image-7923\" title=\"image001\" src=\"https:\/\/staging.forumjustica.com.br\/wp-content\/uploads\/2014\/02\/image0011.jpg\" alt=\"\" width=\"368\" height=\"128\" \/><\/a><\/p>\n<p><strong>EDITAL<span style=\"text-decoration: underline;\"> <\/span><span style=\"text-decoration: underline;\"> <\/span><\/strong><\/p>\n<p><strong>A partir desta quarta, 19\/2, Ouvidoria recebe inscri\u00e7\u00f5es para o Pr\u00eamio \u201cJusti\u00e7a para Todas e Todos \u2013\u00a0<em>Josephina Bacari\u00e7a<\/em>\u201d<span style=\"text-decoration: underline;\"> <\/span><span style=\"text-decoration: underline;\"> <\/span><\/strong><\/p>\n<p><em><br \/>\n<\/em><em>At\u00e9 6\/3 sociedade civil e integrantes da Defensoria podem enviar indica\u00e7\u00f5es e inscri\u00e7\u00f5es para o Pr\u00eamio, que conta com tr\u00eas categorias: Defensores\/as, Servidores\/as e \u00d3rg\u00e3os da institui\u00e7\u00e3o que tenham alcan\u00e7ado destacado impacto social.<span style=\"text-decoration: underline;\"> <\/span><span style=\"text-decoration: underline;\"> <\/span><\/em><\/p>\n<p>De 19 de fevereiro a 6 de mar\u00e7o est\u00e1 aberto o prazo para envio de indica\u00e7\u00f5es e inscri\u00e7\u00f5es para a edi\u00e7\u00e3o 2014 do\u00a0<strong>Pr\u00eamio \u201cJusti\u00e7a para Todas e Todos \u2013\u00a0<em>Josephina Bacari\u00e7a<\/em>\u201d<\/strong>, promovido pela Ouvidoria-Geral da Defensoria P\u00fablica do Estado de S\u00e3o Paulo.<span style=\"text-decoration: underline;\"> <\/span><\/p>\n<p>Qualquer pessoa pode preencher o formul\u00e1rio que est\u00e1 dispon\u00edvel junto com o Edital do pr\u00eamio no site da Ouvidoria-Geral (<strong><span style=\"text-decoration: underline;\"><a href=\"http:\/\/www.defensoria.sp.gov.br\/dpesp\/Repositorio\/23\/Documentos\/2014.02_ABERTURA_INSCRICOES_Edicao2014_LZ.doc\" target=\"_blank\" rel=\"noopener\">acesse por este link<\/a><\/span><\/strong>) e enviar para o e-mail indicado, recomendando uma pr\u00e1tica realizada por Defensora ou Defensor, Servidora ou Servidor ou por um \u00d3rg\u00e3o da Defensoria que tenha alcan\u00e7ado\u00a0relevante\u00a0impacto social.<\/p>\n<p>As premiadas e\/ou premiados ser\u00e3o escolhidos pelo Conselho Consultivo da Ouvidoria-Geral, que \u00e9 composto por representantes da sociedade civil. O Conselho avaliar\u00e1 a relev\u00e2ncia dos trabalhos inscritos, levando em conta sua colabora\u00e7\u00e3o para a constru\u00e7\u00e3o de uma sociedade mais livre, justa e solid\u00e1ria, bem como a contribui\u00e7\u00e3o para a erradica\u00e7\u00e3o da pobreza e redu\u00e7\u00e3o das desigualdades sociais e para a melhoria, amplia\u00e7\u00e3o, diversifica\u00e7\u00e3o ou desburocratiza\u00e7\u00e3o do acesso \u00e0 justi\u00e7a.<\/p>\n<p>A premia\u00e7\u00e3o acontecer\u00e1 na noite de 8 de maio, data pr\u00f3xima ao Dia Nacional do Defensor P\u00fablico.\u00a0<strong>O evento contar\u00e1 com o apoio da Cia. Pessoal do Faroeste<\/strong>, companhia de teatro que atua na regi\u00e3o da Luz, no centro de S\u00e3o Paulo, e integra o Conselho Consultivo da Ouvidoria-Geral. Os resultados do pr\u00eamio ser\u00e3o divulgados no dia 25 de abril.<\/p>\n<p>\u00a0<\/p>\n<p><strong>Pr\u00eamio Josephina Bacari\u00e7a<\/strong><\/p>\n<table border=\"0\" cellspacing=\"0\" cellpadding=\"0\">\n<tbody>\n<tr>\n<td width=\"161\" valign=\"top\">\u00a0<\/p>\n<p><em>Josephina Bacari\u00e7a, em 2006, ao receber pr\u00eamio<br \/>\nna Assembleia Legislativa.<br \/>\n(Foto: ASCOM\/ALESP)<\/em><\/td>\n<td width=\"967\" valign=\"top\">O Pr\u00eamio \u201cJusti\u00e7a para Todas e Todos\u201d, que desde 2008 \u00e9 realizado pela Ouvidoria, este ano passa a homenagear, em seu nome, a militante Josephina Bacari\u00e7a, que dedicou sua vida \u00e0 promo\u00e7\u00e3o e defesa dos direitos humanos.<br \/>\nJosy, como era conhecida, teve destacada atua\u00e7\u00e3o no desenho de um modelo novo de Defensoria P\u00fablica para o Estado de S\u00e3o Paulo, junto com o Movimento pela Defensoria, e colaborou para apr\u00f3pria consolida\u00e7\u00e3o da Ouvidoria\u00a0Externa como mecanismo de fomento \u00e0 participa\u00e7\u00e3o e controle social.<\/td>\n<\/tr>\n<\/tbody>\n<\/table>\n<p><strong><br \/>\n<\/strong>Para saber mais sobre as\u00a0<strong>edi\u00e7\u00f5es anteriores do Pr\u00eamio<\/strong>, acesse tamb\u00e9m:<strong> <\/strong><a href=\"http:\/\/bit.ly\/OGDPESP_Premio_JPT\" target=\"_blank\" rel=\"noopener\">http:\/\/bit.ly\/OGDPESP_Premio_JPT<\/a><strong> <\/strong><strong> <\/strong><strong> <\/strong><\/p>\n<p><strong> <\/strong><\/p>\n<p><strong><span style=\"text-decoration: underline;\">Servi\u00e7o<\/span><\/strong><strong>: <\/strong><strong>Pr\u00eamio \u201cJusti\u00e7a para Todas e Todos \u2013\u00a0<em>Josephina Bacari\u00e7a<\/em>\u201d<\/strong><strong> <\/strong><br \/>\n<strong>Prazo para inscri\u00e7\u00f5es:<\/strong> <strong>de 19\/2 a 6\/3\/2014<\/strong><br \/>\n<strong>Divulga\u00e7\u00e3o do resultado:<\/strong> 25\/4\/2014<\/p>\n<p><strong>Premia\u00e7\u00e3o:<\/strong> 8\/5\/2014<\/p>\n<p><strong>Como se inscrever ou fazer uma indica\u00e7\u00e3o<\/strong><strong>*<\/strong><strong>*:<\/strong><br \/>\n<strong> <\/strong><\/p>\n<ul>\n<li>acesse o Edital e o formul\u00e1rio no link\u00a0<a href=\"http:\/\/bit.ly\/Edital_PremioJPT2014\" target=\"_blank\" rel=\"noopener\">http:\/\/bit.ly\/Edital_PremioJPT2014<\/a><span style=\"text-decoration: underline;\"> <\/span><\/li>\n<li>envie o formul\u00e1rio para\u00a0<span style=\"text-decoration: underline;\"><a href=\"mailto:ouvidoria@defensoria.sp.gov.br\" target=\"_blank\" rel=\"noopener\">ouvidoria@defensoria.sp.gov.br<\/a><\/span><\/li>\n<\/ul>\n<p><strong><span style=\"text-decoration: underline;\">*<\/span><\/strong><strong><span style=\"text-decoration: underline;\">*<\/span><\/strong><strong> <\/strong><strong><em>N\u00e3o \u00e9 necess\u00e1rio ser integrante da Defensoria para enviar indica\u00e7\u00f5es.<\/em><\/strong><\/p>\n<p><strong><em> <\/em><\/strong><\/p>\n<table border=\"0\" cellspacing=\"0\" cellpadding=\"0\">\n<tbody>\n<tr>\n<td width=\"64\" valign=\"top\"><strong><\/p>\n<p>Apoio:<\/strong><\/p>\n<p><strong> <\/strong><\/td>\n<td width=\"512\" valign=\"top\"><strong> <\/strong><\/td>\n<\/tr>\n<\/tbody>\n<\/table>\n<p><strong> <\/strong><strong> <\/strong><\/p>\n<p><strong><br \/>\nSaiba mais e acompanhe<\/strong><\/p>\n<p><strong> <\/strong><\/p>\n<p><strong>Acesse a p\u00e1gina da <\/strong><strong><a href=\"http:\/\/www.defensoria.sp.gov.br\/dpesp\/Default.aspx?idPagina=2881\" target=\"_blank\" rel=\"noopener\">Ouvidoria<\/a> <\/strong><strong>na internet<\/strong><\/p>\n<p><strong>Acompanhe a Ouvidoria nas redes sociais:<\/strong><\/p>\n<p><strong> <\/strong><\/p>\n<table border=\"0\" cellspacing=\"0\" cellpadding=\"0\">\n<tbody>\n<tr>\n<td width=\"73\" valign=\"top\">\u00a0<\/td>\n<td width=\"66\" valign=\"top\">\u00a0<\/td>\n<td width=\"66\" valign=\"top\">\u00a0<\/td>\n<td width=\"64\" valign=\"top\">\u00a0<\/td>\n<\/tr>\n<tr>\n<td width=\"73\" valign=\"top\"><strong><a href=\"http:\/\/twitter.com\/OuvidoriaDPESP\" target=\"_blank\" rel=\"noopener\">Twitter<\/a><\/strong><strong> <\/strong><\/td>\n<td width=\"66\" valign=\"top\"><strong><a href=\"http:\/\/www.facebook.com\/OuvidoriaGeralDPESP\" target=\"_blank\" rel=\"noopener\">Facebook<\/a><\/strong><strong> <\/strong><\/td>\n<td width=\"66\" valign=\"top\"><strong><a href=\"http:\/\/www.google.com.br\/url?q=https:\/\/plus.google.com\/113102332890543892397\/photos&#038;sa=U&#038;ei=goNpUvvjBcqrkAeL8oB4&#038;ved=0CCMQFjAD&#038;sig2=Wd4HCdC40jibCGkDbF75yw&#038;usg=AFQjCNG3dCbeOxAgnCFAZZ6eKD-IigHRdQ\" target=\"_blank\" rel=\"noopener\">Google +<\/a><\/strong><strong> <\/strong><\/td>\n<td width=\"64\" valign=\"top\"><strong><a href=\"http:\/\/www.youtube.com\/OuvidoriaGeralDPESP\" target=\"_blank\" rel=\"noopener\">Youtube<\/a><\/strong><strong> <\/strong><\/td>\n<\/tr>\n<\/tbody>\n<\/table>\n<p>\u00a0<\/p>\n<p><em><br \/>\n*Vers\u00e3o aberta tamb\u00e9m dispon\u00edvel no site da Ouvidoria, na p\u00e1gina de Boletins Informativos: <\/em><em><a href=\"http:\/\/bit.ly\/OGDPESP_Boletins\" target=\"_blank\" rel=\"noopener\">http:\/\/bit.ly\/OGDPESP_Boletins<\/a><\/em><strong> <\/strong><\/p>\n<p><strong> <\/strong><\/p>\n<p><strong> <\/strong><\/p>\n<p><strong>Equipe da Ouvidoria-Geral<\/strong><\/p>\n<p><strong> <\/strong><\/p>\n<table border=\"0\" cellspacing=\"0\" cellpadding=\"0\" width=\"517\">\n<tbody>\n<tr>\n<td width=\"272\" valign=\"top\">Ouvidora-Geral<\/td>\n<td width=\"246\" valign=\"top\">Luciana Zaffalon<\/td>\n<\/tr>\n<tr>\n<td width=\"272\" valign=\"top\">Assessora T\u00e9cnica<\/p>\n<p>Assistente T\u00e9cnica II<\/td>\n<td width=\"246\" valign=\"top\">Cristina Uch\u00f4a<\/p>\n<p>Fernanda Barbosa Euflauzino<\/td>\n<\/tr>\n<tr>\n<td width=\"272\" valign=\"top\">Assistente T\u00e9cnica I<\/p>\n<p>Assistente T\u00e9cnico I<\/td>\n<td width=\"246\" valign=\"top\">Fabiana Borin<\/p>\n<p>Paulo C\u00e9sar Malvezzi Filho<\/td>\n<\/tr>\n<tr>\n<td width=\"272\" valign=\"top\">Agente de Defensoria<\/p>\n<p>Oficial de Defensoria<\/td>\n<td width=\"246\" valign=\"top\">Priscila Rodrigues<\/p>\n<p>Caio Martins<\/td>\n<\/tr>\n<tr>\n<td width=\"272\" valign=\"top\">Oficiala de Defensoria<\/td>\n<td width=\"246\" valign=\"top\">Maria Cristina Salerno<\/td>\n<\/tr>\n<tr>\n<td width=\"272\" valign=\"top\">Oficial de Defensoria<\/td>\n<td width=\"246\" valign=\"top\">Pacelli Cartaxo Bastos<\/td>\n<\/tr>\n<tr>\n<td width=\"272\" valign=\"top\">Oficial de Defensoria<\/td>\n<td width=\"246\" valign=\"top\">Roberto Santos<\/td>\n<\/tr>\n<tr>\n<td width=\"272\" valign=\"top\">Estagi\u00e1ria de Administra\u00e7\u00e3o<\/td>\n<td width=\"246\" valign=\"top\">Antonia Gomes de Oliveira<\/td>\n<\/tr>\n<tr>\n<td width=\"272\" valign=\"top\">Estagi\u00e1ria de Comunica\u00e7\u00e3o<\/p>\n<p>Estagi\u00e1rio de Ensino M\u00e9dio<\/td>\n<td width=\"246\" valign=\"top\">Karoline Lopes<br \/>\nHigor Silva<\/td>\n<\/tr>\n<\/tbody>\n<\/table>\n<p>\u00a0<\/p>","protected":false},"excerpt":{"rendered":"<p>EDITAL A partir desta quarta, 19\/2, Ouvidoria recebe inscri\u00e7\u00f5es para o Pr\u00eamio \u201cJusti\u00e7a para Todas e Todos \u2013\u00a0Josephina Bacari\u00e7a\u201d At\u00e9 6\/3 sociedade civil e integrantes da Defensoria podem enviar indica\u00e7\u00f5es e inscri\u00e7\u00f5es para o Pr\u00eamio, que conta com tr\u00eas categorias: Defensores\/as, Servidores\/as e \u00d3rg\u00e3os da institui\u00e7\u00e3o que tenham alcan\u00e7ado destacado impacto social. De 19 de [&hellip;]<\/p>\n","protected":false},"author":13,"featured_media":0,"comment_status":"open","ping_status":"closed","sticky":false,"template":"","format":"standard","meta":{"inline_featured_image":false,"footnotes":""},"categories":[1],"tags":[],"anos":[],"projetos":[],"autorias":[],"eixos_tematicos":[],"locais":[],"pessoas":[],"estado":[],"academia":[],"sociedade_civil":[],"class_list":["post-7915","post","type-post","status-publish","format-standard","hentry","category-noticias"],"_links":{"self":[{"href":"https:\/\/staging.forumjustica.com.br\/es\/wp-json\/wp\/v2\/posts\/7915","targetHints":{"allow":["GET"]}}],"collection":[{"href":"https:\/\/staging.forumjustica.com.br\/es\/wp-json\/wp\/v2\/posts"}],"about":[{"href":"https:\/\/staging.forumjustica.com.br\/es\/wp-json\/wp\/v2\/types\/post"}],"author":[{"embeddable":true,"href":"https:\/\/staging.forumjustica.com.br\/es\/wp-json\/wp\/v2\/users\/13"}],"replies":[{"embeddable":true,"href":"https:\/\/staging.forumjustica.com.br\/es\/wp-json\/wp\/v2\/comments?post=7915"}],"version-history":[{"count":1,"href":"https:\/\/staging.forumjustica.com.br\/es\/wp-json\/wp\/v2\/posts\/7915\/revisions"}],"predecessor-version":[{"id":17381,"href":"https:\/\/staging.forumjustica.com.br\/es\/wp-json\/wp\/v2\/posts\/7915\/revisions\/17381"}],"wp:attachment":[{"href":"https:\/\/staging.forumjustica.com.br\/es\/wp-json\/wp\/v2\/media?parent=7915"}],"wp:term":[{"taxonomy":"category","embeddable":true,"href":"https:\/\/staging.forumjustica.com.br\/es\/wp-json\/wp\/v2\/categories?post=7915"},{"taxonomy":"post_tag","embeddable":true,"href":"https:\/\/staging.forumjustica.com.br\/es\/wp-json\/wp\/v2\/tags?post=7915"},{"taxonomy":"anos","embeddable":true,"href":"https:\/\/staging.forumjustica.com.br\/es\/wp-json\/wp\/v2\/anos?post=7915"},{"taxonomy":"projetos","embeddable":true,"href":"https:\/\/staging.forumjustica.com.br\/es\/wp-json\/wp\/v2\/projetos?post=7915"},{"taxonomy":"autorias","embeddable":true,"href":"https:\/\/staging.forumjustica.com.br\/es\/wp-json\/wp\/v2\/autorias?post=7915"},{"taxonomy":"eixos_tematicos","embeddable":true,"href":"https:\/\/staging.forumjustica.com.br\/es\/wp-json\/wp\/v2\/eixos_tematicos?post=7915"},{"taxonomy":"locais","embeddable":true,"href":"https:\/\/staging.forumjustica.com.br\/es\/wp-json\/wp\/v2\/locais?post=7915"},{"taxonomy":"pessoas","embeddable":true,"href":"https:\/\/staging.forumjustica.com.br\/es\/wp-json\/wp\/v2\/pessoas?post=7915"},{"taxonomy":"estado","embeddable":true,"href":"https:\/\/staging.forumjustica.com.br\/es\/wp-json\/wp\/v2\/estado?post=7915"},{"taxonomy":"academia","embeddable":true,"href":"https:\/\/staging.forumjustica.com.br\/es\/wp-json\/wp\/v2\/academia?post=7915"},{"taxonomy":"sociedade_civil","embeddable":true,"href":"https:\/\/staging.forumjustica.com.br\/es\/wp-json\/wp\/v2\/sociedade_civil?post=7915"}],"curies":[{"name":"wp","href":"https:\/\/api.w.org\/{rel}","templated":true}]}}