{"id":7894,"date":"2014-02-07T13:20:38","date_gmt":"2014-02-07T15:20:38","guid":{"rendered":"https:\/\/forumjustica.vlannetwork.com\/?p=7894"},"modified":"2022-09-04T21:15:51","modified_gmt":"2022-09-05T00:15:51","slug":"das-gargalheiras-e-do-racismo-no-brasil-de-hoje","status":"publish","type":"post","link":"https:\/\/staging.forumjustica.com.br\/es\/das-gargalheiras-e-do-racismo-no-brasil-de-hoje\/","title":{"rendered":"Das gargalheiras e do racismo no Brasil de hoje"},"content":{"rendered":"<p>5 DE FEVEREIRO DE 2014 \u2022 10H37DESTAQUE<\/p>\n<p><a href=\"https:\/\/staging.forumjustica.com.br\/wp-content\/uploads\/2014\/02\/slave_shed_at_Masankusu-1024x458-1.png\"><img loading=\"lazy\" decoding=\"async\" class=\"alignnone size-full wp-image-10229\" src=\"https:\/\/staging.forumjustica.com.br\/wp-content\/uploads\/2014\/02\/slave_shed_at_Masankusu-1024x458-1.png\" alt=\"slave_shed_at_Masankusu-1024x458\" width=\"1024\" height=\"458\" srcset=\"https:\/\/staging.forumjustica.com.br\/wp-content\/uploads\/2014\/02\/slave_shed_at_Masankusu-1024x458-1.png 1024w, https:\/\/staging.forumjustica.com.br\/wp-content\/uploads\/2014\/02\/slave_shed_at_Masankusu-1024x458-1-300x134.png 300w, https:\/\/staging.forumjustica.com.br\/wp-content\/uploads\/2014\/02\/slave_shed_at_Masankusu-1024x458-1-768x344.png 768w\" sizes=\"auto, (max-width: 1024px) 100vw, 1024px\" \/><\/a><\/p>\n<p style=\"text-align: center;\">\n<p>Jovem negro \u00e9 espancado, tem a orelha cortada \u00e0 faca, a roupa arrancada e \u00e9 preso pelo pesco\u00e7o a um poste, nu, em plena via p\u00fablica. Seus algozes: tr\u00eas homens que chegaram de moto, mascarados e identificados pelo adolescente como \u201cjusticeiros\u201d.<\/p>\n<p>A ocorr\u00eancia parece extra\u00edda das p\u00e1ginas de um livro de hist\u00f3ria do Brasil relativas ao per\u00edodo da escravatura, ao relatar t\u00e9cnicas de puni\u00e7\u00e3o aos escravos fugitivos (como a gargalheira ou a golilha), mas n\u00e3o o foi: ocorreu na noite da \u00faltima sexta-feira, 31 de janeiro de 2014, na Avenida Rui Barbosa, no bairro do Flamengo, Zona Sul da cidade do Rio de Janeiro.<\/p>\n<p>O Quartel de Bombeiros do Catete foi acionado por uma moradora do bairro para cerrar a tranca de bicicleta que prendia o rapaz, que depois foi levado para o hospital municipal Souza Aguiar.<\/p>\n<p>Racismo e faxina \u00e9tnica na esteira das viola\u00e7\u00f5es do \u201cRio ol\u00edmpico\u201d \u2013 onde uma secretaria municipal realiza o recolhimento compuls\u00f3rio de moradores de rua e onde uma vereadora declara que \u201cmendigos n\u00e3o t\u00eam direito de cidad\u00e3o\u201d.<\/p>\n<p>\u00c9 esse mesmo racismo que produziu e atualiza as desigualdades e opress\u00f5es constituintes da sociedade brasileira. Racismo institucional que atravessa a dificuldade de acesso \u00e0 justi\u00e7a, que retroalimenta o encerramento da popula\u00e7\u00e3o negra em \u201cpres\u00eddios-currais\u201d, que sustenta a diferen\u00e7a salarial ainda persistente (de acordo com pesquisa recente do IBGE os negros ganham em m\u00e9dia 57,4% do sal\u00e1rio dos brancos) e que mascara sob a farsa da democracia racial a nega\u00e7\u00e3o de direitos como acesso \u00e0 educa\u00e7\u00e3o, \u00e0 moradia e \u00e0 sa\u00fade.<\/p>\n<p>N\u00e3o h\u00e1 viol\u00eancia que possa ser justificada a partir de estat\u00edsticas sobre roubos e furtos. Enquanto se defende a propriedade privada, corpos negros se amontoam nos pres\u00eddios, s\u00e3o exterminados em opera\u00e7\u00f5es militarizadas e, agora, acorrentados em postes no bairro do Flamengo.<\/p>\n<p>Furto n\u00e3o justifica tortura. Na segunda-feira 03 de fevereiro, foi aberto um inqu\u00e9rito para apurar os fatos ante a 9\u00aa Delegacia de Pol\u00edcia e na madrugada da ter\u00e7a-feira foram presos (e posteriormente liberados mediante fian\u00e7a) 14 suspeitos de integrarem o grupo de \u201cjusticeiros\u201d.<\/p>\n<p>A vontade de fazer justi\u00e7a com as pr\u00f3prias m\u00e3os \u00e9 a base para viol\u00eancias e viola\u00e7\u00f5es variadas, que se estendem desde a a\u00e7\u00e3o de tr\u00eas rapazes brancos e moradores da zona sul \u00e0s a\u00e7\u00f5es de grupos de exterm\u00ednio e mil\u00edcias na zona oeste e na baixada fluminense, bem como as execu\u00e7\u00f5es sum\u00e1rias dos jovens negros moradores de favelas e periferias urbanas perpetradas pela Pol\u00edcia Militar do Estado do Rio de Janeiro.<\/p>\n<p>Por isso nas ruas o grito que a cada dia ganha mais for\u00e7a: \u201cN\u00e3o acabou, tem que acabar: eu quero o fim da Pol\u00edcia Militar\u201d.<\/p>\n<p>Pela desmilitariza\u00e7\u00e3o da seguran\u00e7a p\u00fablica, pelo enfrentamento do racismo institucional, dos justi\u00e7amentos, da tortura e das execu\u00e7\u00f5es.<\/p>\n<p>Fascistas, racistas: n\u00e3o passar\u00e3o!<\/p>\n<p><a href=\"http:\/\/global.org.br\/programas\/das-gargalheiras-e-do-racismo-no-brasil-de-hoje\/\">http:\/\/global.org.br\/programas\/das-gargalheiras-e-do-racismo-no-brasil-de-hoje\/<\/a><\/p>","protected":false},"excerpt":{"rendered":"<p>5 DE FEVEREIRO DE 2014 \u2022 10H37DESTAQUE Jovem negro \u00e9 espancado, tem a orelha cortada \u00e0 faca, a roupa arrancada e \u00e9 preso pelo pesco\u00e7o a um poste, nu, em plena via p\u00fablica. Seus algozes: tr\u00eas homens que chegaram de moto, mascarados e identificados pelo adolescente como \u201cjusticeiros\u201d. A ocorr\u00eancia parece extra\u00edda das p\u00e1ginas de [&hellip;]<\/p>\n","protected":false},"author":13,"featured_media":0,"comment_status":"open","ping_status":"closed","sticky":false,"template":"","format":"standard","meta":{"inline_featured_image":false,"footnotes":""},"categories":[1],"tags":[],"anos":[],"projetos":[],"autorias":[],"eixos_tematicos":[],"locais":[],"pessoas":[],"estado":[],"academia":[],"sociedade_civil":[],"class_list":["post-7894","post","type-post","status-publish","format-standard","hentry","category-noticias"],"_links":{"self":[{"href":"https:\/\/staging.forumjustica.com.br\/es\/wp-json\/wp\/v2\/posts\/7894","targetHints":{"allow":["GET"]}}],"collection":[{"href":"https:\/\/staging.forumjustica.com.br\/es\/wp-json\/wp\/v2\/posts"}],"about":[{"href":"https:\/\/staging.forumjustica.com.br\/es\/wp-json\/wp\/v2\/types\/post"}],"author":[{"embeddable":true,"href":"https:\/\/staging.forumjustica.com.br\/es\/wp-json\/wp\/v2\/users\/13"}],"replies":[{"embeddable":true,"href":"https:\/\/staging.forumjustica.com.br\/es\/wp-json\/wp\/v2\/comments?post=7894"}],"version-history":[{"count":1,"href":"https:\/\/staging.forumjustica.com.br\/es\/wp-json\/wp\/v2\/posts\/7894\/revisions"}],"predecessor-version":[{"id":17386,"href":"https:\/\/staging.forumjustica.com.br\/es\/wp-json\/wp\/v2\/posts\/7894\/revisions\/17386"}],"wp:attachment":[{"href":"https:\/\/staging.forumjustica.com.br\/es\/wp-json\/wp\/v2\/media?parent=7894"}],"wp:term":[{"taxonomy":"category","embeddable":true,"href":"https:\/\/staging.forumjustica.com.br\/es\/wp-json\/wp\/v2\/categories?post=7894"},{"taxonomy":"post_tag","embeddable":true,"href":"https:\/\/staging.forumjustica.com.br\/es\/wp-json\/wp\/v2\/tags?post=7894"},{"taxonomy":"anos","embeddable":true,"href":"https:\/\/staging.forumjustica.com.br\/es\/wp-json\/wp\/v2\/anos?post=7894"},{"taxonomy":"projetos","embeddable":true,"href":"https:\/\/staging.forumjustica.com.br\/es\/wp-json\/wp\/v2\/projetos?post=7894"},{"taxonomy":"autorias","embeddable":true,"href":"https:\/\/staging.forumjustica.com.br\/es\/wp-json\/wp\/v2\/autorias?post=7894"},{"taxonomy":"eixos_tematicos","embeddable":true,"href":"https:\/\/staging.forumjustica.com.br\/es\/wp-json\/wp\/v2\/eixos_tematicos?post=7894"},{"taxonomy":"locais","embeddable":true,"href":"https:\/\/staging.forumjustica.com.br\/es\/wp-json\/wp\/v2\/locais?post=7894"},{"taxonomy":"pessoas","embeddable":true,"href":"https:\/\/staging.forumjustica.com.br\/es\/wp-json\/wp\/v2\/pessoas?post=7894"},{"taxonomy":"estado","embeddable":true,"href":"https:\/\/staging.forumjustica.com.br\/es\/wp-json\/wp\/v2\/estado?post=7894"},{"taxonomy":"academia","embeddable":true,"href":"https:\/\/staging.forumjustica.com.br\/es\/wp-json\/wp\/v2\/academia?post=7894"},{"taxonomy":"sociedade_civil","embeddable":true,"href":"https:\/\/staging.forumjustica.com.br\/es\/wp-json\/wp\/v2\/sociedade_civil?post=7894"}],"curies":[{"name":"wp","href":"https:\/\/api.w.org\/{rel}","templated":true}]}}