{"id":7866,"date":"2014-02-06T19:24:07","date_gmt":"2014-02-06T21:24:07","guid":{"rendered":"https:\/\/forumjustica.vlannetwork.com\/?p=7866"},"modified":"2022-09-04T21:15:51","modified_gmt":"2022-09-05T00:15:51","slug":"audiencias-publicas-em-7-e-12-de-fevereiro-promovem-debates-sobre-areas-de-atuacao-da-defensoria","status":"publish","type":"post","link":"https:\/\/staging.forumjustica.com.br\/es\/audiencias-publicas-em-7-e-12-de-fevereiro-promovem-debates-sobre-areas-de-atuacao-da-defensoria\/","title":{"rendered":"Audi\u00eancias P\u00fablicas em 7 e 12 de fevereiro promovem debates sobre \u00e1reas de atua\u00e7\u00e3o da Defensoria"},"content":{"rendered":"<p>\u00a0<\/p>\n<p><a href=\"https:\/\/staging.forumjustica.com.br\/wp-content\/uploads\/2014\/11\/unnamed-4.jpg\"><img loading=\"lazy\" decoding=\"async\" class=\" size-full wp-image-10062 alignleft\" src=\"https:\/\/staging.forumjustica.com.br\/wp-content\/uploads\/2014\/11\/unnamed-4.jpg\" alt=\"unnamed-4\" width=\"367\" height=\"120\" srcset=\"https:\/\/staging.forumjustica.com.br\/wp-content\/uploads\/2014\/11\/unnamed-4.jpg 367w, https:\/\/staging.forumjustica.com.br\/wp-content\/uploads\/2014\/11\/unnamed-4-300x98.jpg 300w\" sizes=\"auto, (max-width: 367px) 100vw, 367px\" \/><\/a><\/p>\n<p><strong>PARTICIPE<\/strong><\/p>\n<p><strong>Audi\u00eancias P\u00fablicas em 7 e 12 de fevereiro promovem debates sobre \u00e1reas de atua\u00e7\u00e3o da Defensoria <\/strong><\/p>\n<p><em><br \/>\n<\/em><em>Na sexta-feira, 7, N\u00facleo Especializado de Promo\u00e7\u00e3o e Defesa dos Direitos da Mulher discute sua atua\u00e7\u00e3o, e na ter\u00e7a, 12, evento em Santo Andr\u00e9 conta com Defensoria local para abordar pr\u00e1tica da revista \u00edntima na Funda\u00e7\u00e3o Casa. <\/em><\/p>\n<p>Neste m\u00eas de fevereiro, duas Audi\u00eancias P\u00fablicas est\u00e3o agendadas para que a sociedade civil d\u00ea continuidade ao di\u00e1logo com a Defensoria sobre propostas aprovadas nos Ciclos de Confer\u00eancias da institui\u00e7\u00e3o, buscando o aprimoramento de sua atua\u00e7\u00e3o e da formula\u00e7\u00e3o de estrat\u00e9gias conjuntas para a defesa de direitos no Estado de S\u00e3o Paulo. Para participar, n\u00e3o \u00e9 necess\u00e1ria inscri\u00e7\u00e3o pr\u00e9via. Compare\u00e7a e divulgue!<\/p>\n<p>\u00a0<\/p>\n<p><strong><span style=\"text-decoration: underline;\">7\/2 (sexta): Direitos da Mulher e Ciclo de Confer\u00eancias<\/span><\/strong><\/p>\n<p>\u00a0<\/p>\n<p><strong><br \/>\nSexta-feira, 7, \u00e0s 9h, em S\u00e3o Paulo<\/strong>, o\u00a0<strong>N\u00facleo<\/strong> Especializado de Promo\u00e7\u00e3o e Defesa dos\u00a0<strong>Direitos da Mulher<\/strong> realizar\u00a0<strong>debate p\u00fablico sobre sua atua\u00e7\u00e3o<\/strong>, considerando as\u00a0<strong>propostas aprovadas por participantes dos Ciclos de Confer\u00eancias da Defensoria sobre esse tema<\/strong>.<\/p>\n<p><a href=\"https:\/\/staging.forumjustica.com.br\/wp-content\/uploads\/2014\/02\/image004.jpg\"><img loading=\"lazy\" decoding=\"async\" class=\"alignleft size-full wp-image-7876\" title=\"image004\" src=\"https:\/\/staging.forumjustica.com.br\/wp-content\/uploads\/2014\/02\/image004.jpg\" alt=\"\" width=\"201\" height=\"141\" \/><\/a><\/p>\n<p><strong><em><a href=\"http:\/\/www.defensoria.sp.gov.br\/dpesp\/Conteudos\/Noticias\/NoticiaMostra.aspx?idItem=49126&#038;idPagina=3260\" target=\"_blank\" rel=\"noopener\">Clique aqui para saber mais<\/a><\/em><\/strong><\/p>\n<p>\u00a0<\/p>\n<p>\u00a0<\/p>\n<p>\u00a0<\/p>\n<p>\u00a0<\/p>\n<p><strong><span style=\"text-decoration: underline;\"><br \/>\n12\/2 (quarta):<br \/>\nRevista \u00edntima na Funda\u00e7\u00e3o Casa em Santo Andr\u00e9<\/span><\/strong><\/p>\n<p>Na manh\u00e3 de\u00a0<strong>quarta, 12,<\/strong> a 1\u00aa Defensoria P\u00fablica da Unidade Santo Andr\u00e9 realiza, em parceria com o Conselho Municipal de Direitos da Crian\u00e7a e do Adolescente, debate sobre a\u00a0<strong>revista \u00edntima na Funda\u00e7\u00e3o Casa<\/strong> local,\u00a0<strong>come\u00e7ando \u00e0s 9h<\/strong>.<\/p>\n<p><a href=\"https:\/\/staging.forumjustica.com.br\/wp-content\/uploads\/2014\/02\/image005.jpg\"><img loading=\"lazy\" decoding=\"async\" class=\"alignleft size-full wp-image-7877\" title=\"image005\" src=\"https:\/\/staging.forumjustica.com.br\/wp-content\/uploads\/2014\/02\/image005.jpg\" alt=\"\" width=\"131\" height=\"175\" \/><\/a><\/p>\n<p><strong><em><a href=\"http:\/\/www.defensoria.sp.gov.br\/dpesp\/Conteudos\/Noticias\/NoticiaMostra.aspx?idItem=49408&#038;idPagina=3260\" target=\"_blank\" rel=\"noopener\">Clique aqui para acessar mais informa\u00e7\u00f5es<\/a><\/em><\/strong><\/p>\n<p>\u00a0<\/p>\n<p>\u00a0<\/p>\n<p>\u00a0<\/p>\n<p><strong><br \/>\nSaiba mais e acompanhe<\/strong><\/p>\n<p>\u00a0<\/p>\n<p><strong>Acesse a p\u00e1gina da <\/strong><strong><a href=\"http:\/\/www.defensoria.sp.gov.br\/dpesp\/Default.aspx?idPagina=2881\" target=\"_blank\" rel=\"noopener\">Ouvidoria<\/a> <\/strong><strong>na internet<\/strong><\/p>\n<p><strong>Acompanhe a Ouvidoria nas redes sociais:<\/strong><\/p>\n<p>\u00a0<\/p>\n<table border=\"0\" cellspacing=\"0\" cellpadding=\"0\">\n<tbody>\n<tr>\n<td valign=\"top\" width=\"73\"><\/td>\n<td valign=\"top\" width=\"66\"><\/td>\n<td valign=\"top\" width=\"66\"><\/td>\n<td valign=\"top\" width=\"64\"><\/td>\n<\/tr>\n<tr>\n<td valign=\"top\" width=\"73\"><strong><a href=\"http:\/\/twitter.com\/OuvidoriaDPESP\" target=\"_blank\" rel=\"noopener\">Twitter<\/a><\/strong><\/td>\n<td valign=\"top\" width=\"66\"><strong><a href=\"http:\/\/www.facebook.com\/OuvidoriaGeralDPESP\" target=\"_blank\" rel=\"noopener\">Facebook<\/a><\/strong><\/td>\n<td valign=\"top\" width=\"66\"><strong><a href=\"http:\/\/www.google.com.br\/url?q=https:\/\/plus.google.com\/113102332890543892397\/photos&#038;sa=U&#038;ei=goNpUvvjBcqrkAeL8oB4&#038;ved=0CCMQFjAD&#038;sig2=Wd4HCdC40jibCGkDbF75yw&#038;usg=AFQjCNG3dCbeOxAgnCFAZZ6eKD-IigHRdQ\" target=\"_blank\" rel=\"noopener\">Google +<\/a><\/strong><\/td>\n<td valign=\"top\" width=\"64\"><strong><a href=\"http:\/\/www.youtube.com\/OuvidoriaGeralDPESP\" target=\"_blank\" rel=\"noopener\">Youtube<\/a><\/strong><\/td>\n<\/tr>\n<\/tbody>\n<\/table>\n<p><strong><br \/>\nEquipe da Ouvidoria-Geral<\/strong><\/p>\n<p>\u00a0<\/p>\n<table border=\"0\" width=\"517\" cellspacing=\"0\" cellpadding=\"0\">\n<tbody>\n<tr>\n<td valign=\"top\" width=\"272\">Ouvidora-Geral<\/td>\n<td valign=\"top\" width=\"246\">Luciana Zaffalon<\/td>\n<\/tr>\n<tr>\n<td valign=\"top\" width=\"272\">Assessora T\u00e9cnica<\/p>\n<p>Assistente T\u00e9cnica II<\/td>\n<td valign=\"top\" width=\"246\">Cristina Uch\u00f4a<\/p>\n<p>Fernanda Barbosa Euflauzino<\/td>\n<\/tr>\n<tr>\n<td valign=\"top\" width=\"272\">Assistente T\u00e9cnica I<\/p>\n<p>Assistente T\u00e9cnico I<\/td>\n<td valign=\"top\" width=\"246\">Fabiana Borin<\/p>\n<p>Paulo C\u00e9sar Malvezzi Filho<\/td>\n<\/tr>\n<tr>\n<td valign=\"top\" width=\"272\">Agente de Defensoria<\/p>\n<p>Oficial de Defensoria<\/td>\n<td valign=\"top\" width=\"246\">Priscila Rodrigues<\/p>\n<p>Caio Martins<\/td>\n<\/tr>\n<tr>\n<td valign=\"top\" width=\"272\">Oficiala\u00a0de Defensoria<\/td>\n<td valign=\"top\" width=\"246\">Maria Cristina Salerno<\/td>\n<\/tr>\n<tr>\n<td valign=\"top\" width=\"272\">Oficial de Defensoria<\/td>\n<td valign=\"top\" width=\"246\">Pacelli Cartaxo Bastos<\/td>\n<\/tr>\n<tr>\n<td valign=\"top\" width=\"272\">Oficial de Defensoria<\/td>\n<td valign=\"top\" width=\"246\">Roberto Santos<\/td>\n<\/tr>\n<tr>\n<td valign=\"top\" width=\"272\">Estagi\u00e1ria de Administra\u00e7\u00e3o<\/td>\n<td valign=\"top\" width=\"246\">Antonia Gomes de Oliveira<\/td>\n<\/tr>\n<tr>\n<td valign=\"top\" width=\"272\">Estagi\u00e1ria de Comunica\u00e7\u00e3o<\/p>\n<p>Estagi\u00e1rio de Ensino M\u00e9dio<\/td>\n<td valign=\"top\" width=\"246\">Karoline Lopes<br \/>\nHigor Silva<\/td>\n<\/tr>\n<\/tbody>\n<\/table>\n<p><\/p>","protected":false},"excerpt":{"rendered":"<p>\u00a0 PARTICIPE Audi\u00eancias P\u00fablicas em 7 e 12 de fevereiro promovem debates sobre \u00e1reas de atua\u00e7\u00e3o da Defensoria Na sexta-feira, 7, N\u00facleo Especializado de Promo\u00e7\u00e3o e Defesa dos Direitos da Mulher discute sua atua\u00e7\u00e3o, e na ter\u00e7a, 12, evento em Santo Andr\u00e9 conta com Defensoria local para abordar pr\u00e1tica da revista \u00edntima na Funda\u00e7\u00e3o Casa. [&hellip;]<\/p>\n","protected":false},"author":13,"featured_media":0,"comment_status":"open","ping_status":"closed","sticky":false,"template":"","format":"standard","meta":{"inline_featured_image":false,"footnotes":""},"categories":[1],"tags":[],"anos":[],"projetos":[],"autorias":[],"eixos_tematicos":[],"locais":[],"pessoas":[],"estado":[],"academia":[],"sociedade_civil":[],"class_list":["post-7866","post","type-post","status-publish","format-standard","hentry","category-noticias"],"_links":{"self":[{"href":"https:\/\/staging.forumjustica.com.br\/es\/wp-json\/wp\/v2\/posts\/7866","targetHints":{"allow":["GET"]}}],"collection":[{"href":"https:\/\/staging.forumjustica.com.br\/es\/wp-json\/wp\/v2\/posts"}],"about":[{"href":"https:\/\/staging.forumjustica.com.br\/es\/wp-json\/wp\/v2\/types\/post"}],"author":[{"embeddable":true,"href":"https:\/\/staging.forumjustica.com.br\/es\/wp-json\/wp\/v2\/users\/13"}],"replies":[{"embeddable":true,"href":"https:\/\/staging.forumjustica.com.br\/es\/wp-json\/wp\/v2\/comments?post=7866"}],"version-history":[{"count":1,"href":"https:\/\/staging.forumjustica.com.br\/es\/wp-json\/wp\/v2\/posts\/7866\/revisions"}],"predecessor-version":[{"id":17389,"href":"https:\/\/staging.forumjustica.com.br\/es\/wp-json\/wp\/v2\/posts\/7866\/revisions\/17389"}],"wp:attachment":[{"href":"https:\/\/staging.forumjustica.com.br\/es\/wp-json\/wp\/v2\/media?parent=7866"}],"wp:term":[{"taxonomy":"category","embeddable":true,"href":"https:\/\/staging.forumjustica.com.br\/es\/wp-json\/wp\/v2\/categories?post=7866"},{"taxonomy":"post_tag","embeddable":true,"href":"https:\/\/staging.forumjustica.com.br\/es\/wp-json\/wp\/v2\/tags?post=7866"},{"taxonomy":"anos","embeddable":true,"href":"https:\/\/staging.forumjustica.com.br\/es\/wp-json\/wp\/v2\/anos?post=7866"},{"taxonomy":"projetos","embeddable":true,"href":"https:\/\/staging.forumjustica.com.br\/es\/wp-json\/wp\/v2\/projetos?post=7866"},{"taxonomy":"autorias","embeddable":true,"href":"https:\/\/staging.forumjustica.com.br\/es\/wp-json\/wp\/v2\/autorias?post=7866"},{"taxonomy":"eixos_tematicos","embeddable":true,"href":"https:\/\/staging.forumjustica.com.br\/es\/wp-json\/wp\/v2\/eixos_tematicos?post=7866"},{"taxonomy":"locais","embeddable":true,"href":"https:\/\/staging.forumjustica.com.br\/es\/wp-json\/wp\/v2\/locais?post=7866"},{"taxonomy":"pessoas","embeddable":true,"href":"https:\/\/staging.forumjustica.com.br\/es\/wp-json\/wp\/v2\/pessoas?post=7866"},{"taxonomy":"estado","embeddable":true,"href":"https:\/\/staging.forumjustica.com.br\/es\/wp-json\/wp\/v2\/estado?post=7866"},{"taxonomy":"academia","embeddable":true,"href":"https:\/\/staging.forumjustica.com.br\/es\/wp-json\/wp\/v2\/academia?post=7866"},{"taxonomy":"sociedade_civil","embeddable":true,"href":"https:\/\/staging.forumjustica.com.br\/es\/wp-json\/wp\/v2\/sociedade_civil?post=7866"}],"curies":[{"name":"wp","href":"https:\/\/api.w.org\/{rel}","templated":true}]}}