{"id":7765,"date":"2013-12-18T11:58:25","date_gmt":"2013-12-18T13:58:25","guid":{"rendered":"https:\/\/forumjustica.vlannetwork.com\/?p=7765"},"modified":"2022-09-04T21:15:51","modified_gmt":"2022-09-05T00:15:51","slug":"movimento-apresenta-contribuicoes-ao-novo-plano-diretor-de-sao-paulo","status":"publish","type":"post","link":"https:\/\/staging.forumjustica.com.br\/es\/movimento-apresenta-contribuicoes-ao-novo-plano-diretor-de-sao-paulo\/","title":{"rendered":"Movimento apresenta contribui\u00e7\u00f5es ao novo Plano Diretor de S\u00e3o Paulo"},"content":{"rendered":"<h1><span style=\"font-size: 13px; font-weight: normal;\">Publicado em <\/span><a style=\"font-size: 13px; font-weight: normal;\" title=\"11:32\" rel=\"bookmark\" href=\"http:\/\/raquelrolnik.wordpress.com\/2013\/12\/17\/movimento-apresenta-contribuicoes-ao-novo-plano-diretor-de-sao-paulo\/\">17\/12\/13<\/a><span style=\"font-size: 13px; font-weight: normal;\"> por <\/span><a style=\"font-size: 13px; font-weight: normal;\" title=\"Ver todos os artigos de raquelrolnik\" rel=\"author\" href=\"http:\/\/raquelrolnik.wordpress.com\/author\/raquelrolnik\/\">raquelrolnik<\/a><\/h1>\n<div>\n<p>Compartilho abaixo o documento produzido pelo\u00a0Movimento pelo Direito \u00e0 Cidade no Plano Diretor de S\u00e3o Paulo, com o objetivo de contribuir com o processo de revis\u00e3o do plano que est\u00e1 em curso na C\u00e2mara Municipal.<\/p>\n<p>O movimento, surgido no \u00e2mbito do processo de revis\u00e3o do plano, re\u00fane diversas organiza\u00e7\u00f5es, associa\u00e7\u00f5es e coletivos que t\u00eam buscado analisar, debater e propor conjuntamente contribui\u00e7\u00f5es ao novo plano diretor.<\/p>\n<p><em>O documento continua aberto a assinaturas de entidades e pessoas,\u00a0<a href=\"https:\/\/secure.avaaz.org\/po\/petition\/Camara_Municipal_de_Sao_Paulo_Pelo_direito_a_cidade_no_novo_Plano_Diretor_de_Sao_Paulo\/?copy\" target=\"_blank\" rel=\"noopener\">neste link.<\/a><\/em><\/p>\n<p>Confira o texto.<\/p>\n<h3><strong>Movimento pelo Direito \u00e0 Cidade no Plano Diretor<\/strong><\/h3>\n<p>O projeto de lei do novo Plano Diretor, encaminhado pela Prefeitura de S\u00e3o Paulo \u00e0 C\u00e2mara Municipal, traz algumas diretrizes e propostas muito importantes para a cidade como, por exemplo, a prioriza\u00e7\u00e3o do transporte p\u00fablico para a mobilidade urbana, a reorganiza\u00e7\u00e3o das densidades da cidade de acordo com os eixos de transporte coletivo de massa e o reequil\u00edbrio dos usos no territ\u00f3rio entre a oferta de trabalho e o local de moradia.<\/p>\n<p>Entretanto, tal como est\u00e1 formulado, o plano corre o risco de reiterar o hist\u00f3rico padr\u00e3o de segrega\u00e7\u00e3o urbana na cidade de S\u00e3o Paulo. N\u00e3o s\u00e3o introduzidos instrumentos claros de ruptura com a l\u00f3gica da produ\u00e7\u00e3o de periferias e da expans\u00e3o urbana predat\u00f3ria, que pressiona os mananciais e \u00e1reas ambientalmente sens\u00edveis, e tamb\u00e9m n\u00e3o s\u00e3o contemplados adequadamente os grupos urbanos mais vulner\u00e1veis, a popula\u00e7\u00e3o de menor renda e o comercio de pequena escala.<\/p>\n<p>A proposta do novo Plano Diretor ainda n\u00e3o supera o paradigma do autom\u00f3vel, ao ignorar os modos n\u00e3o motorizados como poss\u00edvel padr\u00e3o de mobilidade, assim como n\u00e3o contempla a heterogeneidade e diversidade dos territ\u00f3rios da cidade, ao considerar apenas os potenciais construtivos e os usos como elementos balizadores do seu processo de transforma\u00e7\u00e3o. Favorece, assim, um olhar tecnicista e econ\u00f4mico aliado a grandes investimentos na cidade, com pouca ou quase nenhuma aten\u00e7\u00e3o a seus aspectos culturais, afetivos e educativos, e de uso dos espa\u00e7os p\u00fablicos, que hoje demarcam os territ\u00f3rios urbanos com novas pr\u00e1ticas sociais.<\/p>\n<p>O Plano Diretor em discuss\u00e3o prop\u00f5e \u00e1reas mistas mais adens\u00e1veis ao longo dos eixos de transporte coletivo, mas pouco avan\u00e7a nas formas de transformar o adensamento construtivo em adensamento populacional de maneira heterog\u00eanea e includente, respeitando as especificidades socioculturais e ambientais das diferentes partes do territ\u00f3rio.<\/p>\n<p>A democratiza\u00e7\u00e3o da gest\u00e3o da cidade \u2013 entendida como amplia\u00e7\u00e3o da esfera decis\u00f3ria dos projetos pol\u00edticos e do controle social de sua implementa\u00e7\u00e3o \u2013 e o efetivo cumprimento da fun\u00e7\u00e3o social da propriedade ainda s\u00e3o lacunas a serem superadas pela proposta do Plano Diretor, que n\u00e3o define as formas de controle e participa\u00e7\u00e3o social, sobretudo nos principais instrumentos de interven\u00e7\u00e3o na cidade.<\/p>\n<p>Finalmente, o plano n\u00e3o prev\u00ea dispositivo espec\u00edfico para salvaguardar direitos de popula\u00e7\u00e3o de baixa renda e submetida a situa\u00e7\u00f5es de vulnerabilidade no caso de remo\u00e7\u00f5es for\u00e7adas decorrentes de obras e pol\u00edticas p\u00fablicas, ao n\u00e3o introduzir\u00a0 dispositivos que melhorem as condi\u00e7\u00f5es de vida das popula\u00e7\u00f5es atingidas.<\/p>\n<p>O Movimento\/Coletivo pelo Direito \u00e0 Cidade no Plano Diretor de S\u00e3o Paulo, aqui constitu\u00eddo, reivindica a inclus\u00e3o das propostas descritas na plataforma detalhada a seguir:<\/p>\n<p><strong>PROMOVER A DEMOCRATIZA\u00c7\u00c3O, DIVERSIFICA\u00c7\u00c3O E EQUIL\u00cdBRIO SOCIOAMBIENTAL NO PROCESSO DE TRANSFORMA\u00c7\u00c3O DA CIDADE<br \/>\n<\/strong>INCLUS\u00c3O SOCIOTERRIOTRIAL NOS EIXOS DE ESTRUTURA\u00c7\u00c3O DA TRANSFORMA\u00c7\u00c3O URBANA<\/p>\n<ul>\n<li>Demarca\u00e7\u00e3o das Zonas Especiais de Interesse Social (ZEIS) e autoaplicabilidade da Cota de Solidariedade de forma a garantir no m\u00ednimo 30% do potencial construtivo previsto para os Eixos de Estrutura\u00e7\u00e3o da Transforma\u00e7\u00e3o Urbana para Habita\u00e7\u00e3o de Interesse Social (HIS);<\/li>\n<li>Garantia do reassentamento das popula\u00e7\u00f5es atingidas pelas interven\u00e7\u00f5es de transporte p\u00fablico dentro do per\u00edmetro dos Eixos;<\/li>\n<li>Desest\u00edmulo do avan\u00e7o da ocupa\u00e7\u00e3o nas \u00e1reas de mananciais atrav\u00e9s da delimita\u00e7\u00e3o de parques e \u00e1reas de prote\u00e7\u00e3o, de incentivos \u00e0 usos compat\u00edveis com a produ\u00e7\u00e3o de \u00e1gua, da delimita\u00e7\u00e3o de \u00e1rea rural e por meio da delimita\u00e7\u00e3o de ZEIS e aplica\u00e7\u00e3o da Cota de Solidariedade nos eixos que atravessam a Macrozona de Prote\u00e7\u00e3o e Recupera\u00e7\u00e3o Ambiental;<\/li>\n<li>Estrat\u00e9gias para garantir exist\u00eancia de \u00e1reas livres dos eixos de adensamento e cotas para espa\u00e7o p\u00fablico;<\/li>\n<li>Cria\u00e7\u00e3o de instrumentos que garantam a utiliza\u00e7\u00e3o dos espa\u00e7os p\u00fablicos \u00e0s atividades socioculturais e ambientais locais, ao pequeno com\u00e9rcio e ao com\u00e9rcio ambulante;<\/li>\n<li>Restri\u00e7\u00e3o aos grandes empreendimentos comerciais \u2013 dependentes de autom\u00f3veis \u2013 e est\u00edmulo ao pequeno com\u00e9rcio;<\/li>\n<li>Restri\u00e7\u00e3o total as vagas de estacionamento;<\/li>\n<li>Diferencia\u00e7\u00e3o dos padr\u00f5es de ocupa\u00e7\u00e3o dos eixos de acordo com as macro\u00e1reas, a capacidade de suporte dos modais de transporte e as caracter\u00edsticas urban\u00edsticas, culturais e ambientais existentes nos territ\u00f3rios pelos quais atravessa.<\/li>\n<\/ul>\n<p><strong>REGULAR AS \u00c1REAS N\u00c3O CONTIDAS NOS EIXOS DE ACORDO COM AS DIRETRIZES GERAIS DA POLITICA URBANA<br \/>\n<\/strong>CONTROLE DO PROCESSO DE TRANSFORMA\u00c7\u00c3O NA CIDADE<\/p>\n<ul>\n<li>Fim dos instrumentos urban\u00edstico de exce\u00e7\u00e3o tais como Concess\u00e3o Urban\u00edstica e \u00c1reas de Interven\u00e7\u00e3o Urbana;<\/li>\n<li>Fim das \u00e1reas n\u00e3o comput\u00e1veis para efeito do c\u00e1lculo do coeficiente de aproveitamento;<\/li>\n<li>Utiliza\u00e7\u00e3o do Fator de Planejamento por uso, de acordo com os diferentes objetivos, no c\u00e1lculo da Outorga Onerosa;<\/li>\n<li>Regramento para associar o uso de potencial construtivo adicional \u00e0 produ\u00e7\u00e3o de espa\u00e7o p\u00fablico e habitacional;<\/li>\n<li>Previs\u00e3o de zonas especiais para pequeno com\u00e9rcio e per\u00edmetros espec\u00edficos nos espa\u00e7os p\u00fablicos para o com\u00e9rcio ambulante;<\/li>\n<li>Controle do tamanho m\u00e1ximo das \u00e1reas e das frentes comerciais;<\/li>\n<li>Garantia da autoaplicabilidade dos instrumentos urban\u00edsticos que visem o cumprimento da fun\u00e7\u00e3o social da terra como IPTU Progressivo no Tempo, PEUC, Instituto do Abandono.<\/li>\n<li>Exig\u00eancia de aumento de \u00e1reas perme\u00e1veis em grandes empreendimentos e estacionamentos (existentes e novos);<\/li>\n<li>Revis\u00e3o da dispensa do Estudo de Impacto de Vizinhan\u00e7a em caso de realiza\u00e7\u00e3o do Estudo de Impacto Ambiental;<\/li>\n<\/ul>\n<p><strong> <\/strong><strong>PRIORIZAR O ATENDIMENTO HABITACIONAL DA POPULA\u00c7\u00c3O DE 0 A 3 SAL\u00c1RIOS M\u00cdNIMOS<\/strong><\/p>\n<ul>\n<li>Revis\u00e3o dos percentuais destinados \u00e0s diferentes faixas de renda nas ZEIS \u2013 de acordo com o d\u00e9ficit do munic\u00edpio \u2013 e atendimento p\u00fablico priorit\u00e1rio \u00e0 faixa de renda mais vulner\u00e1vel (0 a 1 S.M.)\n<ul>\n<li>Dividir a Faixa 1 em 1A (0 a 1 S.M.) e 1B (1 a 3 S.M.), a fim de se garantir o atendimento e a defini\u00e7\u00e3o de demanda para a faixa de renda mais vulner\u00e1vel;<\/li>\n<li>Ampliar a destina\u00e7\u00e3o para HIS em todas as ZEIS, de acordo com o d\u00e9ficit habitacional do munic\u00edpio;<\/li>\n<li>Retirar HMP de ZEIS 1 e 4, j\u00e1 que estas ZEIS tem como fun\u00e7\u00e3o a manuten\u00e7\u00e3o da popula\u00e7\u00e3o residente, cuja renda n\u00e3o ultrapassa o limite de 6 S.M.;<\/li>\n<li>Incluir um percentual m\u00ednimo para \u2018outros usos\u2019 a fim de garantir a manuten\u00e7\u00e3o do pequeno com\u00e9rcio nas \u00e1reas ocupadas.<\/li>\n<\/ul>\n<\/li>\n<\/ul>\n<ul>\n<li>Defini\u00e7\u00e3o de uma pol\u00edtica habitacional de loca\u00e7\u00e3o social espec\u00edfica para a popula\u00e7\u00e3o de renda mais baixa e assentados em logradouros e pra\u00e7as p\u00fablicas;<\/li>\n<li>Regulamenta\u00e7\u00e3o do instrumento da Cota de Solidariedade para produ\u00e7\u00e3o e HIS<\/li>\n<li>Respeito ao direito de posse dos moradores de assentamentos informais, inclusive nos processos de remo\u00e7\u00e3o;<\/li>\n<li>Estabelecimento de normas de uso e ocupa\u00e7\u00e3o do solo que garantam a exist\u00eancia de espa\u00e7os socioprodutivos nos EHIS e promovam a diversifica\u00e7\u00e3o de usos em seu entorno.<\/li>\n<\/ul>\n<p><strong>PRIORIZAR PEDESTRES, CICLISTAS E USU\u00c1RIOS DE TRANSPORTE COLETIVO<\/strong><\/p>\n<ul>\n<li>Est\u00edmulo \u00e0 reestrutura\u00e7\u00e3o da rede de transporte p\u00fablico de modo a promover liga\u00e7\u00f5es entre bairros;<\/li>\n<li>Instituir \u00f3rg\u00e3o respons\u00e1vel pela formula\u00e7\u00e3o e implementa\u00e7\u00e3o da pol\u00edtica para ve\u00edculos n\u00e3o motorizados e pedestres;<\/li>\n<li>Garantir a circula\u00e7\u00e3o segura de bicicletas e outros ve\u00edculos n\u00e3o motorizados em todas as vias da cidade, seja atrav\u00e9s de constru\u00e7\u00e3o de infraestrutura espec\u00edfica ou da promo\u00e7\u00e3o de medidas que facilitem o compartilhamento com os demais ve\u00edculos;<\/li>\n<li>Defini\u00e7\u00e3o no Plano Diretor de uma rede estrutural de transporte ciclovi\u00e1rio articulada aos demais modais de transporte urbano, equipamentos p\u00fablicos e centralidades;<\/li>\n<li>Defini\u00e7\u00e3o de diretrizes, componentes e a\u00e7\u00f5es estrat\u00e9gicas para o sistema de circula\u00e7\u00e3o de pedestres;<\/li>\n<li>Garantia de fonte de recursos para implementa\u00e7\u00e3o de infraestrutura ciclovi\u00e1ria e de pedestres (FUNDURB e\/ou FMDT)<\/li>\n<li>Desest\u00edmulo ao uso do autom\u00f3vel com a restri\u00e7\u00e3o de vaga de garagem, consolida\u00e7\u00e3o dos corredores e faixas exclusivos de transporte p\u00fablico, pol\u00edtica de restri\u00e7\u00e3o de estacionamento em vias e defini\u00e7\u00e3o dos estacionamentos como \u00e1reas subutilizadas.<\/li>\n<\/ul>\n<p><strong>AVAN\u00c7AR NA PARTICIPA\u00c7\u00c3O E NA EFETIVIDADE DO CONTROLE SOCIAL<\/strong><\/p>\n<p>Existem muitos espa\u00e7os participativos, mas poucos espa\u00e7os de car\u00e1ter decis\u00f3rio de fato e pouco controle social. Neste sentido, faz-se necess\u00e1rio:<\/p>\n<ul>\n<li>Garantia do espa\u00e7o de participa\u00e7\u00e3o nos processos decis\u00f3rios, inclusive na defini\u00e7\u00e3o das pautas particularmente no Conselho Municipal de Desenvolvimento Urbano;<\/li>\n<li>Transpar\u00eancia e controle social dos conselhos de gest\u00e3o dos fundos, particularmente FUNDURB e conselhos de Opera\u00e7\u00f5es Urbanas com composi\u00e7\u00e3o parit\u00e1ria e maior participa\u00e7\u00e3o da sociedade civil;<\/li>\n<li>Assessoria t\u00e9cnica independente para os conselhos para apoiar os conselheiros da sociedade civil; e divulga\u00e7\u00e3o did\u00e1tica pr\u00e9via de todo o conte\u00fado dos projetos<\/li>\n<li>Amplia\u00e7\u00e3o da participa\u00e7\u00e3o social na composi\u00e7\u00e3o dos conselhos participativos;<\/li>\n<li>Amplia\u00e7\u00e3o de acesso \u00e0 informa\u00e7\u00e3o<\/li>\n<li>Previs\u00e3o da exigibilidade de Estudo de Impacto Social em obras de infraestrutura, projetos de regulariza\u00e7\u00e3o fundi\u00e1ria e urban\u00edstica, e outras interven\u00e7\u00f5es que provoquem deslocamento de moradores, altera\u00e7\u00e3o do perfil de bairros e outros impactos significativos;<\/li>\n<li>Obrigatoriedade de forma\u00e7\u00e3o imediata de Conselhos Gestores desde a etapa de elabora\u00e7\u00e3o do projeto sempre que houver qualquer interven\u00e7\u00e3o, p\u00fablica ou privada, sobre os per\u00edmetros de ZEIS 1.<strong> <\/strong><\/li>\n<li>Cria\u00e7\u00e3o de inst\u00e2ncias de integra\u00e7\u00e3o e articula\u00e7\u00e3o das pol\u00edticas setoriais, das pol\u00edticas p\u00fablicas e prestadoras de servi\u00e7os e dos representantes nos diversos conselhos da cidade em N\u00facleos Regionais de Planejamento abertas \u00e0 participa\u00e7\u00e3o de toda popula\u00e7\u00e3o.<\/li>\n<li>Estabelecer formas de controle popular sobre as Parcerias P\u00fablico Privadas em todas as formas dessa associa\u00e7\u00e3o, com ampla participa\u00e7\u00e3o das popula\u00e7\u00f5es afetadas.<\/li>\n<\/ul>\n<p><strong><br \/>\n<em>Assinam este documento:<\/em><\/strong><\/p>\n<p>Arquitetura da Gentrifica\u00e7\u00e3o<br \/>\nAssocia\u00e7\u00e3o Anjos da Paz<br \/>\nAssocia\u00e7\u00e3o Conde de S\u00e3o Joaquim<br \/>\nAssocia\u00e7\u00e3o dos Moradores da Comunidade Pantanal Zonal Sul<br \/>\nAssocia\u00e7\u00e3o dos Moradores e Amigos da Santa Ifig\u00eania e Luz \u2013\u00a0AMOALUZ<br \/>\nAssocia\u00e7\u00e3o dos Movimentos de Moradia da Regi\u00e3o Sudeste<br \/>\nAssocia\u00e7\u00e3o Estrela Guia da Regi\u00e3o Sudeste<br \/>\nAssocia\u00e7\u00e3o Habita\u00e7\u00e3o e Dignidade \u2013 AHD<br \/>\nAssocia\u00e7\u00e3o Nova Heli\u00f3polis<br \/>\nBike Anjo S\u00e3o Paulo<br \/>\nCentral de Movimentos Populares\u00a0&#8211; CMP<br \/>\nCentro Gaspar Garcia de Direitos Humanos \u2013 CGGDH<br \/>\nCidades Para Pessoas<br \/>\nColetivo Perifatividade<br \/>\nColetivo Prestando Contas<br \/>\nConselho Gestor da ZEIS 3 C 016 S\u00e9: Representantes da moradia<br \/>\nCiclo ZN<br \/>\nCiclocidade \u2013 Associa\u00e7\u00e3o dos Ciclistas Urbanos de S\u00e3o Paulo<br \/>\nDefensoria P\u00fablica do Estado de S\u00e3o Paulo \u2013 N\u00facleo de Habita\u00e7\u00e3o e Urbanismo<br \/>\nEscrit\u00f3rio Modelo \u2013 Dom Paulo Evaristo Arns (PUC S\u00e3o Paulo)<br \/>\nF\u00f3rum de Ambulantes da Cidade de S\u00e3o Paulo<br \/>\nF\u00f3rum Suprapartid\u00e1rio por uma S\u00e3o Paulo Saud\u00e1vel e Sustent\u00e1vel<br \/>\nFrente de Luta pela Moradia \u2013 FLM<br \/>\nGrupo de Articula\u00e7\u00e3o De Moradia Para o Idoso da Capital \u2013 GARMIC<br \/>\nInstituto de Lutas Sociais \u2013 ILS<br \/>\nInstituto CicloBR de Fomento \u00e0 Mobilidade Sustent\u00e1vel<br \/>\nInstituto P\u00f3lis<br \/>\nLaborat\u00f3rio de Habita\u00e7\u00e3o e Assentamentos Humanos \u2013 LabHab (FAU-USP)<br \/>\nLaborat\u00f3rio Espa\u00e7o P\u00fablico e Direito \u00e0 Cidade \u2013 LabCidade (FAU-USP)<br \/>\nMootiro Maps<br \/>\nMovimento Apropria\u00e7\u00e3o da Luz<br \/>\nMovimento de Defesa Do\u00a0Favelado \u2013 MDF<br \/>\nMovimento de Habita\u00e7\u00e3o e A\u00e7\u00e3o Social \u2013 MOHAS<br \/>\nMovimento de Moradia da Cidade \u2013 MMC<br \/>\nMovimento de Moradia da Regi\u00e3o Centro \u2013 MMRC<br \/>\nMovimento de Moradia Para Todos \u2013 MMPT<br \/>\nMovimento Nacional da Popula\u00e7\u00e3o De Rua<br \/>\nMovimento Nacional de Luta Pela Moradia \u2013 MNLM<br \/>\nMovimento Sem Terra Leste 1<br \/>\nMovimento Sem Teto da Zona Oeste e Noroeste<br \/>\nMovimento Sem Teto do Heli\u00f3polis<br \/>\nPedal Verde<br \/>\nSecretaria Executiva da Rede Nossa S\u00e3o Paulo<br \/>\nUni\u00e3o dos Movimentos de Moradia \u2013 UMM<br \/>\nUni\u00e3o dos Movimentos de Moradia Independente da Zona Sul \u2013 UMMZIS<br \/>\nUni\u00e3o Independente da Zona Sul \u2013 UIZ SUL1<br \/>\nUnifica\u00e7\u00e3o das Lutas De Corti\u00e7os E Moradia \u2013 ULCM<\/p>\n<div><a href=\"http:\/\/raquelrolnik.wordpress.com\/2013\/12\/17\/movimento-apresenta-contribuicoes-ao-novo-plano-diretor-de-sao-paulo\/\">http:\/\/raquelrolnik.wordpress.com\/2013\/12\/17\/movimento-apresenta-contribuicoes-ao-novo-plano-diretor-de-sao-paulo\/<\/a><\/div>\n<\/div>\n","protected":false},"excerpt":{"rendered":"<p>Publicado em 17\/12\/13 por raquelrolnik Compartilho abaixo o documento produzido pelo\u00a0Movimento pelo Direito \u00e0 Cidade no Plano Diretor de S\u00e3o Paulo, com o objetivo de contribuir com o processo de revis\u00e3o do plano que est\u00e1 em curso na C\u00e2mara Municipal. O movimento, surgido no \u00e2mbito do processo de revis\u00e3o do plano, re\u00fane diversas organiza\u00e7\u00f5es, associa\u00e7\u00f5es [&hellip;]<\/p>\n","protected":false},"author":13,"featured_media":0,"comment_status":"open","ping_status":"closed","sticky":false,"template":"","format":"standard","meta":{"inline_featured_image":false,"footnotes":""},"categories":[1],"tags":[],"anos":[],"projetos":[],"autorias":[],"eixos_tematicos":[],"locais":[],"pessoas":[],"estado":[],"academia":[],"sociedade_civil":[],"class_list":["post-7765","post","type-post","status-publish","format-standard","hentry","category-noticias"],"_links":{"self":[{"href":"https:\/\/staging.forumjustica.com.br\/es\/wp-json\/wp\/v2\/posts\/7765","targetHints":{"allow":["GET"]}}],"collection":[{"href":"https:\/\/staging.forumjustica.com.br\/es\/wp-json\/wp\/v2\/posts"}],"about":[{"href":"https:\/\/staging.forumjustica.com.br\/es\/wp-json\/wp\/v2\/types\/post"}],"author":[{"embeddable":true,"href":"https:\/\/staging.forumjustica.com.br\/es\/wp-json\/wp\/v2\/users\/13"}],"replies":[{"embeddable":true,"href":"https:\/\/staging.forumjustica.com.br\/es\/wp-json\/wp\/v2\/comments?post=7765"}],"version-history":[{"count":1,"href":"https:\/\/staging.forumjustica.com.br\/es\/wp-json\/wp\/v2\/posts\/7765\/revisions"}],"predecessor-version":[{"id":17408,"href":"https:\/\/staging.forumjustica.com.br\/es\/wp-json\/wp\/v2\/posts\/7765\/revisions\/17408"}],"wp:attachment":[{"href":"https:\/\/staging.forumjustica.com.br\/es\/wp-json\/wp\/v2\/media?parent=7765"}],"wp:term":[{"taxonomy":"category","embeddable":true,"href":"https:\/\/staging.forumjustica.com.br\/es\/wp-json\/wp\/v2\/categories?post=7765"},{"taxonomy":"post_tag","embeddable":true,"href":"https:\/\/staging.forumjustica.com.br\/es\/wp-json\/wp\/v2\/tags?post=7765"},{"taxonomy":"anos","embeddable":true,"href":"https:\/\/staging.forumjustica.com.br\/es\/wp-json\/wp\/v2\/anos?post=7765"},{"taxonomy":"projetos","embeddable":true,"href":"https:\/\/staging.forumjustica.com.br\/es\/wp-json\/wp\/v2\/projetos?post=7765"},{"taxonomy":"autorias","embeddable":true,"href":"https:\/\/staging.forumjustica.com.br\/es\/wp-json\/wp\/v2\/autorias?post=7765"},{"taxonomy":"eixos_tematicos","embeddable":true,"href":"https:\/\/staging.forumjustica.com.br\/es\/wp-json\/wp\/v2\/eixos_tematicos?post=7765"},{"taxonomy":"locais","embeddable":true,"href":"https:\/\/staging.forumjustica.com.br\/es\/wp-json\/wp\/v2\/locais?post=7765"},{"taxonomy":"pessoas","embeddable":true,"href":"https:\/\/staging.forumjustica.com.br\/es\/wp-json\/wp\/v2\/pessoas?post=7765"},{"taxonomy":"estado","embeddable":true,"href":"https:\/\/staging.forumjustica.com.br\/es\/wp-json\/wp\/v2\/estado?post=7765"},{"taxonomy":"academia","embeddable":true,"href":"https:\/\/staging.forumjustica.com.br\/es\/wp-json\/wp\/v2\/academia?post=7765"},{"taxonomy":"sociedade_civil","embeddable":true,"href":"https:\/\/staging.forumjustica.com.br\/es\/wp-json\/wp\/v2\/sociedade_civil?post=7765"}],"curies":[{"name":"wp","href":"https:\/\/api.w.org\/{rel}","templated":true}]}}