{"id":7758,"date":"2013-12-12T13:50:52","date_gmt":"2013-12-12T15:50:52","guid":{"rendered":"https:\/\/forumjustica.vlannetwork.com\/?p=7758"},"modified":"2022-09-04T21:15:51","modified_gmt":"2022-09-05T00:15:51","slug":"amicus-curiae-na-adi-4650-sobre-financiamento-de-campanha","status":"publish","type":"post","link":"https:\/\/staging.forumjustica.com.br\/es\/amicus-curiae-na-adi-4650-sobre-financiamento-de-campanha\/","title":{"rendered":"Amicus Curiae na ADI 4650 sobre financiamento de campanha"},"content":{"rendered":"<p><\/p>\n<div id=\"nav-above\">\n<div><a href=\"https:\/\/staging.forumjustica.com.br\/wp-content\/uploads\/2013\/12\/ipdms.png\"><img loading=\"lazy\" decoding=\"async\" class=\"aligncenter size-full wp-image-7759\" title=\"ipdms\" src=\"https:\/\/staging.forumjustica.com.br\/wp-content\/uploads\/2013\/12\/ipdms.png\" alt=\"\" width=\"940\" height=\"198\" \/><\/a><\/div>\n<\/div>\n<div id=\"post-459\">\n<div>\n<p>O Laborat\u00f3rio de Direitos Fundamentais da UERJ, em parceria com o\u00a0IPDMS, participou nesta tarde como \u201c<em>amicus curiae<\/em>\u201d no julgamento da ADI 4650, no STF, que pede a proibi\u00e7\u00e3o de financiamento de campanha por pessoa jur\u00eddica.<\/p>\n<p>O parecer foi confeccionada pela Cl\u00ednica de Direitos Fundamentais da Faculdade de Direito da UERJ em parceria com o Instituto de Pesquisa Direito e Movimentos Sociais (IPDMS). A posi\u00e7\u00e3o na A\u00e7\u00e3o Direta de Inconstitucionalidade (ADI) n. 4650 \u00e9 pela declara\u00e7\u00e3o de inconstitucionalidade do financimento privado de campanha por pessoa jur\u00eddica. A ADI 4650 foi ajuizada pela Ordem dos Advogados do Brasil.<\/p>\n<p>A sustenta\u00e7\u00e3o do parecer foi feita pela Dra. Aline Rezende Peres Osorio. O\u00a0<em>amicus curiae<\/em> teve tamb\u00e9m a participa\u00e7\u00e3o do Movimento de Combate \u00e0 Corrup\u00e7\u00e3o Eleitoral, o IAB, o PSTU e a CNBB.<\/p>\n<p>Este \u00e9 um dos objetivos de nosso Instituto e estamos muito felizes por poder participar deste importante cap\u00edtulo na constru\u00e7\u00e3o da democracia brasileira.<\/p>\n<p>Baixe aqui\u00a0<a href=\"http:\/\/issuu.com\/luizotavioribas\/docs\/peti____o_amicus_ipdms_e_uerj_direi\">a peti\u00e7\u00e3o<\/a>.<\/p>\n<p>Consulte\u00a0<a href=\"http:\/\/www.stf.jus.br\/portal\/processo\/verProcessoAndamento.asp?numero=4650&#038;classe=ADI&#038;origem=AP&#038;recurso=0&#038;tipoJulgamento=M\">aqui o acompanhamento processual<\/a>.<\/p>\n<p><strong>Coletivo de comunica\u00e7\u00e3o<\/strong><\/p>\n<\/div>\n<\/div>\n<p><a href=\"http:\/\/ipdms.wordpress.com\/2013\/12\/11\/amicus-curiae-na-adi-4650-sobre-financiamento-de-campanha\/\">http:\/\/ipdms.wordpress.com\/2013\/12\/11\/amicus-curiae-na-adi-4650-sobre-financiamento-de-campanha\/<\/a><\/p>","protected":false},"excerpt":{"rendered":"<p>O Laborat\u00f3rio de Direitos Fundamentais da UERJ, em parceria com o\u00a0IPDMS, participou nesta tarde como \u201camicus curiae\u201d no julgamento da ADI 4650, no STF, que pede a proibi\u00e7\u00e3o de financiamento de campanha por pessoa jur\u00eddica. O parecer foi confeccionada pela Cl\u00ednica de Direitos Fundamentais da Faculdade de Direito da UERJ em parceria com o Instituto [&hellip;]<\/p>\n","protected":false},"author":13,"featured_media":0,"comment_status":"open","ping_status":"closed","sticky":false,"template":"","format":"standard","meta":{"inline_featured_image":false,"footnotes":""},"categories":[1],"tags":[],"anos":[],"projetos":[],"autorias":[],"eixos_tematicos":[],"locais":[],"pessoas":[],"estado":[],"academia":[],"sociedade_civil":[],"class_list":["post-7758","post","type-post","status-publish","format-standard","hentry","category-noticias"],"_links":{"self":[{"href":"https:\/\/staging.forumjustica.com.br\/es\/wp-json\/wp\/v2\/posts\/7758","targetHints":{"allow":["GET"]}}],"collection":[{"href":"https:\/\/staging.forumjustica.com.br\/es\/wp-json\/wp\/v2\/posts"}],"about":[{"href":"https:\/\/staging.forumjustica.com.br\/es\/wp-json\/wp\/v2\/types\/post"}],"author":[{"embeddable":true,"href":"https:\/\/staging.forumjustica.com.br\/es\/wp-json\/wp\/v2\/users\/13"}],"replies":[{"embeddable":true,"href":"https:\/\/staging.forumjustica.com.br\/es\/wp-json\/wp\/v2\/comments?post=7758"}],"version-history":[{"count":1,"href":"https:\/\/staging.forumjustica.com.br\/es\/wp-json\/wp\/v2\/posts\/7758\/revisions"}],"predecessor-version":[{"id":17410,"href":"https:\/\/staging.forumjustica.com.br\/es\/wp-json\/wp\/v2\/posts\/7758\/revisions\/17410"}],"wp:attachment":[{"href":"https:\/\/staging.forumjustica.com.br\/es\/wp-json\/wp\/v2\/media?parent=7758"}],"wp:term":[{"taxonomy":"category","embeddable":true,"href":"https:\/\/staging.forumjustica.com.br\/es\/wp-json\/wp\/v2\/categories?post=7758"},{"taxonomy":"post_tag","embeddable":true,"href":"https:\/\/staging.forumjustica.com.br\/es\/wp-json\/wp\/v2\/tags?post=7758"},{"taxonomy":"anos","embeddable":true,"href":"https:\/\/staging.forumjustica.com.br\/es\/wp-json\/wp\/v2\/anos?post=7758"},{"taxonomy":"projetos","embeddable":true,"href":"https:\/\/staging.forumjustica.com.br\/es\/wp-json\/wp\/v2\/projetos?post=7758"},{"taxonomy":"autorias","embeddable":true,"href":"https:\/\/staging.forumjustica.com.br\/es\/wp-json\/wp\/v2\/autorias?post=7758"},{"taxonomy":"eixos_tematicos","embeddable":true,"href":"https:\/\/staging.forumjustica.com.br\/es\/wp-json\/wp\/v2\/eixos_tematicos?post=7758"},{"taxonomy":"locais","embeddable":true,"href":"https:\/\/staging.forumjustica.com.br\/es\/wp-json\/wp\/v2\/locais?post=7758"},{"taxonomy":"pessoas","embeddable":true,"href":"https:\/\/staging.forumjustica.com.br\/es\/wp-json\/wp\/v2\/pessoas?post=7758"},{"taxonomy":"estado","embeddable":true,"href":"https:\/\/staging.forumjustica.com.br\/es\/wp-json\/wp\/v2\/estado?post=7758"},{"taxonomy":"academia","embeddable":true,"href":"https:\/\/staging.forumjustica.com.br\/es\/wp-json\/wp\/v2\/academia?post=7758"},{"taxonomy":"sociedade_civil","embeddable":true,"href":"https:\/\/staging.forumjustica.com.br\/es\/wp-json\/wp\/v2\/sociedade_civil?post=7758"}],"curies":[{"name":"wp","href":"https:\/\/api.w.org\/{rel}","templated":true}]}}