{"id":7733,"date":"2013-12-06T09:00:27","date_gmt":"2013-12-06T11:00:27","guid":{"rendered":"https:\/\/forumjustica.vlannetwork.com\/?p=7733"},"modified":"2022-09-04T21:15:52","modified_gmt":"2022-09-05T00:15:52","slug":"vila-autodromo-ganha-premio-internacional","status":"publish","type":"post","link":"https:\/\/staging.forumjustica.com.br\/es\/vila-autodromo-ganha-premio-internacional\/","title":{"rendered":"PLANO POPULAR DA VILA AUT\u00d3DROMO GANHA PR\u00caMIO INTERNACIONAL DE URBANISMO"},"content":{"rendered":"<p style=\"text-align: justify;\">Com alegria divulgamos a not\u00edcia sobre o pr\u00eamio recebido pelo Plano Popular da Vila Aut\u00f3dromo. \u00a0Essa premia\u00e7\u00e3o demonstra que al\u00e9m de um direito reconhecido por lei, a urbaniza\u00e7\u00e3o \u00e9 vi\u00e1vel e a melhor solu\u00e7\u00e3o urban\u00edstica, o que confirma a legitimidade da perman\u00eancia das fam\u00edlias no local e a regulariza\u00e7\u00e3o fundi\u00e1ria da Comunidade Vila Aut\u00f3dromo.<\/p>\n<p>Viva a Vila Aut\u00f3dromo! Vila Aut\u00f3dromo Vive!<\/p>\n<p>&nbsp;<\/p>\n<dl>\n<dt><a rel=\"lightbox\" href=\"http:\/\/rio.portalpopulardacopa.org.br\/wp-content\/uploads\/2013\/12\/1424364_625505644157516_789848930_n-720x540.jpg\"><img loading=\"lazy\" decoding=\"async\" src=\"http:\/\/rio.portalpopulardacopa.org.br\/wp-content\/uploads\/2013\/12\/1424364_625505644157516_789848930_n-350x262.jpg\" alt=\"Moradores da Vila Aut\u00f3dromo recebem pr\u00eamio internacional por seu plano de urbaniza\u00e7\u00e3o (foto: Camilla Nobrega)\" width=\"350\" height=\"262\" \/><\/a><\/dt>\n<dd>Moradores da Vila Aut\u00f3dromo recebem pr\u00eamio internacional por seu plano de urbaniza\u00e7\u00e3o (foto: Camilla Nobrega)<\/dd>\n<\/dl>\n<div>\n<p><em>Associa\u00e7\u00e3o pretende construir creche e cooperativa de reciclagem com a premia\u00e7\u00e3o de <\/em><em>80 mil d\u00f3lares<\/em><\/p>\n<p>Moradores da Vila Aut\u00f3dromo comemoraram na noite desta ter\u00e7a (3) o primeiro lugar no<em>Urban Age Award<\/em>, importante pr\u00eamio internacional que reconhece e celebra iniciativas criativas para as cidades. A premia\u00e7\u00e3o \u00e9 organizada pelo Deutsche Bank e pela London School of Economics e cerca de 170 projetos da Regi\u00e3o Metropolitana do Rio de Janeiro concorreram.<\/p>\n<p>\u2013\u00a0<a href=\"http:\/\/bit.ly\/PlanoPopularVA\" target=\"_blank\" rel=\"noopener\">Fa\u00e7a o download do Plano Popular da Vila Aut\u00f3dromo<\/a><br \/>\n\u2013\u00a0<a href=\"http:\/\/bit.ly\/13RpR10\" target=\"_blank\" rel=\"noopener\">Quadro comparativo entre as propostas do Plano Popular da Vila Aut\u00f3dromo e da Prefeitura do Rio<\/a><\/p>\n<p>O pr\u00eamio \u00e9 resultado da luta de mais de 20 anos dos moradores da Vila Aut\u00f3dromo pelo direito \u00e0 moradia. Apesar de j\u00e1 possu\u00edrem o t\u00edtulo de posse do local, a Prefeitura do Rio insiste em remov\u00ea-los. O Plano Popular, constru\u00eddo com assessoria das universidades federais UFF e UFRJ, mostra que \u00e9 poss\u00edvel uma cidade democr\u00e1tica e diversa, que o Projeto Ol\u00edmpico pode ser realizado sem expulsar os moradores de suas casas.<\/p>\n<p>\u201cN\u00f3s socializamos esse pr\u00eamio com todas as comunidades e com todos aqueles que que colaboraram e torceram. Traz autoestima aos moradores num momento de preocupa\u00e7\u00e3o com as recentes a\u00e7\u00f5es da Prefeitura\u201d, disse Inalva Mendes Brito, que mora na Vila desde a d\u00e9cada de 80. \u201cO Rio passa por esse momento de reivindica\u00e7\u00f5es nas ruas, de luta por direitos, e esse pr\u00eamio \u00e9 um est\u00edmulo para seguir em frente\u201d, concluiu.<\/p>\n<p>Com o pr\u00eamio de 80 mil d\u00f3lares, a Associa\u00e7\u00e3o planeja construir uma creche, uma das necessidades das fam\u00edlias do local, e uma cooperativa de reciclagem. Os moradores convidam a todos para celebrar com um churrasco no pr\u00f3ximo domingo, a partir das 13h, na Associa\u00e7\u00e3o de Moradores da Vila Aut\u00f3dromo.<\/p>\n<\/div>\n<p><a href=\"http:\/\/rio.portalpopulardacopa.org.br\/?p=2703\">http:\/\/rio.portalpopulardacopa.org.br\/?p=2703<\/a><\/p>\n","protected":false},"excerpt":{"rendered":"<p>Com alegria divulgamos a not\u00edcia sobre o pr\u00eamio recebido pelo Plano Popular da Vila Aut\u00f3dromo. \u00a0Essa premia\u00e7\u00e3o demonstra que al\u00e9m de um direito reconhecido por lei, a urbaniza\u00e7\u00e3o \u00e9 vi\u00e1vel e a melhor solu\u00e7\u00e3o urban\u00edstica, o que confirma a legitimidade da perman\u00eancia das fam\u00edlias no local e a regulariza\u00e7\u00e3o fundi\u00e1ria da Comunidade Vila Aut\u00f3dromo. Viva [&hellip;]<\/p>\n","protected":false},"author":13,"featured_media":0,"comment_status":"open","ping_status":"closed","sticky":false,"template":"","format":"standard","meta":{"inline_featured_image":false,"footnotes":""},"categories":[1],"tags":[],"anos":[],"projetos":[],"autorias":[],"eixos_tematicos":[],"locais":[],"pessoas":[],"estado":[],"academia":[],"sociedade_civil":[],"class_list":["post-7733","post","type-post","status-publish","format-standard","hentry","category-noticias"],"_links":{"self":[{"href":"https:\/\/staging.forumjustica.com.br\/es\/wp-json\/wp\/v2\/posts\/7733","targetHints":{"allow":["GET"]}}],"collection":[{"href":"https:\/\/staging.forumjustica.com.br\/es\/wp-json\/wp\/v2\/posts"}],"about":[{"href":"https:\/\/staging.forumjustica.com.br\/es\/wp-json\/wp\/v2\/types\/post"}],"author":[{"embeddable":true,"href":"https:\/\/staging.forumjustica.com.br\/es\/wp-json\/wp\/v2\/users\/13"}],"replies":[{"embeddable":true,"href":"https:\/\/staging.forumjustica.com.br\/es\/wp-json\/wp\/v2\/comments?post=7733"}],"version-history":[{"count":1,"href":"https:\/\/staging.forumjustica.com.br\/es\/wp-json\/wp\/v2\/posts\/7733\/revisions"}],"predecessor-version":[{"id":17415,"href":"https:\/\/staging.forumjustica.com.br\/es\/wp-json\/wp\/v2\/posts\/7733\/revisions\/17415"}],"wp:attachment":[{"href":"https:\/\/staging.forumjustica.com.br\/es\/wp-json\/wp\/v2\/media?parent=7733"}],"wp:term":[{"taxonomy":"category","embeddable":true,"href":"https:\/\/staging.forumjustica.com.br\/es\/wp-json\/wp\/v2\/categories?post=7733"},{"taxonomy":"post_tag","embeddable":true,"href":"https:\/\/staging.forumjustica.com.br\/es\/wp-json\/wp\/v2\/tags?post=7733"},{"taxonomy":"anos","embeddable":true,"href":"https:\/\/staging.forumjustica.com.br\/es\/wp-json\/wp\/v2\/anos?post=7733"},{"taxonomy":"projetos","embeddable":true,"href":"https:\/\/staging.forumjustica.com.br\/es\/wp-json\/wp\/v2\/projetos?post=7733"},{"taxonomy":"autorias","embeddable":true,"href":"https:\/\/staging.forumjustica.com.br\/es\/wp-json\/wp\/v2\/autorias?post=7733"},{"taxonomy":"eixos_tematicos","embeddable":true,"href":"https:\/\/staging.forumjustica.com.br\/es\/wp-json\/wp\/v2\/eixos_tematicos?post=7733"},{"taxonomy":"locais","embeddable":true,"href":"https:\/\/staging.forumjustica.com.br\/es\/wp-json\/wp\/v2\/locais?post=7733"},{"taxonomy":"pessoas","embeddable":true,"href":"https:\/\/staging.forumjustica.com.br\/es\/wp-json\/wp\/v2\/pessoas?post=7733"},{"taxonomy":"estado","embeddable":true,"href":"https:\/\/staging.forumjustica.com.br\/es\/wp-json\/wp\/v2\/estado?post=7733"},{"taxonomy":"academia","embeddable":true,"href":"https:\/\/staging.forumjustica.com.br\/es\/wp-json\/wp\/v2\/academia?post=7733"},{"taxonomy":"sociedade_civil","embeddable":true,"href":"https:\/\/staging.forumjustica.com.br\/es\/wp-json\/wp\/v2\/sociedade_civil?post=7733"}],"curies":[{"name":"wp","href":"https:\/\/api.w.org\/{rel}","templated":true}]}}