{"id":7709,"date":"2013-12-03T18:18:21","date_gmt":"2013-12-03T20:18:21","guid":{"rendered":"https:\/\/forumjustica.vlannetwork.com\/?p=7709"},"modified":"2022-09-04T21:15:52","modified_gmt":"2022-09-05T00:15:52","slug":"mst-homenageia-cicero-guedes-em-sua-iv-feira-estadual-da-reforma-agraria-2013-11-19-iv-feira-estadual-da-reforma-agraria-cicero-guedes-nos-proximos-dias-9-e-10-de-dezembro-o-movimento-dos-trabalh","status":"publish","type":"post","link":"https:\/\/staging.forumjustica.com.br\/es\/mst-homenageia-cicero-guedes-em-sua-iv-feira-estadual-da-reforma-agraria-2013-11-19-iv-feira-estadual-da-reforma-agraria-cicero-guedes-nos-proximos-dias-9-e-10-de-dezembro-o-movimento-dos-trabalh\/","title":{"rendered":"MST homenageia C\u00edcero Guedes em sua IV Feira Estadual da Reforma Agr\u00e1ria"},"content":{"rendered":"<p><a href=\"http:\/\/boletimmstrj.mst.org.br\/img\/email-Feira-2013.jpg\"><img loading=\"lazy\" decoding=\"async\" src=\"http:\/\/boletimmstrj.mst.org.br\/img\/email-Feira-2013-512x384.jpg\" alt=\"IV Feira Estadual da Reforma Agr\u00e1ria - C\u00edcero Guedes\" width=\"512\" height=\"384\" \/><\/a><\/p>\n<p>Nos pr\u00f3ximos dias 9 e 10 de dezembro, o Movimento dos Trabalhadores Rurais Sem Terra \u2013 MST, ir\u00e1 realizar a quarta edi\u00e7\u00e3o da Feira Estadual da Reforma Agr\u00e1ria, no Rio de Janeiro. O evento acontece no Largo da Carioca, regi\u00e3o central da cidade. Uma grande tenda receber\u00e1 cerca de 100 camponeses e camponesas, que trar\u00e3o os frutos da luta pela terra para o centro da cidade.<\/p>\n<p>Este ano, a feira recebe o nome de C\u00edcero Guedes, militante do MST assassinado em janeiro, no munic\u00edpio de Campos dos Goytacazes. C\u00edcero era refer\u00eancia na produ\u00e7\u00e3o de alimentos saud\u00e1veis, e foi o grande idealizador da feira. Em uma de suas \u00faltimas entrevistas, C\u00edcero falou sobre o significado da feira: \u201c\u00c9 de grande import\u00e2ncia para n\u00f3s dialogar com a sociedade, mostrar os produtos da reforma agr\u00e1ria e falar com a popula\u00e7\u00e3o sobre o que significa essa luta.\u201d<\/p>\n<p>A expectativa \u00e9 de que sejam comercializadas 25 toneladas de produtos, entre frutas, legumes e verduras\u00a0<em>in natura<\/em>, produtos processados, fitoter\u00e1picos, mudas, receitas caseiras e camisetas. Quatro cooperativas do MST estar\u00e3o presentes, al\u00e9m dos camponeses e camponesas vindos de acampamentos e assentamentos das regi\u00f5es norte e sul do estado, da baixada fluminense e da regi\u00e3o dos lagos.<\/p>\n<p>Al\u00e9m do MST, participam da feira agricultores ligados \u00e0 Articula\u00e7\u00e3o de Agroecologia do Rio de Janeiro e ao Movimento dos Pequenos Agricultores. A Campanha Permanente Contra os Agrot\u00f3xicos e Pela Vida tamb\u00e9m estar\u00e1 presente para dialogar com os visitantes sobre os motivos que levam nosso pa\u00eds a ser maior consumidor de agrot\u00f3xicos do mundo.<\/p>\n<p>A feira conta ainda com apoio do Sindipetro-RJ, do jornal Brasil de Fato e da editora Express\u00e3o Popular.<\/p>\n<p>&nbsp;<br \/>\n<a href=\"http:\/\/boletimmstrj.mst.org.br\/mst-homenageia-cicero-guedes-em-sua-iv-feira-estadual-da-reforma-agraria\/\"><br \/>\nhttp:\/\/boletimmstrj.mst.org.br\/mst-homenageia-cicero-guedes-em-sua-iv-feira-estadual-da-reforma-agraria\/<\/a><\/p>\n","protected":false},"excerpt":{"rendered":"<p>Nos pr\u00f3ximos dias 9 e 10 de dezembro, o Movimento dos Trabalhadores Rurais Sem Terra \u2013 MST, ir\u00e1 realizar a quarta edi\u00e7\u00e3o da Feira Estadual da Reforma Agr\u00e1ria, no Rio de Janeiro. O evento acontece no Largo da Carioca, regi\u00e3o central da cidade. Uma grande tenda receber\u00e1 cerca de 100 camponeses e camponesas, que trar\u00e3o [&hellip;]<\/p>\n","protected":false},"author":13,"featured_media":0,"comment_status":"open","ping_status":"closed","sticky":false,"template":"","format":"standard","meta":{"inline_featured_image":false,"footnotes":""},"categories":[1],"tags":[],"anos":[],"projetos":[],"autorias":[],"eixos_tematicos":[],"locais":[],"pessoas":[],"estado":[],"academia":[],"sociedade_civil":[],"class_list":["post-7709","post","type-post","status-publish","format-standard","hentry","category-noticias"],"_links":{"self":[{"href":"https:\/\/staging.forumjustica.com.br\/es\/wp-json\/wp\/v2\/posts\/7709","targetHints":{"allow":["GET"]}}],"collection":[{"href":"https:\/\/staging.forumjustica.com.br\/es\/wp-json\/wp\/v2\/posts"}],"about":[{"href":"https:\/\/staging.forumjustica.com.br\/es\/wp-json\/wp\/v2\/types\/post"}],"author":[{"embeddable":true,"href":"https:\/\/staging.forumjustica.com.br\/es\/wp-json\/wp\/v2\/users\/13"}],"replies":[{"embeddable":true,"href":"https:\/\/staging.forumjustica.com.br\/es\/wp-json\/wp\/v2\/comments?post=7709"}],"version-history":[{"count":1,"href":"https:\/\/staging.forumjustica.com.br\/es\/wp-json\/wp\/v2\/posts\/7709\/revisions"}],"predecessor-version":[{"id":17423,"href":"https:\/\/staging.forumjustica.com.br\/es\/wp-json\/wp\/v2\/posts\/7709\/revisions\/17423"}],"wp:attachment":[{"href":"https:\/\/staging.forumjustica.com.br\/es\/wp-json\/wp\/v2\/media?parent=7709"}],"wp:term":[{"taxonomy":"category","embeddable":true,"href":"https:\/\/staging.forumjustica.com.br\/es\/wp-json\/wp\/v2\/categories?post=7709"},{"taxonomy":"post_tag","embeddable":true,"href":"https:\/\/staging.forumjustica.com.br\/es\/wp-json\/wp\/v2\/tags?post=7709"},{"taxonomy":"anos","embeddable":true,"href":"https:\/\/staging.forumjustica.com.br\/es\/wp-json\/wp\/v2\/anos?post=7709"},{"taxonomy":"projetos","embeddable":true,"href":"https:\/\/staging.forumjustica.com.br\/es\/wp-json\/wp\/v2\/projetos?post=7709"},{"taxonomy":"autorias","embeddable":true,"href":"https:\/\/staging.forumjustica.com.br\/es\/wp-json\/wp\/v2\/autorias?post=7709"},{"taxonomy":"eixos_tematicos","embeddable":true,"href":"https:\/\/staging.forumjustica.com.br\/es\/wp-json\/wp\/v2\/eixos_tematicos?post=7709"},{"taxonomy":"locais","embeddable":true,"href":"https:\/\/staging.forumjustica.com.br\/es\/wp-json\/wp\/v2\/locais?post=7709"},{"taxonomy":"pessoas","embeddable":true,"href":"https:\/\/staging.forumjustica.com.br\/es\/wp-json\/wp\/v2\/pessoas?post=7709"},{"taxonomy":"estado","embeddable":true,"href":"https:\/\/staging.forumjustica.com.br\/es\/wp-json\/wp\/v2\/estado?post=7709"},{"taxonomy":"academia","embeddable":true,"href":"https:\/\/staging.forumjustica.com.br\/es\/wp-json\/wp\/v2\/academia?post=7709"},{"taxonomy":"sociedade_civil","embeddable":true,"href":"https:\/\/staging.forumjustica.com.br\/es\/wp-json\/wp\/v2\/sociedade_civil?post=7709"}],"curies":[{"name":"wp","href":"https:\/\/api.w.org\/{rel}","templated":true}]}}