{"id":7641,"date":"2013-12-03T09:00:41","date_gmt":"2013-12-03T11:00:41","guid":{"rendered":"https:\/\/forumjustica.vlannetwork.com\/?p=7641"},"modified":"2022-09-04T21:15:52","modified_gmt":"2022-09-05T00:15:52","slug":"6-e-712-conferencia-estadual-da-defensoria-publica-do-estado-de-sao-paulo","status":"publish","type":"post","link":"https:\/\/staging.forumjustica.com.br\/es\/6-e-712-conferencia-estadual-da-defensoria-publica-do-estado-de-sao-paulo\/","title":{"rendered":"6 e 7\/12: Confer\u00eancia Estadual da Defensoria P\u00fablica do Estado de S\u00e3o Paulo"},"content":{"rendered":"<p><\/p>\n<blockquote><p><span style=\"text-decoration: underline;\"> <\/span><\/p>\n<p><a href=\"https:\/\/staging.forumjustica.com.br\/wp-content\/uploads\/2013\/11\/ouvidoria-sp.jpg\"><img loading=\"lazy\" decoding=\"async\" class=\"alignleft size-full wp-image-7642\" title=\"ouvidoria sp\" src=\"https:\/\/staging.forumjustica.com.br\/wp-content\/uploads\/2013\/11\/ouvidoria-sp.jpg\" alt=\"\" width=\"441\" height=\"153\" \/><\/a><\/p>\n<p>\u00a0<\/p>\n<p>\u00a0<\/p>\n<p>\u00a0<\/p>\n<p>\u00a0<\/p>\n<p>\u00a0<\/p>\n<p><strong><span style=\"text-decoration: underline;\">Comunicado especial<\/span><\/strong><\/p>\n<p><strong> <\/strong><\/p>\n<p><strong>Convite<\/strong><\/p>\n<p><strong>6 e 7\/12: Participe da Confer\u00eancia Estadual da Defensoria<\/strong><\/p>\n<p><em><br \/>\n<\/em><em>Evento \u00e9 aberto a participa\u00e7\u00e3o social, reunindo Delegadas e Delegados eleitos nas Pr\u00e9-Confer\u00eancias para priorizar Diretrizes de atua\u00e7\u00e3o para a institui\u00e7\u00e3o<\/em><\/p>\n<p>Na noite da\u00a0<strong>sexta-feira, 6\/12<\/strong>, come\u00e7a na\u00a0<strong>C\u00e2mara Municipal<\/strong> de S\u00e3o Paulo a<strong> IV Confer\u00eancia Estadual da Defensoria P\u00fablica do Estado de S\u00e3o Paulo<\/strong>, etapa final de seu IV Ciclo de Confer\u00eancias. O evento ter\u00e1 dura\u00e7\u00e3o de um dia e meio, com atividades previstas tamb\u00e9m para s\u00e1bado, 7\/12, no mesmo local.<\/p>\n<p>A Confer\u00eancia reunir\u00e1 cerca de 150 Delegadas e Delegados eleitos nas Pr\u00e9-Confer\u00eancias regionais do Ciclo, realizadas entre agosto e setembro. A participa\u00e7\u00e3o \u00e9 aberta a todas e todos que queiram contribuir com o debate sobre as prioridades de atua\u00e7\u00e3o da Defensoria P\u00fablica. O credenciamento ser\u00e1 feito no primeiro dia do evento, das 17h30 \u00e0s 19h.<\/p>\n<p>Na Confer\u00eancia, ser\u00e1 discutido o conjunto de propostas apresentadas nas etapas regionais. A metodologia de trabalho ser\u00e1 participativa, valorizando os mecanismos de intera\u00e7\u00e3o entre integrantes da Defensoria e a Sociedade Civil. A vota\u00e7\u00e3o para priorizar as Diretrizes apresentadas \u00e0 Defensoria ser\u00e1 feita pelas Delegadas e pelos Delegados.<\/p>\n<p><strong><a href=\"http:\/\/www.defensoria.sp.gov.br\/dpesp\/Default.aspx?idPagina=5331\" target=\"_blank\" rel=\"noopener\">Clique aqui para acessar os materiais de apoio<\/a><\/strong> para a Confer\u00eancia Estadual, como o Caderno de Propostas reunidas e Mo\u00e7\u00f5es j\u00e1 apresentadas, Regimento e Programa\u00e7\u00e3o completa, entre outros.<\/p>\n<p>\u00a0<\/p>\n<p><strong><span style=\"text-decoration: underline;\"> <\/span><\/strong><\/p>\n<p><strong><span style=\"text-decoration: underline;\">Servi\u00e7o:<\/span><\/strong><\/p>\n<p><strong>IV Confer\u00eancia Estadual da Defensoria P\u00fablica do Estado de S\u00e3o Paulo<\/strong><\/p>\n<p><strong>Data: <\/strong>6 e 7 de dezembro (sexta-feira e s\u00e1bado)<strong> <\/strong><\/p>\n<p><strong>Hor\u00e1rio: <\/strong>Sexta-feira, das 18h \u00e0s 22h; s\u00e1bado, das 8h \u00e0s 18h<\/p>\n<p><strong>Local: <\/strong>C\u00e2mara Municipal de S\u00e3o Paulo &#8211; Pal\u00e1cio Anchieta<\/p>\n<p><strong>Endere\u00e7o: <\/strong>Viaduto Jacare\u00ed, 100 \u2013 Bela Vista, S\u00e3o Paulo &#8211; SP<\/p>\n<p><strong> <\/strong><\/p>\n<p><strong>Material de apoio:<\/strong><\/p>\n<p><a href=\"http:\/\/www.defensoria.sp.gov.br\/dpesp\/Default.aspx?idPagina=5331\" target=\"_blank\" rel=\"noopener\">http:\/\/www.defensoria.sp.gov.br\/dpesp\/Default.aspx?idPagina=5331<\/a><\/p>\n<p><strong> <\/strong><\/p>\n<p><strong><br \/>\nSaiba mais e acompanhe<\/strong><\/p>\n<p><strong> <\/strong><\/p>\n<p><strong>Acesse a p\u00e1gina da <\/strong><strong><a href=\"http:\/\/www.defensoria.sp.gov.br\/dpesp\/Default.aspx?idPagina=2881\" target=\"_blank\" rel=\"noopener\">Ouvidoria<\/a> <\/strong><strong>na internet<\/strong><\/p>\n<p><strong>Acompanhe a Ouvidoria nas redes sociais:<\/strong><\/p>\n<table border=\"0\" cellspacing=\"0\" cellpadding=\"0\">\n<tbody>\n<tr>\n<td width=\"57\" valign=\"bottom\">\u00a0<\/p>\n<p><a href=\"https:\/\/www.facebook.com\/OuvidoriaGeralDPESP\" target=\"_blank\" rel=\"noopener\"><\/a><\/td>\n<td width=\"57\" valign=\"bottom\">\u00a0<\/p>\n<p><a href=\"http:\/\/www.youtube.com\/OuvidoriaGeralDPESP\" target=\"_blank\" rel=\"noopener\"><\/a><\/td>\n<td width=\"57\" valign=\"bottom\">\u00a0<\/p>\n<p><a href=\"https:\/\/twitter.com\/OuvidoriaDPESP\" target=\"_blank\" rel=\"noopener\"><\/a><\/td>\n<td width=\"57\" valign=\"bottom\">\u00a0<\/p>\n<p><a href=\"https:\/\/plus.google.com\/113102332890543892397\/photos?banner=pwa\" target=\"_blank\" rel=\"noopener\"><\/a><\/td>\n<\/tr>\n<tr>\n<td width=\"57\" valign=\"top\"><a href=\"https:\/\/www.facebook.com\/OuvidoriaGeralDPESP\" target=\"_blank\" rel=\"noopener\">Facebook<\/a><\/td>\n<td width=\"57\" valign=\"top\"><a href=\"http:\/\/www.youtube.com\/OuvidoriaGeralDPESP\" target=\"_blank\" rel=\"noopener\">Youtube<\/a><\/td>\n<td width=\"57\" valign=\"top\"><a href=\"http:\/\/twitter.com\/ouvidoriadpesp\" target=\"_blank\" rel=\"noopener\">Twitter<\/a><\/td>\n<td width=\"57\" valign=\"top\"><a href=\"https:\/\/plus.google.com\/113102332890543892397\/photos?banner=pwa\" target=\"_blank\" rel=\"noopener\">Google+<\/a><\/td>\n<\/tr>\n<\/tbody>\n<\/table>\n<p><strong>Equipe da Ouvidoria-Geral<\/strong><\/p>\n<table border=\"0\" cellspacing=\"0\" cellpadding=\"0\" width=\"517\">\n<tbody>\n<tr>\n<td width=\"272\" valign=\"top\">Ouvidora-Geral<\/td>\n<td width=\"246\" valign=\"top\">Luciana Zaffalon<\/td>\n<\/tr>\n<tr>\n<td width=\"272\" valign=\"top\">Assessora T\u00e9cnica\u00a0<\/p>\n<p>Assistente T\u00e9cnica II<\/td>\n<td width=\"246\" valign=\"top\">Cristina Uch\u00f4a\u00a0<\/p>\n<p>Fernanda Barbosa Euflauzino<\/td>\n<\/tr>\n<tr>\n<td width=\"272\" valign=\"top\">Assistente T\u00e9cnica I\u00a0<\/p>\n<p>Assistente T\u00e9cnico I<\/td>\n<td width=\"246\" valign=\"top\">Fabiana Borin\u00a0<\/p>\n<p>Paulo C\u00e9sar Malvezzi Filho<\/td>\n<\/tr>\n<tr>\n<td width=\"272\" valign=\"top\">Administra\u00e7\u00e3o e Atendimento<\/td>\n<td width=\"246\" valign=\"top\">Pacelli Cartaxo Bastos<\/td>\n<\/tr>\n<tr>\n<td width=\"272\" valign=\"top\">Administra\u00e7\u00e3o e Atendimento<\/td>\n<td width=\"246\" valign=\"top\">Maria Cristina Ferreira Salerno<\/td>\n<\/tr>\n<tr>\n<td width=\"272\" valign=\"top\">Estagi\u00e1ria de Administra\u00e7\u00e3o<\/td>\n<td width=\"246\" valign=\"top\">Antonia Gomes de Oliveira<\/td>\n<\/tr>\n<tr>\n<td width=\"272\" valign=\"top\">Estagi\u00e1ria de Comunica\u00e7\u00e3o\u00a0<\/p>\n<p>Estagi\u00e1rio de Ensino M\u00e9dio<\/td>\n<td width=\"246\" valign=\"top\">Karoline Lopes<br \/>\nHigor Silva<\/td>\n<\/tr>\n<\/tbody>\n<\/table>\n<p>\u00a0<\/p><\/blockquote>\n<p>\u00a0<\/p>","protected":false},"excerpt":{"rendered":"<p>\u00a0 \u00a0 \u00a0 \u00a0 \u00a0 Comunicado especial Convite 6 e 7\/12: Participe da Confer\u00eancia Estadual da Defensoria Evento \u00e9 aberto a participa\u00e7\u00e3o social, reunindo Delegadas e Delegados eleitos nas Pr\u00e9-Confer\u00eancias para priorizar Diretrizes de atua\u00e7\u00e3o para a institui\u00e7\u00e3o Na noite da\u00a0sexta-feira, 6\/12, come\u00e7a na\u00a0C\u00e2mara Municipal de S\u00e3o Paulo a IV Confer\u00eancia Estadual da Defensoria P\u00fablica [&hellip;]<\/p>\n","protected":false},"author":13,"featured_media":0,"comment_status":"open","ping_status":"closed","sticky":false,"template":"","format":"standard","meta":{"inline_featured_image":false,"footnotes":""},"categories":[1],"tags":[],"anos":[],"projetos":[],"autorias":[],"eixos_tematicos":[],"locais":[],"pessoas":[],"estado":[],"academia":[],"sociedade_civil":[],"class_list":["post-7641","post","type-post","status-publish","format-standard","hentry","category-noticias"],"_links":{"self":[{"href":"https:\/\/staging.forumjustica.com.br\/es\/wp-json\/wp\/v2\/posts\/7641","targetHints":{"allow":["GET"]}}],"collection":[{"href":"https:\/\/staging.forumjustica.com.br\/es\/wp-json\/wp\/v2\/posts"}],"about":[{"href":"https:\/\/staging.forumjustica.com.br\/es\/wp-json\/wp\/v2\/types\/post"}],"author":[{"embeddable":true,"href":"https:\/\/staging.forumjustica.com.br\/es\/wp-json\/wp\/v2\/users\/13"}],"replies":[{"embeddable":true,"href":"https:\/\/staging.forumjustica.com.br\/es\/wp-json\/wp\/v2\/comments?post=7641"}],"version-history":[{"count":1,"href":"https:\/\/staging.forumjustica.com.br\/es\/wp-json\/wp\/v2\/posts\/7641\/revisions"}],"predecessor-version":[{"id":17424,"href":"https:\/\/staging.forumjustica.com.br\/es\/wp-json\/wp\/v2\/posts\/7641\/revisions\/17424"}],"wp:attachment":[{"href":"https:\/\/staging.forumjustica.com.br\/es\/wp-json\/wp\/v2\/media?parent=7641"}],"wp:term":[{"taxonomy":"category","embeddable":true,"href":"https:\/\/staging.forumjustica.com.br\/es\/wp-json\/wp\/v2\/categories?post=7641"},{"taxonomy":"post_tag","embeddable":true,"href":"https:\/\/staging.forumjustica.com.br\/es\/wp-json\/wp\/v2\/tags?post=7641"},{"taxonomy":"anos","embeddable":true,"href":"https:\/\/staging.forumjustica.com.br\/es\/wp-json\/wp\/v2\/anos?post=7641"},{"taxonomy":"projetos","embeddable":true,"href":"https:\/\/staging.forumjustica.com.br\/es\/wp-json\/wp\/v2\/projetos?post=7641"},{"taxonomy":"autorias","embeddable":true,"href":"https:\/\/staging.forumjustica.com.br\/es\/wp-json\/wp\/v2\/autorias?post=7641"},{"taxonomy":"eixos_tematicos","embeddable":true,"href":"https:\/\/staging.forumjustica.com.br\/es\/wp-json\/wp\/v2\/eixos_tematicos?post=7641"},{"taxonomy":"locais","embeddable":true,"href":"https:\/\/staging.forumjustica.com.br\/es\/wp-json\/wp\/v2\/locais?post=7641"},{"taxonomy":"pessoas","embeddable":true,"href":"https:\/\/staging.forumjustica.com.br\/es\/wp-json\/wp\/v2\/pessoas?post=7641"},{"taxonomy":"estado","embeddable":true,"href":"https:\/\/staging.forumjustica.com.br\/es\/wp-json\/wp\/v2\/estado?post=7641"},{"taxonomy":"academia","embeddable":true,"href":"https:\/\/staging.forumjustica.com.br\/es\/wp-json\/wp\/v2\/academia?post=7641"},{"taxonomy":"sociedade_civil","embeddable":true,"href":"https:\/\/staging.forumjustica.com.br\/es\/wp-json\/wp\/v2\/sociedade_civil?post=7641"}],"curies":[{"name":"wp","href":"https:\/\/api.w.org\/{rel}","templated":true}]}}