{"id":6777,"date":"2013-08-02T09:00:13","date_gmt":"2013-08-02T11:00:13","guid":{"rendered":"https:\/\/forumjustica.vlannetwork.com\/?p=6777"},"modified":"2022-09-04T21:16:14","modified_gmt":"2022-09-05T00:16:14","slug":"o-que-foram-as-manifestacoes-de-junho-e-o-que-e-insustentavel-afirmar-sobre-elas","status":"publish","type":"post","link":"https:\/\/staging.forumjustica.com.br\/es\/o-que-foram-as-manifestacoes-de-junho-e-o-que-e-insustentavel-afirmar-sobre-elas\/","title":{"rendered":"O que foram as manifesta\u00e7\u00f5es de junho e o que \u00e9 insustent\u00e1vel afirmar sobre elas"},"content":{"rendered":"<p>23\/07\/2013 &#8211; Por Leonardo Avritzer<\/p>\n<p><a href=\"https:\/\/staging.forumjustica.com.br\/wp-content\/uploads\/2013\/08\/manifestacoes_0.jpg\"><img loading=\"lazy\" decoding=\"async\" src=\"https:\/\/staging.forumjustica.com.br\/wp-content\/uploads\/2013\/08\/manifestacoes_0.jpg\" alt=\"\" title=\"manifestacoes_0\" width=\"200\" height=\"120\" class=\"aligncenter size-full wp-image-6778\" \/><\/a><br \/>\nFoto: Fernando Fraz\u00e3o\/ Ag\u00eancia Brasil<\/p>\n<p><strong>A grande quest\u00e3o que se coloca hoje na ressaca das grandes manifesta\u00e7\u00f5es de junho \u00e9 entender o seu significado, que \u00e9 objeto de disputas e contesta\u00e7\u00f5es no pa\u00eds neste momento.<\/strong><\/p>\n<p>As manifesta\u00e7\u00f5es p\u00fablicas que ocorreram no Brasil no \u00faltimo m\u00eas de junho podem ser analisadas sob diversos \u00e2ngulos: alguns analistas ressaltaram o papel das redes sociais nessas mobiliza\u00e7\u00f5es que trazem para o Brasil caracter\u00edsticas j\u00e1 vistas em outros lugares do mundo (Egito e Turquia recentemente). Outros analistas enfatizaram o papel da juventude que n\u00e3o era vista na pol\u00edtica brasileira desde o movimento dos caras pintadas. Ainda outros analistas t\u00eam enfatizado o papel da luta contra o sistema pol\u00edtico e a corrup\u00e7\u00e3o. E por fim, vimos at\u00e9 mesmo alguns analistas, sem senso de rid\u00edculo, dizendo que as manifesta\u00e7\u00f5es s\u00e3o contra a voltas do nacional-desenvolvimentismo.<\/p>\n<p>Na verdade, a grande quest\u00e3o que se coloca hoje na ressaca das grandes manifesta\u00e7\u00f5es de junho \u00e9 entender o seu significado, que \u00e9 objeto de disputas e contesta\u00e7\u00f5es no pa\u00eds neste momento. Isto se d\u00e1 por dois motivos: um primeiro porque as manifesta\u00e7\u00f5es representaram uma democratiza\u00e7\u00e3o do espa\u00e7o p\u00fablico e do espa\u00e7o medi\u00e1tico, ambas as dimens\u00f5es simbolizadas pela ideia de \u201cocupar as ruas\u201d. No capitalismo global com monop\u00f3lio medi\u00e1tico que n\u00f3s vivemos, a rua \u00e9 o \u00fanico espa\u00e7o que n\u00e3o tem nenhum controle econ\u00f4mico e nenhum interpreta\u00e7\u00e3o preconcebida. Ela \u00e9 o \u00fanico local onde a democracia pode ser exercida na sua plenitude.<\/p>\n<p>Mas, estas manifesta\u00e7\u00f5es mostraram tamb\u00e9m como o monop\u00f3lio medi\u00e1tico \u00e9 relativizado em momentos de grande manifesta\u00e7\u00e3o. No dia 06 de junho, os locais mais acessados das redes sociais no Brasil eram: o portal do Estad\u00e3o, seguido pelo do Movimento Passe Livre, Anonymous Brasil, Ninja e o site da Carta Capital (segundo an\u00e1lise do Interagentes   reproduzida abaixo). Alguns fen\u00f4menos s\u00e3o importantes de serem apontados. A mobiliza\u00e7\u00e3o nas redes relativiza o papel da grande imprensa desde que a TV aberta n\u00e3o seja claramente um ator no espa\u00e7o p\u00fablico, tal como a Globo n\u00e3o foi at\u00e9 pelo menos o dia 10 de junho. \u00c9 justamente nessas situa\u00e7\u00f5es que emergiu um certo pluralismo que permitiu que as manifesta\u00e7\u00f5es n\u00e3o fossem apropriadas pela grande imprensa, mas se constitu\u00edssem em um universo mais plural de demandas e reivindica\u00e7\u00f5es, em seu primeiro momento.<\/p>\n<p>Seis maiores autoridades (hubs que apontam para outros hubs) da rede no dia 06\/06:<\/p>\n<p>1 &#8211; Estad\u00e3o<\/p>\n<p>2 &#8211; Passe Livre S\u00e3o Paulo<\/p>\n<p>3 &#8211; AnonymousBrasil<\/p>\n<p>4 &#8211; NINJA<\/p>\n<p>5 &#8211; CartaCapital<\/p>\n<p>6 &#8211; O Globo<\/p>\n<p>\u00c9 interessante a partir desta amostra dos grandes divulgadores do movimento na internet analisar quais foram as principais reivindica\u00e7\u00f5es e temas que apareceram na rede neste momento. Claramente, neste primeiro momento, o que aparece como o centro do movimento \u00e9 a ideia do passe-livre, se tomamos como base os dados para o dia 07 de junho da plataforma causabrasil.com.br   que sistematizou os dados de mais de 1.200.000 manifesta\u00e7\u00f5es nas redes sociais (www.causabrasil.com.br)  .<\/p>\n<p>Segundo estes dados, as principais demandas das manifesta\u00e7\u00f5es no dia 07 de junho eram: pre\u00e7o das passagens, democracia, qualidade do transporte p\u00fablico, postura da pol\u00edcia e governo Dilma Roussef. Neste caso, est\u00e1 bastante clara a origem do movimento. Ele surgiu em um campo de esquerda semi-petista ou p\u00f3s-petista que envolveu militantes de diferentes movimentos da juventude quase todos de esquerda com uma agenda de democratiza\u00e7\u00e3o do acesso ao transporte p\u00fablico e com cr\u00edticas ao sistema pol\u00edtico. Tais cr\u00edticas, em quase todos os casos, estavam relacionadas ao que podemos denominar de forma da democracia, isto \u00e9, uma cr\u00edtica \u00e0 maneira como o governo federal e, em especial, o Congresso Nacional vem governando o pa\u00eds atrav\u00e9s de acordos para a nomea\u00e7\u00e3o de cargos pol\u00edticos.<\/p>\n<p>Descri\u00e7\u00e3o dos temas das redes em 07\/06:<\/p>\n<p>Ainda \u00e9 cedo para avaliar plenamente o que ocorreu no Brasil entre os dias 06 e 20 de junho de 2013. Mas algumas hip\u00f3teses podem ser levantadas. A partir da fort\u00edssima repress\u00e3o policial na manifesta\u00e7\u00e3o do dia 13 de junho ocorreram pelo menos tr\u00eas fen\u00f4menos inter-relacionados. Em primeiro lugar, uma fragmenta\u00e7\u00e3o da presen\u00e7a dos organizadores do movimento nas redes sociais que foram sendo paulatinamente substitu\u00eddos por um conjunto plural e fortemente despolitizado de sites e perfis da internet, tal como mostra a tabela 2 abaixo tamb\u00e9m extra\u00edda do site interagentes. O portal do Estad\u00e3o se manteve em primeiro lugar entre o primeiro e o quarto ato p\u00fablico. O portal da carta capital deixa os dez primeiros lugares a partir do dia 08 de junho. A partir do dia 21 de junho somente o Estad\u00e3o se mantem entre os 10 principais hubs\/autoridades acessados ainda assim no oitavo lugar. Os sites\/perfis mais acessados que passam a ser:<\/p>\n<p>1 &#8211; Anonymous Brasil<\/p>\n<p>2 &#8211; Movimento Contra Corrup\u00e7\u00e3o<\/p>\n<p>3 &#8211; \u00daltima Hora<\/p>\n<p>4 &#8211; Isso \u00e9 Brasil<\/p>\n<p>5 &#8211; A Verdade Nua &#038; Crua<\/p>\n<p>6 &#8211; A Educa\u00e7\u00e3o \u00e9 a Arma para mudar o Mundo<\/p>\n<p>7 &#8211; Rede Esgoto de televis\u00e3o<\/p>\n<p>8 &#8211; Estad\u00e3o<\/p>\n<p>Quando olhamos os temas que foram majoritariamente abordados nas redes sociais percebemos, mais uma vez, atrav\u00e9s dos dados do causa brasil, uma mudan\u00e7a completa de temas. No momento em que estes s\u00e3o os sites\/perfis mais procurados, tamb\u00e9m mudam radicalmente os temas e sua centralidade. Podemos dizer que houve claramente um deslocamento do tema do pre\u00e7o das passagens que acabou sendo substitu\u00eddo por tr\u00eas ou cinco temas com express\u00e3o muito semelhante: o governo Dilma, gastos das obras da copa, a seguran\u00e7a p\u00fablica, sa\u00fade e educa\u00e7\u00e3o. Neste momento, n\u00e3o ficou claro quais eram as pautas principais do movimento e mesmo quais eram as suas lideran\u00e7as. A lideran\u00e7a do Movimento Passe Livre anunciou que pararia de convocar manifesta\u00e7\u00f5es no dia 21 de junho. Assim, ao final de junho t\u00ednhamos uma tripla constela\u00e7\u00e3o um pouco problem\u00e1tica que levou a um impasse no movimento. Esta constela\u00e7\u00e3o foi constitu\u00edda por uma perda completa da centralidade dos sites de not\u00edcia na internet, por uma entrada de site\/perfis conservadores na convoca\u00e7\u00e3o de manifesta\u00e7\u00f5es e na retirada do Movimento Passe Livre da convoca\u00e7\u00e3o destas mesmas manifesta\u00e7\u00f5es (ainda que ele tenha voltado atr\u00e1s um pouco depois).<\/p>\n<p>Esta nova constela\u00e7\u00e3o alterou fortemente a maneira como as not\u00edcias sobre o movimento circularam. O diagrama abaixo \u00e9 um retrato dos temas que circularam na internet nos \u00faltimos dias de junho e nos primeiro de julho. Aqui notamos os seguintes fen\u00f4menos: uma forte pluraliza\u00e7\u00e3o dos temas alguns sem nenhuma conex\u00e3o com outros, como por exemplo, seguran\u00e7a com gastos da copa e a migra\u00e7\u00e3o de quest\u00f5es relacionadas ao governo Dilma para o centro das aten\u00e7\u00f5es. Foi neste momento, que quase tivemos no Brasil uma onda anti-pol\u00edtica seguindo-se a uma forte politiza\u00e7\u00e3o da rua.<\/p>\n<p>Descri\u00e7\u00e3o dos temas das redes no dia 30-06:<\/p>\n<p>A partir do final de junho acentua-se uma outra tend\u00eancia. Esta tend\u00eancia parece ter sido formada por dois processos. A rea\u00e7\u00e3o da presidente Dilma Roussef, atrav\u00e9s do seu pronunciamento na televis\u00e3o no dia 21 de junho, mudou a tend\u00eancia das postagens e estabeleceu uma nova rela\u00e7\u00e3o entre a m\u00eddia e internet. Dilma passou a pautar mais fortemente uma re-politiza\u00e7\u00e3o do movimento que se expressou no pronunciamento dela, no recebimento das lideran\u00e7as do movimento e na reuni\u00e3o com os governadores. Os tr\u00eas eventos conjuntamente marcaram fortemente uma readequa\u00e7\u00e3o da pauta e das autoridades da internet que foram relevantes a partir dos \u00faltimos dias de junho. No que diz respeito as autoridades da internet, o site do interagentes n\u00e3o tem dados para este per\u00edodo, ainda que poder\u00edamos supor uma certa re-acomoda\u00e7\u00e3o da rela\u00e7\u00e3o entre sites\/perfis independentes e sites\/perfis de alguns dos grandes \u00f3rg\u00e3os medi\u00e1ticos.<\/p>\n<p>No que diz respeito aos temas que circularam na internet, percebemos um movimento interessante. O governo Dilma sai do centro das postagens ainda que tenham sido significativas as postagens relativas ao governo. O centro agora \u00e9 ocupado por um conjunto  de postagens relacionados a temas pol\u00edticos ou de pol\u00edticas p\u00fablicas, tais como, educa\u00e7\u00e3o, sa\u00fade, papel dos partidos e combate \u00e0 corrup\u00e7\u00e3o. Assim, depois de um per\u00edodo de fragmenta\u00e7\u00e3o das mensagens e de des-politiza\u00e7\u00e3o dos temas, temos um retorno a temas e mensagens pol\u00edticas.<\/p>\n<p>Principais temas na internet nos dias 06 e 07-07:<\/p>\n<p>Temos, assim, delineados temas e grandes agendadores das manifesta\u00e7\u00f5es de junho e a partir da\u00ed \u00e9 poss\u00edvel fazer uma an\u00e1lise destas manifesta\u00e7\u00f5es. Elas definitivamente come\u00e7aram com o tema do pre\u00e7o das passagens no seu centro, ainda que tivessem tamb\u00e9m expressado, inicialmente, preocupa\u00e7\u00e3o com a democracia e com a postura da pol\u00edcia. O governo Dilma aparecia, neste momento, com um tema secund\u00e1rio. Os sites\/perfis que melhor expressavam o movimento eram ou sites\/perfis mais independentes ou sites de informa\u00e7\u00e3o. A mudan\u00e7a na agenda a partir da segunda semana de Junho \u00e9 clara e envolve dois processos, o de fragmenta\u00e7\u00e3o dos temas e o de pluraliza\u00e7\u00e3o das autoridades que geraram as noticias na internet. Este processo s\u00f3 \u00e9 relativizado no final de junho com a resposta da presidente e do sistema pol\u00edtico \u00e0s manifesta\u00e7\u00f5es. Neste momento, h\u00e1 uma retomada de temas pol\u00edticos e preocupa\u00e7\u00e3o com pol\u00edticas p\u00fablicas, como sa\u00fade, educa\u00e7\u00e3o e reforma pol\u00edtica.<\/p>\n<p>A li\u00e7\u00e3o que fica das manifesta\u00e7\u00f5es tanto para o sistema pol\u00edtico quanto para a opini\u00e3o p\u00fablica pode, talvez, ser resumida da seguinte forma: h\u00e1 um enorme potencial de insatisfa\u00e7\u00e3o ligado a infra-estrutura urbana e \u00e0s pol\u00edticas p\u00fablicas no Brasil hoje. Este potencial tem sido explorado por atores de esquerda, mas pode vir tamb\u00e9m a ser objeto de manifesta\u00e7\u00f5es de atores conservadores, quando a porta de entrada leva apenas a uma agenda despolitizada relativa \u00e0 luta anti-corrup\u00e7\u00e3o. As diferentes constela\u00e7\u00f5es pol\u00edticas das manifesta\u00e7\u00f5es de junho podem ser analisadas da seguinte forma: quando o governo e os atores sociais progressistas se separam, tal como ocorreu, entre os dias 06 e 20 de junho, o potencial que se expressa \u00e9 o da fragmenta\u00e7\u00e3o e da canaliza\u00e7\u00e3o conservadora destas demandas. Quando os dois se unem em uma agenda comum, o que come\u00e7ou a ocorrer a partir do dia 21 de junho, o movimento expressa uma vis\u00e3o progressista da pol\u00edtica. Ou seja, a li\u00e7\u00e3o das manifesta\u00e7\u00f5es de junho \u00e9 que o governo federal precisa dos atores sociais cr\u00edticos e estes necessitam do governo. A reforma pol\u00edtica expressa da melhor forma poss\u00edvel a rela\u00e7\u00e3o entre os dois.<\/p>\n<p>\u00a0<\/p>\n<p><a href=\"http:\/\/democraciaejustica.org\/cienciapolitica3\/node\/1054\">http:\/\/democraciaejustica.org\/cienciapolitica3\/node\/1054<\/a><\/p>","protected":false},"excerpt":{"rendered":"<p>23\/07\/2013 &#8211; Por Leonardo Avritzer Foto: Fernando Fraz\u00e3o\/ Ag\u00eancia Brasil A grande quest\u00e3o que se coloca hoje na ressaca das grandes manifesta\u00e7\u00f5es de junho \u00e9 entender o seu significado, que \u00e9 objeto de disputas e contesta\u00e7\u00f5es no pa\u00eds neste momento. As manifesta\u00e7\u00f5es p\u00fablicas que ocorreram no Brasil no \u00faltimo m\u00eas de junho podem ser analisadas [&hellip;]<\/p>\n","protected":false},"author":13,"featured_media":0,"comment_status":"open","ping_status":"closed","sticky":false,"template":"","format":"standard","meta":{"inline_featured_image":false,"footnotes":""},"categories":[1],"tags":[],"anos":[],"projetos":[],"autorias":[],"eixos_tematicos":[],"locais":[],"pessoas":[],"estado":[],"academia":[],"sociedade_civil":[],"class_list":["post-6777","post","type-post","status-publish","format-standard","hentry","category-noticias"],"_links":{"self":[{"href":"https:\/\/staging.forumjustica.com.br\/es\/wp-json\/wp\/v2\/posts\/6777","targetHints":{"allow":["GET"]}}],"collection":[{"href":"https:\/\/staging.forumjustica.com.br\/es\/wp-json\/wp\/v2\/posts"}],"about":[{"href":"https:\/\/staging.forumjustica.com.br\/es\/wp-json\/wp\/v2\/types\/post"}],"author":[{"embeddable":true,"href":"https:\/\/staging.forumjustica.com.br\/es\/wp-json\/wp\/v2\/users\/13"}],"replies":[{"embeddable":true,"href":"https:\/\/staging.forumjustica.com.br\/es\/wp-json\/wp\/v2\/comments?post=6777"}],"version-history":[{"count":1,"href":"https:\/\/staging.forumjustica.com.br\/es\/wp-json\/wp\/v2\/posts\/6777\/revisions"}],"predecessor-version":[{"id":17556,"href":"https:\/\/staging.forumjustica.com.br\/es\/wp-json\/wp\/v2\/posts\/6777\/revisions\/17556"}],"wp:attachment":[{"href":"https:\/\/staging.forumjustica.com.br\/es\/wp-json\/wp\/v2\/media?parent=6777"}],"wp:term":[{"taxonomy":"category","embeddable":true,"href":"https:\/\/staging.forumjustica.com.br\/es\/wp-json\/wp\/v2\/categories?post=6777"},{"taxonomy":"post_tag","embeddable":true,"href":"https:\/\/staging.forumjustica.com.br\/es\/wp-json\/wp\/v2\/tags?post=6777"},{"taxonomy":"anos","embeddable":true,"href":"https:\/\/staging.forumjustica.com.br\/es\/wp-json\/wp\/v2\/anos?post=6777"},{"taxonomy":"projetos","embeddable":true,"href":"https:\/\/staging.forumjustica.com.br\/es\/wp-json\/wp\/v2\/projetos?post=6777"},{"taxonomy":"autorias","embeddable":true,"href":"https:\/\/staging.forumjustica.com.br\/es\/wp-json\/wp\/v2\/autorias?post=6777"},{"taxonomy":"eixos_tematicos","embeddable":true,"href":"https:\/\/staging.forumjustica.com.br\/es\/wp-json\/wp\/v2\/eixos_tematicos?post=6777"},{"taxonomy":"locais","embeddable":true,"href":"https:\/\/staging.forumjustica.com.br\/es\/wp-json\/wp\/v2\/locais?post=6777"},{"taxonomy":"pessoas","embeddable":true,"href":"https:\/\/staging.forumjustica.com.br\/es\/wp-json\/wp\/v2\/pessoas?post=6777"},{"taxonomy":"estado","embeddable":true,"href":"https:\/\/staging.forumjustica.com.br\/es\/wp-json\/wp\/v2\/estado?post=6777"},{"taxonomy":"academia","embeddable":true,"href":"https:\/\/staging.forumjustica.com.br\/es\/wp-json\/wp\/v2\/academia?post=6777"},{"taxonomy":"sociedade_civil","embeddable":true,"href":"https:\/\/staging.forumjustica.com.br\/es\/wp-json\/wp\/v2\/sociedade_civil?post=6777"}],"curies":[{"name":"wp","href":"https:\/\/api.w.org\/{rel}","templated":true}]}}