{"id":6770,"date":"2013-08-02T09:00:25","date_gmt":"2013-08-02T11:00:25","guid":{"rendered":"https:\/\/forumjustica.vlannetwork.com\/?p=6770"},"modified":"2022-09-04T21:16:14","modified_gmt":"2022-09-05T00:16:14","slug":"iv-ciclo-de-conferencias-publicas-da-defensoria-publica-do-estado-de-sao-paulo","status":"publish","type":"post","link":"https:\/\/staging.forumjustica.com.br\/es\/iv-ciclo-de-conferencias-publicas-da-defensoria-publica-do-estado-de-sao-paulo\/","title":{"rendered":"IV Ciclo de Confer\u00eancias P\u00fablicas da Defensoria P\u00fablica do Estado de S\u00e3o Paulo"},"content":{"rendered":"<p><a href=\"https:\/\/staging.forumjustica.com.br\/wp-content\/uploads\/2013\/08\/banner_site.jpg\"><img loading=\"lazy\" decoding=\"async\" src=\"https:\/\/staging.forumjustica.com.br\/wp-content\/uploads\/2013\/08\/banner_site.jpg\" alt=\"\" title=\"banner_site\" width=\"650\" height=\"120\" class=\"aligncenter size-full wp-image-6771\" \/><\/a><br \/>\nDPESP\/Portal &#8211; Not\u00edcias<\/p>\n<p>A Defensoria P\u00fablica de SP inicia nesta semana seu IV Ciclo de Confer\u00eancias P\u00fablicas, a ser realizado em 22 regionais da institui\u00e7\u00e3o localizadas no Estado. Previsto para ocorrer a cada dois anos, o Ciclo de Confer\u00eancias tem o objetivo de identificar as principais demandas da sociedade civil e abrir espa\u00e7o para que a popula\u00e7\u00e3o participe da elabora\u00e7\u00e3o dos par\u00e2metros que ir\u00e3o orientar o Plano Anual de Atua\u00e7\u00e3o da institui\u00e7\u00e3o. A iniciativa permite que os cidad\u00e3os participem das diretrizes institucionais, do acompanhamento e da fiscaliza\u00e7\u00e3o das a\u00e7\u00f5es e projetos desenvolvidos pela Defensoria.<\/p>\n<p>O processo inicia-se pelas Pr\u00e9-Confer\u00eancias Regionais, organizadas em diversas cidades do Estado que contam com unidades da Defensoria. Nesse primeiro momento, a popula\u00e7\u00e3o tem a possibilidade de debater sobre a atua\u00e7\u00e3o da Defensoria, opinar sobre as \u00e1reas que demandam aten\u00e7\u00e3o priorit\u00e1ria e propor medidas. Ao final, s\u00e3o eleitos delegados que ir\u00e3o representar a popula\u00e7\u00e3o local em uma Confer\u00eancia Estadual.<\/p>\n<p>No pr\u00f3ximo s\u00e1bado (3\/8), as Regionais de Presidente Prudente (558km da Capital) e ABC (Grande S\u00e3o Paulo) ir\u00e3o sediar as primeiras Pr\u00e9-Confer\u00eancias deste Ciclo.<\/p>\n<p>Em Presidente Prudente, o evento ser\u00e1 realizado entre 8h30 e 12h30 nas Faculdades Integradas Antonio Eufrasio de Toledo, localizada na Pra\u00e7a Raul Furquim, n\u00ba 9, Vila Furquim. O evento no Grande ABC acontece na cidade de S\u00e3o Bernardo do Campo, das 9h \u00e0s 13h, na Faculdade Metodista, localizada na Rua Alfeu Tavares, n\u00ba 149, Rudge Ramos.<\/p>\n<p>Durante a Confer\u00eancia Estadual, os delegados eleitos se re\u00fanem para avaliar os par\u00e2metros propostos e aprovar as diretrizes que ir\u00e3o orientar o Plano Anual de Atua\u00e7\u00e3o da Defensoria, a ser aprovado pelo seu Conselho Superior. Neste ano, a IV Confer\u00eancia Estadual ocorrer\u00e1 nos dias 6 e 7 de dezembro, na C\u00e2mara Municipal de S\u00e3o Paulo &#8211; Pal\u00e1cio Anchieta.<\/p>\n<p>Para  a Defensora P\u00fablica Geral do Estado, Daniela Sollberger Cembranelli, a realiza\u00e7\u00e3o do ciclo assegura um \u201cmodelo \u00fanico no cen\u00e1rio jur\u00eddico nacional, em que a popula\u00e7\u00e3o diretamente interessada na atua\u00e7\u00e3o desse \u00f3rg\u00e3o p\u00fablico n\u00e3o \u00e9 somente ouvida por ele, mas pode interferir, diretamente, em sua constru\u00e7\u00e3o e aperfei\u00e7oamento. Trata-se de um mecanismo de transpar\u00eancia que assegura a posi\u00e7\u00e3o de protagonismo \u00e0 sociedade civil, que atrav\u00e9s das propostas aprovadas nas confer\u00eancias fixa as premissas que ir\u00e3o nortear os rumos da Defensoria nos dois anos seguintes\u201d.<\/p>\n<p>Segundo a Ouvidora-Geral da Defensoria P\u00fablica, Luciana Zaffalon, \u201cessa constru\u00e7\u00e3o tem ainda o cond\u00e3o de cristalizar um espa\u00e7o para o exerc\u00edcio da cidadania e para a pr\u00e1tica da educa\u00e7\u00e3o em direitos, legitimando a fun\u00e7\u00e3o pol\u00edtica inovadora que a Defensoria tem como parte do nosso sistema de Justi\u00e7a\u201d.<\/p>\n<p>No \u00faltimo Ciclo de Confer\u00eancias, realizado em 2011, 440 propostas foram apresentadas pelos delegados eleitos em 22 Pr\u00e9-Confer\u00eancias Regionais.  As sugest\u00f5es foram distribu\u00eddas em nove grupos tem\u00e1ticos que encaminharam 90 propostas para a sess\u00e3o plen\u00e1ria: 50 foram aprovadas.<\/p>\n<p>Para mais informa\u00e7\u00f5es, acesse o site do Ciclo de Confer\u00eancias da Defensoria P\u00fablica de SP: www.defensoria.sp.gov.br\/conferencias<\/p>","protected":false},"excerpt":{"rendered":"<p>DPESP\/Portal &#8211; Not\u00edcias A Defensoria P\u00fablica de SP inicia nesta semana seu IV Ciclo de Confer\u00eancias P\u00fablicas, a ser realizado em 22 regionais da institui\u00e7\u00e3o localizadas no Estado. Previsto para ocorrer a cada dois anos, o Ciclo de Confer\u00eancias tem o objetivo de identificar as principais demandas da sociedade civil e abrir espa\u00e7o para que [&hellip;]<\/p>\n","protected":false},"author":13,"featured_media":0,"comment_status":"open","ping_status":"closed","sticky":false,"template":"","format":"standard","meta":{"inline_featured_image":false,"footnotes":""},"categories":[1],"tags":[],"anos":[],"projetos":[],"autorias":[],"eixos_tematicos":[],"locais":[],"pessoas":[],"estado":[],"academia":[],"sociedade_civil":[],"class_list":["post-6770","post","type-post","status-publish","format-standard","hentry","category-noticias"],"_links":{"self":[{"href":"https:\/\/staging.forumjustica.com.br\/es\/wp-json\/wp\/v2\/posts\/6770","targetHints":{"allow":["GET"]}}],"collection":[{"href":"https:\/\/staging.forumjustica.com.br\/es\/wp-json\/wp\/v2\/posts"}],"about":[{"href":"https:\/\/staging.forumjustica.com.br\/es\/wp-json\/wp\/v2\/types\/post"}],"author":[{"embeddable":true,"href":"https:\/\/staging.forumjustica.com.br\/es\/wp-json\/wp\/v2\/users\/13"}],"replies":[{"embeddable":true,"href":"https:\/\/staging.forumjustica.com.br\/es\/wp-json\/wp\/v2\/comments?post=6770"}],"version-history":[{"count":1,"href":"https:\/\/staging.forumjustica.com.br\/es\/wp-json\/wp\/v2\/posts\/6770\/revisions"}],"predecessor-version":[{"id":17555,"href":"https:\/\/staging.forumjustica.com.br\/es\/wp-json\/wp\/v2\/posts\/6770\/revisions\/17555"}],"wp:attachment":[{"href":"https:\/\/staging.forumjustica.com.br\/es\/wp-json\/wp\/v2\/media?parent=6770"}],"wp:term":[{"taxonomy":"category","embeddable":true,"href":"https:\/\/staging.forumjustica.com.br\/es\/wp-json\/wp\/v2\/categories?post=6770"},{"taxonomy":"post_tag","embeddable":true,"href":"https:\/\/staging.forumjustica.com.br\/es\/wp-json\/wp\/v2\/tags?post=6770"},{"taxonomy":"anos","embeddable":true,"href":"https:\/\/staging.forumjustica.com.br\/es\/wp-json\/wp\/v2\/anos?post=6770"},{"taxonomy":"projetos","embeddable":true,"href":"https:\/\/staging.forumjustica.com.br\/es\/wp-json\/wp\/v2\/projetos?post=6770"},{"taxonomy":"autorias","embeddable":true,"href":"https:\/\/staging.forumjustica.com.br\/es\/wp-json\/wp\/v2\/autorias?post=6770"},{"taxonomy":"eixos_tematicos","embeddable":true,"href":"https:\/\/staging.forumjustica.com.br\/es\/wp-json\/wp\/v2\/eixos_tematicos?post=6770"},{"taxonomy":"locais","embeddable":true,"href":"https:\/\/staging.forumjustica.com.br\/es\/wp-json\/wp\/v2\/locais?post=6770"},{"taxonomy":"pessoas","embeddable":true,"href":"https:\/\/staging.forumjustica.com.br\/es\/wp-json\/wp\/v2\/pessoas?post=6770"},{"taxonomy":"estado","embeddable":true,"href":"https:\/\/staging.forumjustica.com.br\/es\/wp-json\/wp\/v2\/estado?post=6770"},{"taxonomy":"academia","embeddable":true,"href":"https:\/\/staging.forumjustica.com.br\/es\/wp-json\/wp\/v2\/academia?post=6770"},{"taxonomy":"sociedade_civil","embeddable":true,"href":"https:\/\/staging.forumjustica.com.br\/es\/wp-json\/wp\/v2\/sociedade_civil?post=6770"}],"curies":[{"name":"wp","href":"https:\/\/api.w.org\/{rel}","templated":true}]}}