{"id":6636,"date":"2013-07-26T13:23:56","date_gmt":"2013-07-26T15:23:56","guid":{"rendered":"https:\/\/forumjustica.vlannetwork.com\/?p=6636"},"modified":"2022-09-04T21:16:14","modified_gmt":"2022-09-05T00:16:14","slug":"seminario-discute-producao-acesso-consumo-e-divulgacao-de-alimentos-no-municipio-do-rio-de-janeiro","status":"publish","type":"post","link":"https:\/\/staging.forumjustica.com.br\/es\/seminario-discute-producao-acesso-consumo-e-divulgacao-de-alimentos-no-municipio-do-rio-de-janeiro\/","title":{"rendered":"Semin\u00e1rio discute produ\u00e7\u00e3o, acesso, consumo e divulga\u00e7\u00e3o de alimentos no munic\u00edpio do Rio de Janeiro"},"content":{"rendered":"<p>No dia 12 de agosto, agricultores e entidades que apoiam a produ\u00e7\u00e3o local se re\u00fanem no semin\u00e1rio Sistemas alimentares sustent\u00e1veis: desafios da inclus\u00e3o produtiva para fomentar a seguran\u00e7a alimentar e nutricional do munic\u00edpio do Rio de Janeiro. O evento vai acontecer no Centro Municipal de Arte H\u00e9lio Oticica, com organiza\u00e7\u00e3o do Conselho Municipal de Seguran\u00e7a Alimentar e Nutricional do Rio de Janeiro. \u00c9 aberto ao p\u00fablico, e trata-se de uma oportunidade para conhecer quem planta e o que se produz na cidade; e tamb\u00e9m de colaborar com solu\u00e7\u00f5es para estreitar a dist\u00e2ncia entre produtores e consumidores locais.<\/p>\n<p>O objetivo \u00e9 discutir produ\u00e7\u00e3o, acesso, consumo e divulga\u00e7\u00e3o de alimentos cultivados no munic\u00edpio. Esse sistema deve ser mais sustent\u00e1vel, pois envolve sa\u00fade, economia, meio ambiente, manuten\u00e7\u00e3o da biodiversidade, pol\u00edticas p\u00fablicas, e a preserva\u00e7\u00e3o de tradi\u00e7\u00f5es regionais. O aipim da terra preta da Santa Cruz, o caqui da Pedra Branca, a banana de Vargem Grande, al\u00e9m de coco, chuchu e inhame s\u00e3o alguns sabores produzidos na regi\u00e3o, que apesar de ter mais de 9.200 trabalhadores em \u00e1reas rurais, n\u00e3o tem a agricultura reconhecida. O Plano Diretor do Rio de Janeiro (Lei Complementar n\u00ba111\/2011), considera o munic\u00edpio \u201cinteiramente urbano\u201d.<\/p>\n<p>Com isso, esse contingente de agricultores familiares, segundo dados do Censo 2010, do Instituto Brasileiro de Geografia e Estat\u00edstica (IBGE), enfrenta dificuldades para comercializar a produ\u00e7\u00e3o em feiras, mercados e programas de compra de alimentos, como o Programa Nacional de Alimenta\u00e7\u00e3o Escolar (Pnae). Al\u00e9m de n\u00e3o obter financiamento e certifica\u00e7\u00f5es.  Por sua vez, o consumidor desconhece essa realidade, e n\u00e3o encontra com facilidade alimentos e produtos da agricultura familiar de sua regi\u00e3o. Este desencontro \u00e9 uma das pautas que ir\u00e1 permear as mesas-redondas do semin\u00e1rio ao reunir atores do sistema alimentar carioca. Entre os convidados, Miriam Langenbach, idealizadora da Rede Ecol\u00f3gica, um modelo de compras coletivas; Teresa Cor\u00e7\u00e3o, chef de cozinha, presidente do Instituto Ecochefs Maniva e diretora de sustentabilidade do SindRio; e Gabriela Fernandez Sanches, doutora em economia agr\u00e1ria.<\/p>\n<p>Al\u00e9m dos debates, est\u00e1 prevista a atividade \u201cDi\u00e1logos Transversais\u201d, com a finalidade de promover a circula\u00e7\u00e3o de ideias e solu\u00e7\u00f5es entre os participantes. Esta ser\u00e1 a mat\u00e9ria-prima para propor encaminhamentos a partir do semin\u00e1rio. A comida \u00e9 o v\u00ednculo mais resistente de uma cultura, depois da l\u00edngua. Conhecer o que se come \u00e9 fundamental para promover um sistema alimentar sustent\u00e1vel para agricultores e consumidores. O semin\u00e1rio ser\u00e1 um espa\u00e7o de troca de saberes a fim de manter e cultivar uma agricultura urbana vigorosa na cidade maravilhosa.<\/p>\n<p>Informa\u00e7\u00f5es e inscri\u00e7\u00f5es: (21) 2976-1034 e consea-rio@pcrj.rj.gov.br, clique aqui e veja a programa\u00e7\u00e3o.<\/p>\n<p>Servi\u00e7o<br \/>\nDia: 12 de agosto<br \/>\nHor\u00e1rio: 9h \u00e0s 17h<br \/>\nLocal: Centro Municipal de Arte H\u00e9lio Oticica &#8211; audit\u00f3rio do CMAHO<\/p>\n<p>Fonte: Conselho Municipal de Seguran\u00e7a Alimentar e Nutricional do Rio de Janeiro<br \/>\n<a href=\"http:\/\/www4.planalto.gov.br\/consea\/noticias\/noticias\/2013\/07\/seminario-discute-producao-acesso-consumo-e-divulgacao-de-alimentos-no-municipio-do-rio-de-janeiro\"><br \/>\nhttp:\/\/www4.planalto.gov.br\/consea\/noticias\/noticias\/2013\/07\/seminario-discute-producao-acesso-consumo-e-divulgacao-de-alimentos-no-municipio-do-rio-de-janeiro<\/a><\/p>\n","protected":false},"excerpt":{"rendered":"<p>No dia 12 de agosto, agricultores e entidades que apoiam a produ\u00e7\u00e3o local se re\u00fanem no semin\u00e1rio Sistemas alimentares sustent\u00e1veis: desafios da inclus\u00e3o produtiva para fomentar a seguran\u00e7a alimentar e nutricional do munic\u00edpio do Rio de Janeiro. O evento vai acontecer no Centro Municipal de Arte H\u00e9lio Oticica, com organiza\u00e7\u00e3o do Conselho Municipal de Seguran\u00e7a [&hellip;]<\/p>\n","protected":false},"author":13,"featured_media":0,"comment_status":"open","ping_status":"closed","sticky":false,"template":"","format":"standard","meta":{"inline_featured_image":false,"footnotes":""},"categories":[1],"tags":[],"anos":[],"projetos":[],"autorias":[],"eixos_tematicos":[],"locais":[],"pessoas":[],"estado":[],"academia":[],"sociedade_civil":[],"class_list":["post-6636","post","type-post","status-publish","format-standard","hentry","category-noticias"],"_links":{"self":[{"href":"https:\/\/staging.forumjustica.com.br\/es\/wp-json\/wp\/v2\/posts\/6636","targetHints":{"allow":["GET"]}}],"collection":[{"href":"https:\/\/staging.forumjustica.com.br\/es\/wp-json\/wp\/v2\/posts"}],"about":[{"href":"https:\/\/staging.forumjustica.com.br\/es\/wp-json\/wp\/v2\/types\/post"}],"author":[{"embeddable":true,"href":"https:\/\/staging.forumjustica.com.br\/es\/wp-json\/wp\/v2\/users\/13"}],"replies":[{"embeddable":true,"href":"https:\/\/staging.forumjustica.com.br\/es\/wp-json\/wp\/v2\/comments?post=6636"}],"version-history":[{"count":1,"href":"https:\/\/staging.forumjustica.com.br\/es\/wp-json\/wp\/v2\/posts\/6636\/revisions"}],"predecessor-version":[{"id":17562,"href":"https:\/\/staging.forumjustica.com.br\/es\/wp-json\/wp\/v2\/posts\/6636\/revisions\/17562"}],"wp:attachment":[{"href":"https:\/\/staging.forumjustica.com.br\/es\/wp-json\/wp\/v2\/media?parent=6636"}],"wp:term":[{"taxonomy":"category","embeddable":true,"href":"https:\/\/staging.forumjustica.com.br\/es\/wp-json\/wp\/v2\/categories?post=6636"},{"taxonomy":"post_tag","embeddable":true,"href":"https:\/\/staging.forumjustica.com.br\/es\/wp-json\/wp\/v2\/tags?post=6636"},{"taxonomy":"anos","embeddable":true,"href":"https:\/\/staging.forumjustica.com.br\/es\/wp-json\/wp\/v2\/anos?post=6636"},{"taxonomy":"projetos","embeddable":true,"href":"https:\/\/staging.forumjustica.com.br\/es\/wp-json\/wp\/v2\/projetos?post=6636"},{"taxonomy":"autorias","embeddable":true,"href":"https:\/\/staging.forumjustica.com.br\/es\/wp-json\/wp\/v2\/autorias?post=6636"},{"taxonomy":"eixos_tematicos","embeddable":true,"href":"https:\/\/staging.forumjustica.com.br\/es\/wp-json\/wp\/v2\/eixos_tematicos?post=6636"},{"taxonomy":"locais","embeddable":true,"href":"https:\/\/staging.forumjustica.com.br\/es\/wp-json\/wp\/v2\/locais?post=6636"},{"taxonomy":"pessoas","embeddable":true,"href":"https:\/\/staging.forumjustica.com.br\/es\/wp-json\/wp\/v2\/pessoas?post=6636"},{"taxonomy":"estado","embeddable":true,"href":"https:\/\/staging.forumjustica.com.br\/es\/wp-json\/wp\/v2\/estado?post=6636"},{"taxonomy":"academia","embeddable":true,"href":"https:\/\/staging.forumjustica.com.br\/es\/wp-json\/wp\/v2\/academia?post=6636"},{"taxonomy":"sociedade_civil","embeddable":true,"href":"https:\/\/staging.forumjustica.com.br\/es\/wp-json\/wp\/v2\/sociedade_civil?post=6636"}],"curies":[{"name":"wp","href":"https:\/\/api.w.org\/{rel}","templated":true}]}}