{"id":6611,"date":"2013-07-23T17:00:33","date_gmt":"2013-07-23T19:00:33","guid":{"rendered":"https:\/\/forumjustica.vlannetwork.com\/?p=6611"},"modified":"2022-09-04T21:16:14","modified_gmt":"2022-09-05T00:16:14","slug":"justica-precisa-de-mecanismos-de-participacao-social","status":"publish","type":"post","link":"https:\/\/staging.forumjustica.com.br\/es\/justica-precisa-de-mecanismos-de-participacao-social\/","title":{"rendered":"Justi\u00e7a precisa de mecanismos de participa\u00e7\u00e3o social"},"content":{"rendered":"<p><strong>Por Ant\u00f4nio S\u00e9rgio Escriv\u00e3o Filho e \u00c9rika Lula de Medeiros<\/strong><em><\/p>\n<p>Em um momento em que milhares de pessoas tomaram as ruas para manifestar indigna\u00e7\u00e3o, e reivindicar reforma das institui\u00e7\u00f5es e a realiza\u00e7\u00e3o de direitos, \u00e9 imprescind\u00edvel e oportuno identificar e situar o debate acerca do sistema de justi\u00e7a nesta conjuntura.<\/p>\n<p>A agenda pol\u00edtica de justi\u00e7a tem aparecido no atual contexto de grandes mobiliza\u00e7\u00f5es, mas n\u00e3o necessariamente por estar aberta \u00e0s demandas que v\u00eam das ruas. Historicamente o sistema de justi\u00e7a exerce diversas fun\u00e7\u00f5es pol\u00edticas, dentre elas as de i) controle social, atrav\u00e9s da criminaliza\u00e7\u00e3o da luta por direitos; ii) de bloqueio, mas tamb\u00e9m de alguns avan\u00e7os nas pol\u00edticas de direitos humanos; e iii) legitima\u00e7\u00e3o do sistema pol\u00edtico.<\/p>\n<p>Nesse sentido, \u00e9 fundamental ter em vista que o Poder Judici\u00e1rio comp\u00f5e, resguardadas a sua autonomia e independ\u00eancia, o quadro das institui\u00e7\u00f5es do sistema pol\u00edtico brasileiro, e n\u00e3o pode ficar \u00e0 dist\u00e2ncia, deslocado ou resguardado das transforma\u00e7\u00f5es que o Brasil demanda. N\u00e3o se pode discutir reforma do sistema pol\u00edtico, nem reivindicar mudan\u00e7as estruturais em nossa sociedade, sem retomar o debate acerca da reforma do sistema de justi\u00e7a, agora fundada sobre as bases de uma cultura de direitos humanos.<\/p>\n<p>A justi\u00e7a brasileira precisa dialogar com o povo, precisa se sensibilizar com o momento de demandas de direitos colocadas nas ruas, precisa incorporar mecanismos de participa\u00e7\u00e3o social e de transpar\u00eancia, e se comprometer com o combate \u00e0s viola\u00e7\u00f5es de direitos humanos.<\/p>\n<p>Desse modo, a Articula\u00e7\u00e3o Justi\u00e7a e Direitos Humanos \u2013 JusDh vem atuando junto ao sistema de justi\u00e7a, ao legislativo e executivo, para a incorpora\u00e7\u00e3o de mecanismos voltados para a sua democratiza\u00e7\u00e3o, como a implementa\u00e7\u00e3o de ouvidorias externas e de or\u00e7amentos participativos, a abertura institucional a mais audi\u00eancias p\u00fablicas e f\u00f3runs com a participa\u00e7\u00e3o da sociedade civil sobre tem\u00e1ticas de direitos humanos, al\u00e9m da transpar\u00eancia como diretriz de gest\u00e3o.<\/p>\n<p>Avalia-se que tais transforma\u00e7\u00f5es democr\u00e1ticas na justi\u00e7a est\u00e3o ao alcance das organiza\u00e7\u00f5es e movimentos sociais, e s\u00e3o de responsabilidade imediata de todas as institui\u00e7\u00f5es que comp\u00f5em o sistema de justi\u00e7a, sejam do Poder Judici\u00e1rio, Minist\u00e9rio P\u00fablico, Defensorias ou Advocacia. Neste sentido, identificamos no incipiente debate acerca da reforma da Lei Org\u00e2nica da Magistratura Nacional \u2013 Loman, elaborada pela ditadura civil-militar, uma oportunidade para a discuss\u00e3o, implementa\u00e7\u00e3o e difus\u00e3o destes mecanismos e de uma cultura democr\u00e1tica voltada ao compromisso com a efetiva\u00e7\u00e3o dos direitos humanos em nosso pa\u00eds.<\/p>\n<p>\u00c9 tempo de repensarmos o modelo de ingresso e a captura olig\u00e1rquica nas carreiras jur\u00eddicas, de discutirmos os desafios de como incorporar a pluralidade de nossa sociedade no universo jur\u00eddico, de rompermos com a elitiza\u00e7\u00e3o desse espa\u00e7o. \u00c9 momento, portanto, de reforma pol\u00edtica da justi\u00e7a e de construirmos um sistema de justi\u00e7a que esteja a servi\u00e7o e compromissado com a efetiva\u00e7\u00e3o dos direitos humanos no Brasil.<\/p>\n<p>Ant\u00f4nio S\u00e9rgio Escriv\u00e3o Filho \u00e9 coordenador da organiza\u00e7\u00e3o Terra de Direitos e integrante da JusDh.<\/p>\n<p>\u00c9rika Lula de Medeiros \u00e9 secret\u00e1ria executiva da JusDh &#8211; Articula\u00e7\u00e3o Justi\u00e7a e Direitos Humanos.<\/p>\n<p>Revista Consultor Jur\u00eddico, 19 de julho de 2013<br \/>\n<a href=\"http:\/\/www.conjur.com.br\/2013-jul-19\/justica-mecanismos-participacao-social-transparencia\"><br \/>\nhttp:\/\/www.conjur.com.br\/2013-jul-19\/justica-mecanismos-participacao-social-transparencia<\/a><\/p>\n","protected":false},"excerpt":{"rendered":"<p>Por Ant\u00f4nio S\u00e9rgio Escriv\u00e3o Filho e \u00c9rika Lula de Medeiros Em um momento em que milhares de pessoas tomaram as ruas para manifestar indigna\u00e7\u00e3o, e reivindicar reforma das institui\u00e7\u00f5es e a realiza\u00e7\u00e3o de direitos, \u00e9 imprescind\u00edvel e oportuno identificar e situar o debate acerca do sistema de justi\u00e7a nesta conjuntura. A agenda pol\u00edtica de justi\u00e7a [&hellip;]<\/p>\n","protected":false},"author":13,"featured_media":0,"comment_status":"open","ping_status":"closed","sticky":false,"template":"","format":"standard","meta":{"inline_featured_image":false,"footnotes":""},"categories":[1],"tags":[],"anos":[],"projetos":[],"autorias":[],"eixos_tematicos":[],"locais":[],"pessoas":[],"estado":[],"academia":[],"sociedade_civil":[],"class_list":["post-6611","post","type-post","status-publish","format-standard","hentry","category-noticias"],"_links":{"self":[{"href":"https:\/\/staging.forumjustica.com.br\/es\/wp-json\/wp\/v2\/posts\/6611","targetHints":{"allow":["GET"]}}],"collection":[{"href":"https:\/\/staging.forumjustica.com.br\/es\/wp-json\/wp\/v2\/posts"}],"about":[{"href":"https:\/\/staging.forumjustica.com.br\/es\/wp-json\/wp\/v2\/types\/post"}],"author":[{"embeddable":true,"href":"https:\/\/staging.forumjustica.com.br\/es\/wp-json\/wp\/v2\/users\/13"}],"replies":[{"embeddable":true,"href":"https:\/\/staging.forumjustica.com.br\/es\/wp-json\/wp\/v2\/comments?post=6611"}],"version-history":[{"count":1,"href":"https:\/\/staging.forumjustica.com.br\/es\/wp-json\/wp\/v2\/posts\/6611\/revisions"}],"predecessor-version":[{"id":17565,"href":"https:\/\/staging.forumjustica.com.br\/es\/wp-json\/wp\/v2\/posts\/6611\/revisions\/17565"}],"wp:attachment":[{"href":"https:\/\/staging.forumjustica.com.br\/es\/wp-json\/wp\/v2\/media?parent=6611"}],"wp:term":[{"taxonomy":"category","embeddable":true,"href":"https:\/\/staging.forumjustica.com.br\/es\/wp-json\/wp\/v2\/categories?post=6611"},{"taxonomy":"post_tag","embeddable":true,"href":"https:\/\/staging.forumjustica.com.br\/es\/wp-json\/wp\/v2\/tags?post=6611"},{"taxonomy":"anos","embeddable":true,"href":"https:\/\/staging.forumjustica.com.br\/es\/wp-json\/wp\/v2\/anos?post=6611"},{"taxonomy":"projetos","embeddable":true,"href":"https:\/\/staging.forumjustica.com.br\/es\/wp-json\/wp\/v2\/projetos?post=6611"},{"taxonomy":"autorias","embeddable":true,"href":"https:\/\/staging.forumjustica.com.br\/es\/wp-json\/wp\/v2\/autorias?post=6611"},{"taxonomy":"eixos_tematicos","embeddable":true,"href":"https:\/\/staging.forumjustica.com.br\/es\/wp-json\/wp\/v2\/eixos_tematicos?post=6611"},{"taxonomy":"locais","embeddable":true,"href":"https:\/\/staging.forumjustica.com.br\/es\/wp-json\/wp\/v2\/locais?post=6611"},{"taxonomy":"pessoas","embeddable":true,"href":"https:\/\/staging.forumjustica.com.br\/es\/wp-json\/wp\/v2\/pessoas?post=6611"},{"taxonomy":"estado","embeddable":true,"href":"https:\/\/staging.forumjustica.com.br\/es\/wp-json\/wp\/v2\/estado?post=6611"},{"taxonomy":"academia","embeddable":true,"href":"https:\/\/staging.forumjustica.com.br\/es\/wp-json\/wp\/v2\/academia?post=6611"},{"taxonomy":"sociedade_civil","embeddable":true,"href":"https:\/\/staging.forumjustica.com.br\/es\/wp-json\/wp\/v2\/sociedade_civil?post=6611"}],"curies":[{"name":"wp","href":"https:\/\/api.w.org\/{rel}","templated":true}]}}