{"id":6598,"date":"2013-07-18T21:14:08","date_gmt":"2013-07-18T23:14:08","guid":{"rendered":"https:\/\/forumjustica.vlannetwork.com\/?p=6598"},"modified":"2022-09-04T21:16:15","modified_gmt":"2022-09-05T00:16:15","slug":"convocacao-ato-na-vila-autodromo-riosemremocoes","status":"publish","type":"post","link":"https:\/\/staging.forumjustica.com.br\/es\/convocacao-ato-na-vila-autodromo-riosemremocoes\/","title":{"rendered":"Convoca\u00e7\u00e3o Ato na Vila Aut\u00f3dromo #RioSemRemo\u00e7\u00f5es"},"content":{"rendered":"<p>A Comunidade de Moradores e Pescadores da Vila Aut\u00f3dromo, em tempos de luta pela cidadania plena e pela conquista de todos os direitos que foram sequestrados das trabalhadoras e trabalhadores desta cidade, CONVOCA todas as Comunidades, os Movimentos Sociais e seus apoiadores para um ATO DE PROTESTO na Comunidade:<\/p>\n<p>1. Pelo direito \u00e0 moradia e \u00e0 cidade!<br \/>\n2. N\u00e3o \u00e0s remo\u00e7\u00f5es!<br \/>\n3. Contra a militariza\u00e7\u00e3o da pol\u00edcia!<\/p>\n<p>Vamos participar e divulgar!!<\/p>\n<p><a href=\"https:\/\/staging.forumjustica.com.br\/wp-content\/uploads\/2013\/07\/convoca\u00e7\u00e3o-ato-vila-aut\u00f3dromo.jpg\"><img loading=\"lazy\" decoding=\"async\" src=\"https:\/\/staging.forumjustica.com.br\/wp-content\/uploads\/2013\/07\/convoca\u00e7\u00e3o-ato-vila-aut\u00f3dromo.jpg\" alt=\"\" title=\"convoca\u00e7\u00e3o ato vila aut\u00f3dromo\" width=\"683\" height=\"960\" class=\"aligncenter size-full wp-image-6599\" \/><\/a><\/p>\n","protected":false},"excerpt":{"rendered":"<p>A Comunidade de Moradores e Pescadores da Vila Aut\u00f3dromo, em tempos de luta pela cidadania plena e pela conquista de todos os direitos que foram sequestrados das trabalhadoras e trabalhadores desta cidade, CONVOCA todas as Comunidades, os Movimentos Sociais e seus apoiadores para um ATO DE PROTESTO na Comunidade: 1. Pelo direito \u00e0 moradia e [&hellip;]<\/p>\n","protected":false},"author":13,"featured_media":0,"comment_status":"open","ping_status":"closed","sticky":false,"template":"","format":"standard","meta":{"inline_featured_image":false,"footnotes":""},"categories":[1],"tags":[],"anos":[],"projetos":[],"autorias":[],"eixos_tematicos":[],"locais":[],"pessoas":[],"estado":[],"academia":[],"sociedade_civil":[],"class_list":["post-6598","post","type-post","status-publish","format-standard","hentry","category-noticias"],"_links":{"self":[{"href":"https:\/\/staging.forumjustica.com.br\/es\/wp-json\/wp\/v2\/posts\/6598","targetHints":{"allow":["GET"]}}],"collection":[{"href":"https:\/\/staging.forumjustica.com.br\/es\/wp-json\/wp\/v2\/posts"}],"about":[{"href":"https:\/\/staging.forumjustica.com.br\/es\/wp-json\/wp\/v2\/types\/post"}],"author":[{"embeddable":true,"href":"https:\/\/staging.forumjustica.com.br\/es\/wp-json\/wp\/v2\/users\/13"}],"replies":[{"embeddable":true,"href":"https:\/\/staging.forumjustica.com.br\/es\/wp-json\/wp\/v2\/comments?post=6598"}],"version-history":[{"count":1,"href":"https:\/\/staging.forumjustica.com.br\/es\/wp-json\/wp\/v2\/posts\/6598\/revisions"}],"predecessor-version":[{"id":17569,"href":"https:\/\/staging.forumjustica.com.br\/es\/wp-json\/wp\/v2\/posts\/6598\/revisions\/17569"}],"wp:attachment":[{"href":"https:\/\/staging.forumjustica.com.br\/es\/wp-json\/wp\/v2\/media?parent=6598"}],"wp:term":[{"taxonomy":"category","embeddable":true,"href":"https:\/\/staging.forumjustica.com.br\/es\/wp-json\/wp\/v2\/categories?post=6598"},{"taxonomy":"post_tag","embeddable":true,"href":"https:\/\/staging.forumjustica.com.br\/es\/wp-json\/wp\/v2\/tags?post=6598"},{"taxonomy":"anos","embeddable":true,"href":"https:\/\/staging.forumjustica.com.br\/es\/wp-json\/wp\/v2\/anos?post=6598"},{"taxonomy":"projetos","embeddable":true,"href":"https:\/\/staging.forumjustica.com.br\/es\/wp-json\/wp\/v2\/projetos?post=6598"},{"taxonomy":"autorias","embeddable":true,"href":"https:\/\/staging.forumjustica.com.br\/es\/wp-json\/wp\/v2\/autorias?post=6598"},{"taxonomy":"eixos_tematicos","embeddable":true,"href":"https:\/\/staging.forumjustica.com.br\/es\/wp-json\/wp\/v2\/eixos_tematicos?post=6598"},{"taxonomy":"locais","embeddable":true,"href":"https:\/\/staging.forumjustica.com.br\/es\/wp-json\/wp\/v2\/locais?post=6598"},{"taxonomy":"pessoas","embeddable":true,"href":"https:\/\/staging.forumjustica.com.br\/es\/wp-json\/wp\/v2\/pessoas?post=6598"},{"taxonomy":"estado","embeddable":true,"href":"https:\/\/staging.forumjustica.com.br\/es\/wp-json\/wp\/v2\/estado?post=6598"},{"taxonomy":"academia","embeddable":true,"href":"https:\/\/staging.forumjustica.com.br\/es\/wp-json\/wp\/v2\/academia?post=6598"},{"taxonomy":"sociedade_civil","embeddable":true,"href":"https:\/\/staging.forumjustica.com.br\/es\/wp-json\/wp\/v2\/sociedade_civil?post=6598"}],"curies":[{"name":"wp","href":"https:\/\/api.w.org\/{rel}","templated":true}]}}