{"id":6572,"date":"2013-07-16T10:00:21","date_gmt":"2013-07-16T12:00:21","guid":{"rendered":"https:\/\/forumjustica.vlannetwork.com\/?p=6572"},"modified":"2022-09-04T21:16:15","modified_gmt":"2022-09-05T00:16:15","slug":"reflexoes-sobre-o-levante-democratico-video-com-os-melhores-momentos","status":"publish","type":"post","link":"https:\/\/staging.forumjustica.com.br\/es\/reflexoes-sobre-o-levante-democratico-video-com-os-melhores-momentos\/","title":{"rendered":"Reflex\u00f5es sobre o levante democr\u00e1tico: v\u00eddeo com os melhores momentos"},"content":{"rendered":"<p><a href=\"https:\/\/staging.forumjustica.com.br\/wp-content\/uploads\/2013\/07\/foto-35.jpg\"><img loading=\"lazy\" decoding=\"async\" src=\"https:\/\/staging.forumjustica.com.br\/wp-content\/uploads\/2013\/07\/foto-35.jpg\" alt=\"\" title=\"foto (35)\" width=\"650\" height=\"181\" class=\"aligncenter size-full wp-image-6580\" \/><\/a><\/p>\n<p>J\u00e1 est\u00e3o dispon\u00edveis no <a href=\"http:\/\/www.youtube.com\/user\/ADPERJRio?feature=watch&#038;hd=1\">canal da ADPERJ no You Tube<\/a> e na <a href=\"https:\/\/www.facebook.com\/adperj.rio\">p\u00e1gina do Facebook<\/a>, os v\u00eddeos melhores momentos do evento Reflex\u00f5es sobre o levante democr\u00e1tico\/junho de 2013, realizado na sede, no dia 05 de julho,<\/p>\n<p>Assista e compartilhe!<\/p>\n<p>Primeiro painel: mediado pelo defensor p\u00fablico Rodrigo Pacheco<\/p>\n<p>Marcelo Freixo &#8211; deputado estadual<\/p>\n<p>Adriano Pilatti &#8211; coordenador geral do Instituto de Direito da PUC-Rio<\/p>\n<p>Gisuseppe Cocco &#8211; professor titular da UFRJ<\/p>\n<p>Segundo painel: mediado pela defensora p\u00fablica Adriana Britto<\/p>\n<p>Alessandro Molon &#8211; deputado federal<\/p>\n<p>Alexandre Mendes &#8211; professor (PUC-Rio) e ex-defensor p\u00fablico<\/p>\n<p>Edson Diniz  &#8211; representante do Redes da Mar\u00e9<\/p>\n<p>Kenzo Soares &#8211; representante do F\u00f3rum de Lutas contra o Aumento das Passagens<\/p>\n<p><\/p>","protected":false},"excerpt":{"rendered":"<p>J\u00e1 est\u00e3o dispon\u00edveis no canal da ADPERJ no You Tube e na p\u00e1gina do Facebook, os v\u00eddeos melhores momentos do evento Reflex\u00f5es sobre o levante democr\u00e1tico\/junho de 2013, realizado na sede, no dia 05 de julho, Assista e compartilhe! Primeiro painel: mediado pelo defensor p\u00fablico Rodrigo Pacheco Marcelo Freixo &#8211; deputado estadual Adriano Pilatti &#8211; [&hellip;]<\/p>\n","protected":false},"author":13,"featured_media":0,"comment_status":"open","ping_status":"closed","sticky":false,"template":"","format":"standard","meta":{"inline_featured_image":false,"footnotes":""},"categories":[1],"tags":[],"anos":[],"projetos":[],"autorias":[],"eixos_tematicos":[],"locais":[],"pessoas":[],"estado":[],"academia":[],"sociedade_civil":[],"class_list":["post-6572","post","type-post","status-publish","format-standard","hentry","category-noticias"],"_links":{"self":[{"href":"https:\/\/staging.forumjustica.com.br\/es\/wp-json\/wp\/v2\/posts\/6572","targetHints":{"allow":["GET"]}}],"collection":[{"href":"https:\/\/staging.forumjustica.com.br\/es\/wp-json\/wp\/v2\/posts"}],"about":[{"href":"https:\/\/staging.forumjustica.com.br\/es\/wp-json\/wp\/v2\/types\/post"}],"author":[{"embeddable":true,"href":"https:\/\/staging.forumjustica.com.br\/es\/wp-json\/wp\/v2\/users\/13"}],"replies":[{"embeddable":true,"href":"https:\/\/staging.forumjustica.com.br\/es\/wp-json\/wp\/v2\/comments?post=6572"}],"version-history":[{"count":1,"href":"https:\/\/staging.forumjustica.com.br\/es\/wp-json\/wp\/v2\/posts\/6572\/revisions"}],"predecessor-version":[{"id":17571,"href":"https:\/\/staging.forumjustica.com.br\/es\/wp-json\/wp\/v2\/posts\/6572\/revisions\/17571"}],"wp:attachment":[{"href":"https:\/\/staging.forumjustica.com.br\/es\/wp-json\/wp\/v2\/media?parent=6572"}],"wp:term":[{"taxonomy":"category","embeddable":true,"href":"https:\/\/staging.forumjustica.com.br\/es\/wp-json\/wp\/v2\/categories?post=6572"},{"taxonomy":"post_tag","embeddable":true,"href":"https:\/\/staging.forumjustica.com.br\/es\/wp-json\/wp\/v2\/tags?post=6572"},{"taxonomy":"anos","embeddable":true,"href":"https:\/\/staging.forumjustica.com.br\/es\/wp-json\/wp\/v2\/anos?post=6572"},{"taxonomy":"projetos","embeddable":true,"href":"https:\/\/staging.forumjustica.com.br\/es\/wp-json\/wp\/v2\/projetos?post=6572"},{"taxonomy":"autorias","embeddable":true,"href":"https:\/\/staging.forumjustica.com.br\/es\/wp-json\/wp\/v2\/autorias?post=6572"},{"taxonomy":"eixos_tematicos","embeddable":true,"href":"https:\/\/staging.forumjustica.com.br\/es\/wp-json\/wp\/v2\/eixos_tematicos?post=6572"},{"taxonomy":"locais","embeddable":true,"href":"https:\/\/staging.forumjustica.com.br\/es\/wp-json\/wp\/v2\/locais?post=6572"},{"taxonomy":"pessoas","embeddable":true,"href":"https:\/\/staging.forumjustica.com.br\/es\/wp-json\/wp\/v2\/pessoas?post=6572"},{"taxonomy":"estado","embeddable":true,"href":"https:\/\/staging.forumjustica.com.br\/es\/wp-json\/wp\/v2\/estado?post=6572"},{"taxonomy":"academia","embeddable":true,"href":"https:\/\/staging.forumjustica.com.br\/es\/wp-json\/wp\/v2\/academia?post=6572"},{"taxonomy":"sociedade_civil","embeddable":true,"href":"https:\/\/staging.forumjustica.com.br\/es\/wp-json\/wp\/v2\/sociedade_civil?post=6572"}],"curies":[{"name":"wp","href":"https:\/\/api.w.org\/{rel}","templated":true}]}}