{"id":6438,"date":"2013-06-29T00:36:27","date_gmt":"2013-06-29T02:36:27","guid":{"rendered":"https:\/\/forumjustica.vlannetwork.com\/?p=6438"},"modified":"2022-11-06T15:07:07","modified_gmt":"2022-11-06T18:07:07","slug":"adperj-nota-de-repudio-a-atuacao-policial-na-comunidade-da-mare","status":"publish","type":"post","link":"https:\/\/staging.forumjustica.com.br\/es\/adperj-nota-de-repudio-a-atuacao-policial-na-comunidade-da-mare\/","title":{"rendered":"ADPERJ &#8211; Nota de rep\u00fadio \u00e0 atua\u00e7\u00e3o policial na comunidade da mar\u00e9"},"content":{"rendered":"<p>A Associa\u00e7\u00e3o dos Defensores P\u00fablicos do Estado do Rio de Janeiro (ADPERJ) manifesta seu rep\u00fadio \u00e0 a\u00e7\u00e3o desenvolvida por agentes da Pol\u00edcia Militar do Estado do Rio de Janeiro, incluindo o Batalh\u00e3o de Opera\u00e7\u00f5es Especiais (BOPE), que levou \u00e0 morte de dez pessoas na comunidade da Mar\u00e9.<\/p>\n<p>A ocupa\u00e7\u00e3o policial das favelas da Mar\u00e9 aconteceu ap\u00f3s  repress\u00e3o a um arrast\u00e3o que ocorreu quando o tr\u00e2nsito da Avenida Brasil foi bloqueado por uma manifesta\u00e7\u00e3o realizada em Bonsucesso pela redu\u00e7\u00e3o do valor da passagem de \u00f4nibus. Em tal opera\u00e7\u00e3o,  a pol\u00edcia usou for\u00e7a desmedida contra os moradores da Mar\u00e9, uma pr\u00e1tica rotineira para quem vive na favela. Rotineira, mas inaceit\u00e1vel.<\/p>\n<p>Repudiamos o tratamento discriminat\u00f3rio na gest\u00e3o das favelas, que criminaliza e segrega cada vez mais suas popula\u00e7\u00f5es e viola seus direitos humanos mais fundamentais.<\/p>\n<p>Os defensores p\u00fablicos est\u00e3o solid\u00e1rios \u00e0 indigna\u00e7\u00e3o manifestada pelas ruas diante de toda e qualquer injusti\u00e7a!<\/p>\n<p><a href=\"http:\/\/www.adperj.com.br\/noticias_detalhes.asp?matID={5CB86DDE-FAB6-4EBF-9B45-834B79792C66}\">http:\/\/www.adperj.com.br\/noticias_detalhes.asp?matID={5CB86DDE-FAB6-4EBF-9B45-834B79792C66}<\/a><\/p>","protected":false},"excerpt":{"rendered":"<p>A Associa\u00e7\u00e3o dos Defensores P\u00fablicos do Estado do Rio de Janeiro (ADPERJ) manifesta seu rep\u00fadio \u00e0 a\u00e7\u00e3o desenvolvida por agentes da Pol\u00edcia Militar do Estado do Rio de Janeiro, incluindo o Batalh\u00e3o de Opera\u00e7\u00f5es Especiais (BOPE), que levou \u00e0 morte de dez pessoas na comunidade da Mar\u00e9. A ocupa\u00e7\u00e3o policial das favelas da Mar\u00e9 aconteceu [&hellip;]<\/p>\n","protected":false},"author":13,"featured_media":0,"comment_status":"closed","ping_status":"closed","sticky":false,"template":"","format":"standard","meta":{"inline_featured_image":false,"footnotes":""},"categories":[194],"tags":[],"anos":[187],"projetos":[],"autorias":[169],"eixos_tematicos":[177],"locais":[272],"pessoas":[],"estado":[343,342],"academia":[],"sociedade_civil":[],"class_list":["post-6438","post","type-post","status-publish","format-standard","hentry","category-atualizado","anos-187","autorias-outras-instituicoes","eixos_tematicos-territorios","locais-rio-de-janeiro-rj","estado-adperj-associacao-dos-defensores-publicos-do-estado-do-rio-de-janeiro","estado-bope-batalhao-de-operacoes-especiais"],"_links":{"self":[{"href":"https:\/\/staging.forumjustica.com.br\/es\/wp-json\/wp\/v2\/posts\/6438","targetHints":{"allow":["GET"]}}],"collection":[{"href":"https:\/\/staging.forumjustica.com.br\/es\/wp-json\/wp\/v2\/posts"}],"about":[{"href":"https:\/\/staging.forumjustica.com.br\/es\/wp-json\/wp\/v2\/types\/post"}],"author":[{"embeddable":true,"href":"https:\/\/staging.forumjustica.com.br\/es\/wp-json\/wp\/v2\/users\/13"}],"replies":[{"embeddable":true,"href":"https:\/\/staging.forumjustica.com.br\/es\/wp-json\/wp\/v2\/comments?post=6438"}],"version-history":[{"count":2,"href":"https:\/\/staging.forumjustica.com.br\/es\/wp-json\/wp\/v2\/posts\/6438\/revisions"}],"predecessor-version":[{"id":18711,"href":"https:\/\/staging.forumjustica.com.br\/es\/wp-json\/wp\/v2\/posts\/6438\/revisions\/18711"}],"wp:attachment":[{"href":"https:\/\/staging.forumjustica.com.br\/es\/wp-json\/wp\/v2\/media?parent=6438"}],"wp:term":[{"taxonomy":"category","embeddable":true,"href":"https:\/\/staging.forumjustica.com.br\/es\/wp-json\/wp\/v2\/categories?post=6438"},{"taxonomy":"post_tag","embeddable":true,"href":"https:\/\/staging.forumjustica.com.br\/es\/wp-json\/wp\/v2\/tags?post=6438"},{"taxonomy":"anos","embeddable":true,"href":"https:\/\/staging.forumjustica.com.br\/es\/wp-json\/wp\/v2\/anos?post=6438"},{"taxonomy":"projetos","embeddable":true,"href":"https:\/\/staging.forumjustica.com.br\/es\/wp-json\/wp\/v2\/projetos?post=6438"},{"taxonomy":"autorias","embeddable":true,"href":"https:\/\/staging.forumjustica.com.br\/es\/wp-json\/wp\/v2\/autorias?post=6438"},{"taxonomy":"eixos_tematicos","embeddable":true,"href":"https:\/\/staging.forumjustica.com.br\/es\/wp-json\/wp\/v2\/eixos_tematicos?post=6438"},{"taxonomy":"locais","embeddable":true,"href":"https:\/\/staging.forumjustica.com.br\/es\/wp-json\/wp\/v2\/locais?post=6438"},{"taxonomy":"pessoas","embeddable":true,"href":"https:\/\/staging.forumjustica.com.br\/es\/wp-json\/wp\/v2\/pessoas?post=6438"},{"taxonomy":"estado","embeddable":true,"href":"https:\/\/staging.forumjustica.com.br\/es\/wp-json\/wp\/v2\/estado?post=6438"},{"taxonomy":"academia","embeddable":true,"href":"https:\/\/staging.forumjustica.com.br\/es\/wp-json\/wp\/v2\/academia?post=6438"},{"taxonomy":"sociedade_civil","embeddable":true,"href":"https:\/\/staging.forumjustica.com.br\/es\/wp-json\/wp\/v2\/sociedade_civil?post=6438"}],"curies":[{"name":"wp","href":"https:\/\/api.w.org\/{rel}","templated":true}]}}