{"id":6153,"date":"2013-06-05T17:00:47","date_gmt":"2013-06-05T19:00:47","guid":{"rendered":"https:\/\/forumjustica.vlannetwork.com\/?p=6153"},"modified":"2022-09-04T21:16:17","modified_gmt":"2022-09-05T00:16:17","slug":"seminario-nacional-de-acesso-a-justica-da-populacao-em-situacao-de-rua","status":"publish","type":"post","link":"https:\/\/staging.forumjustica.com.br\/es\/seminario-nacional-de-acesso-a-justica-da-populacao-em-situacao-de-rua\/","title":{"rendered":"Semin\u00e1rio nacional de acesso \u00e0 Justi\u00e7a da popula\u00e7\u00e3o em situa\u00e7\u00e3o de rua"},"content":{"rendered":"<p>A Defensoria P\u00fablica e o Minist\u00e9rio da Justi\u00e7a realizar\u00e3o nos dias 13 e 14 de junho de 2013, no audit\u00f3rio central da UFMA o \u201cSemin\u00e1rio Nacional de Acesso \u00e0 Justi\u00e7a da Popula\u00e7\u00e3o em situa\u00e7\u00e3o de Rua\u201d, com o objetivo de discutir a implementa\u00e7\u00e3o de pol\u00edticas p\u00fablicas de aten\u00e7\u00e3o a essa popula\u00e7\u00e3o.<\/p>\n<p>O Semin\u00e1rio ter\u00e1 os seguintes pain\u00e9is:<\/p>\n<p>1-      Popula\u00e7\u00e3o em situa\u00e7\u00e3o de rua e seguran\u00e7a p\u00fablica;<br \/>\n2-      Conhecendo a realidade: como \u00e9 a vida das pessoas que vivem em situa\u00e7\u00e3o de rua?<br \/>\n3-      A pol\u00edtica P\u00fablica Estadual e Municipal de Atendimento \u00e0 popula\u00e7\u00e3o em Situa\u00e7\u00e3o de Rua;<br \/>\n4-     O Sistema de Justi\u00e7a e as Pessoas em Situa\u00e7\u00e3o de Rua<br \/>\n5 &#8211; Prote\u00e7\u00e3o Social das Pessoas em Situa\u00e7\u00e3o de Rua no Sistema \u00danico de Assist\u00eancia Social;<\/p>\n<p>Data: 13 e 14 de junho de 2013<\/p>\n<p>Local: Audit\u00f3rio Central da Universidade Federal do Maranh\u00e3o<\/p>\n","protected":false},"excerpt":{"rendered":"<p>A Defensoria P\u00fablica e o Minist\u00e9rio da Justi\u00e7a realizar\u00e3o nos dias 13 e 14 de junho de 2013, no audit\u00f3rio central da UFMA o \u201cSemin\u00e1rio Nacional de Acesso \u00e0 Justi\u00e7a da Popula\u00e7\u00e3o em situa\u00e7\u00e3o de Rua\u201d, com o objetivo de discutir a implementa\u00e7\u00e3o de pol\u00edticas p\u00fablicas de aten\u00e7\u00e3o a essa popula\u00e7\u00e3o. O Semin\u00e1rio ter\u00e1 os [&hellip;]<\/p>\n","protected":false},"author":13,"featured_media":0,"comment_status":"open","ping_status":"closed","sticky":false,"template":"","format":"standard","meta":{"inline_featured_image":false,"footnotes":""},"categories":[1],"tags":[],"anos":[],"projetos":[],"autorias":[],"eixos_tematicos":[],"locais":[],"pessoas":[],"estado":[],"academia":[],"sociedade_civil":[],"class_list":["post-6153","post","type-post","status-publish","format-standard","hentry","category-noticias"],"_links":{"self":[{"href":"https:\/\/staging.forumjustica.com.br\/es\/wp-json\/wp\/v2\/posts\/6153","targetHints":{"allow":["GET"]}}],"collection":[{"href":"https:\/\/staging.forumjustica.com.br\/es\/wp-json\/wp\/v2\/posts"}],"about":[{"href":"https:\/\/staging.forumjustica.com.br\/es\/wp-json\/wp\/v2\/types\/post"}],"author":[{"embeddable":true,"href":"https:\/\/staging.forumjustica.com.br\/es\/wp-json\/wp\/v2\/users\/13"}],"replies":[{"embeddable":true,"href":"https:\/\/staging.forumjustica.com.br\/es\/wp-json\/wp\/v2\/comments?post=6153"}],"version-history":[{"count":1,"href":"https:\/\/staging.forumjustica.com.br\/es\/wp-json\/wp\/v2\/posts\/6153\/revisions"}],"predecessor-version":[{"id":17632,"href":"https:\/\/staging.forumjustica.com.br\/es\/wp-json\/wp\/v2\/posts\/6153\/revisions\/17632"}],"wp:attachment":[{"href":"https:\/\/staging.forumjustica.com.br\/es\/wp-json\/wp\/v2\/media?parent=6153"}],"wp:term":[{"taxonomy":"category","embeddable":true,"href":"https:\/\/staging.forumjustica.com.br\/es\/wp-json\/wp\/v2\/categories?post=6153"},{"taxonomy":"post_tag","embeddable":true,"href":"https:\/\/staging.forumjustica.com.br\/es\/wp-json\/wp\/v2\/tags?post=6153"},{"taxonomy":"anos","embeddable":true,"href":"https:\/\/staging.forumjustica.com.br\/es\/wp-json\/wp\/v2\/anos?post=6153"},{"taxonomy":"projetos","embeddable":true,"href":"https:\/\/staging.forumjustica.com.br\/es\/wp-json\/wp\/v2\/projetos?post=6153"},{"taxonomy":"autorias","embeddable":true,"href":"https:\/\/staging.forumjustica.com.br\/es\/wp-json\/wp\/v2\/autorias?post=6153"},{"taxonomy":"eixos_tematicos","embeddable":true,"href":"https:\/\/staging.forumjustica.com.br\/es\/wp-json\/wp\/v2\/eixos_tematicos?post=6153"},{"taxonomy":"locais","embeddable":true,"href":"https:\/\/staging.forumjustica.com.br\/es\/wp-json\/wp\/v2\/locais?post=6153"},{"taxonomy":"pessoas","embeddable":true,"href":"https:\/\/staging.forumjustica.com.br\/es\/wp-json\/wp\/v2\/pessoas?post=6153"},{"taxonomy":"estado","embeddable":true,"href":"https:\/\/staging.forumjustica.com.br\/es\/wp-json\/wp\/v2\/estado?post=6153"},{"taxonomy":"academia","embeddable":true,"href":"https:\/\/staging.forumjustica.com.br\/es\/wp-json\/wp\/v2\/academia?post=6153"},{"taxonomy":"sociedade_civil","embeddable":true,"href":"https:\/\/staging.forumjustica.com.br\/es\/wp-json\/wp\/v2\/sociedade_civil?post=6153"}],"curies":[{"name":"wp","href":"https:\/\/api.w.org\/{rel}","templated":true}]}}