{"id":6000,"date":"2013-05-15T13:13:39","date_gmt":"2013-05-15T15:13:39","guid":{"rendered":"https:\/\/forumjustica.vlannetwork.com\/?p=6000"},"modified":"2022-09-04T21:16:17","modified_gmt":"2022-09-05T00:16:17","slug":"15m-redes-e-ruas","status":"publish","type":"post","link":"https:\/\/staging.forumjustica.com.br\/es\/15m-redes-e-ruas\/","title":{"rendered":"#15M &#8211; Redes e Ruas"},"content":{"rendered":"<p><a href=\"https:\/\/staging.forumjustica.com.br\/wp-content\/uploads\/2013\/05\/redeseruas.jpg\"><img loading=\"lazy\" decoding=\"async\" src=\"https:\/\/staging.forumjustica.com.br\/wp-content\/uploads\/2013\/05\/redeseruas-212x300-1.jpg\" alt=\"\" title=\"redeseruas\" width=\"212\" height=\"300\" class=\"aligncenter size-medium wp-image-6001\" \/><\/a><\/p>\n<p>\u00a0<\/p>\n<p>A elite carioca est\u00e1 em festa! O projeto de cidade global, feito de megaeventos, megaobras e um gigantesco aparato midi\u00e1tico, festejado em palanques e coquet\u00e9is, regado a banquetes e intermin\u00e1veis celebra\u00e7\u00f5es, avan\u00e7a a pleno vapor. BOPE, UPP, Choque de Ordem, Recolhimento For\u00e7ado e Remo\u00e7\u00f5es, a velha receita contra pobre, preto, \u00edndio e qualquer um que ouse resistir. Pobre daquele que ouse ser diferente ao que se espera do trabalhador brasileiro para o s\u00e9culo 21, constrangido a tudo e sem real direito a nada, sen\u00e3o \u00e0 degrada\u00e7\u00e3o da vida na iniquidade cotidiana dos\u00a0 transportes, hospitais, escolas, na precariedade no trabalho, renda insuficiente, sem direito sequer a manifestar-se livremente pelas ruas. Tem de se submeter a tudo e n\u00e3o reclamar de nada, permanecer competitivo num mercado inclemente, surfando na onda do desenvolvimento. Em nome do Rio novo-rico, pintado pelo mais modernoso paisagismo, terra de \u00e1vidos empreendedores e sagazes investidores, desse Rio dourado e suas grandes parcerias p\u00fablico-privadas, em mais uma express\u00e3o da hist\u00f3rica camaradagem de elites nacionais e internacionais. Re\u00fanem-se no projeto e modelo \u201cde cima a baixo\u201d de uma imagem do Rio, por meio da qual se continua a explorar, oprimir, expulsar, criminalizar, internar, prender e matar. Sim, e matar.<\/p>\n<p>O Rio \u00e9 laborat\u00f3rio metropolitano do Brasil Maior e do capitalismo mundial. Est\u00e1 dando certo! Recuperamos o glamour perdido para Bras\u00edlia,\u00a0<em>point<\/em> da d\u00e9cada, vitrine da supera\u00e7\u00e3o do atraso. Nada ser\u00e1 como antes. Est\u00e1 dando certo!, anunciam todos os jornais, revistas e a TV, que repetem a mesma coisa: a roupa, a pose, o rosto, a voz, a seriedade profissional do colonizador e seu sorriso de orelha a orelha.<\/p>\n<p>Do urbanismo de amplos espa\u00e7os da Zona Oeste \u00e0 superexplora\u00e7\u00e3o intensiva da Zona Sul, da higienizada \u00c1rea Portu\u00e1ria \u00e0s militarmente pacificadas favelas e \u00e1reas pobres, em est\u00e1dios imponentes erigidos sobre o despejo e a destrui\u00e7\u00e3o, em internatos, hosp\u00edcios e abrigos; a pilhagem das riquezas da popula\u00e7\u00e3o \u00e9 garantida e prospera. E multiplica o lucro, sob novas dire\u00e7\u00f5es, oportunidades e neg\u00f3cios: mais publicit\u00e1ria, mais plastificada, mais \u201ccriativa\u201d, mas nem por isso menos brutal. Seu maior sucesso foi tornar-se palat\u00e1vel \u00e0 esquerda e \u00e0 direita, justific\u00e1vel pelo interesse coletivo ou individual, pelo empreendedorismo ou pela sustentabilidade, por qualquer desses bord\u00f5es que aparecem, aos cachos, nos eventos oficiais. Antigas viol\u00eancias assumem novas formas com o bando imobili\u00e1rio, assumido abertamente, sem pudor, com a emp\u00e1fia de saqueador orgulhoso.<\/p>\n<p>Enquanto parte do que se define como esquerda patina sobre a terra arrasada em que se encontram seus trabalhos de base, suas estrat\u00e9gias, formula\u00e7\u00f5es e alian\u00e7as, a cidade dos pobres insiste em resistir. N\u00e3o \u00e9 representada. Ent\u00e3o se recria na luta cotidiana por outra cidade. Outra cidade que j\u00e1 existe, um presente prenhe de potencialidades, uma cidade pulsante e insubmissa, no Horto, na Provid\u00eancia, nos Prazeres, na Vila Aut\u00f3dromo, em tantas e tantas pessoas, grupos, coletivos e redes, informais, prec\u00e1rias, batalhadoras, com o que a vida da metr\u00f3pole se reinventa em mil outras maneiras de organiza\u00e7\u00e3o, produ\u00e7\u00e3o colaborativa e afirma\u00e7\u00e3o minorit\u00e1ria. Um desejo de viver diferente, desejo que \u00e9 imediatamente imagina\u00e7\u00e3o, e que se movimenta na realidade, que \u00e9 suplemento de democracia, o viver mesmo! insurgindo-se contra o medo, interrompendo o passo do colonizador, recusando a propaganda, cuspindo na m\u00e3o esperta que, sob a promessa do progresso, continua roubando, ferindo e humilhando.<\/p>\n<p>A luta avan\u00e7a por caminhos inimaginados e faz do sofrimento uma reafirma\u00e7\u00e3o firme de prop\u00f3sito! A condi\u00e7\u00e3o de luta n\u00e3o cala. Sem a indigna\u00e7\u00e3o, a persist\u00eancia em existir e a alegria construtiva, sequer haveria favelas, funk, samba, ritmos, festas, letras, teatros, dan\u00e7as: n\u00e3o haveria a energia de um inconsciente cultural a plena extravaz\u00e3o, rio caudaloso e subterr\u00e2neo, inestanc\u00e1vel, de onde se extra\u00edram e continuam se extraindo todas as dignidades e saberes vivos desta cidade, esses t\u00e3o cobi\u00e7ados por quem agora se apresenta como dono do peda\u00e7o.<\/p>\n<p>Neste 15M, venha tramar redes e ocupar as ruas com a gente, porque o tempo e o lugar da resist\u00eancia n\u00e3o cessaram de existir. Venha conectar-se \u00e0s redes da cidade viva e seus \u00edndios metropolitanos.<\/p>\n<p>Pela possibilidade de interferir positivamente no projeto e modelo de cidade, a come\u00e7ar por um transporte digno, por uma sa\u00fade minimamente aceit\u00e1vel, por renda para todos, mais direitos, educa\u00e7\u00e3o e servi\u00e7os de qualidade, por um novo marco de distribui\u00e7\u00e3o de moradia, pela organiza\u00e7\u00e3o do espa\u00e7o e ocupa\u00e7\u00e3o do tempo que propicie for\u00e7as para continuar lutando por tudo isso, por uma paz verdadeira que s\u00f3 pode ser a da alegria compartilhada, sem medo, sem receio de ser livre.<\/p>\n<p>Pela cidade que queremos e que fazemos, das menores coisas \u00e0s decis\u00f5es sobre o que afeta a todos, e sem projetos mirabolantes para um futuro de vidas arrasadas, mas aqui e agora, pelos muitos, nunca depois, agora!<\/p>\n<p>\u00a0<\/p>\n<p>\u00a0<\/p>","protected":false},"excerpt":{"rendered":"<p>\u00a0 A elite carioca est\u00e1 em festa! O projeto de cidade global, feito de megaeventos, megaobras e um gigantesco aparato midi\u00e1tico, festejado em palanques e coquet\u00e9is, regado a banquetes e intermin\u00e1veis celebra\u00e7\u00f5es, avan\u00e7a a pleno vapor. BOPE, UPP, Choque de Ordem, Recolhimento For\u00e7ado e Remo\u00e7\u00f5es, a velha receita contra pobre, preto, \u00edndio e qualquer um [&hellip;]<\/p>\n","protected":false},"author":13,"featured_media":0,"comment_status":"open","ping_status":"closed","sticky":false,"template":"","format":"standard","meta":{"inline_featured_image":false,"footnotes":""},"categories":[1],"tags":[],"anos":[],"projetos":[],"autorias":[],"eixos_tematicos":[],"locais":[],"pessoas":[],"estado":[],"academia":[],"sociedade_civil":[],"class_list":["post-6000","post","type-post","status-publish","format-standard","hentry","category-noticias"],"_links":{"self":[{"href":"https:\/\/staging.forumjustica.com.br\/es\/wp-json\/wp\/v2\/posts\/6000","targetHints":{"allow":["GET"]}}],"collection":[{"href":"https:\/\/staging.forumjustica.com.br\/es\/wp-json\/wp\/v2\/posts"}],"about":[{"href":"https:\/\/staging.forumjustica.com.br\/es\/wp-json\/wp\/v2\/types\/post"}],"author":[{"embeddable":true,"href":"https:\/\/staging.forumjustica.com.br\/es\/wp-json\/wp\/v2\/users\/13"}],"replies":[{"embeddable":true,"href":"https:\/\/staging.forumjustica.com.br\/es\/wp-json\/wp\/v2\/comments?post=6000"}],"version-history":[{"count":1,"href":"https:\/\/staging.forumjustica.com.br\/es\/wp-json\/wp\/v2\/posts\/6000\/revisions"}],"predecessor-version":[{"id":17659,"href":"https:\/\/staging.forumjustica.com.br\/es\/wp-json\/wp\/v2\/posts\/6000\/revisions\/17659"}],"wp:attachment":[{"href":"https:\/\/staging.forumjustica.com.br\/es\/wp-json\/wp\/v2\/media?parent=6000"}],"wp:term":[{"taxonomy":"category","embeddable":true,"href":"https:\/\/staging.forumjustica.com.br\/es\/wp-json\/wp\/v2\/categories?post=6000"},{"taxonomy":"post_tag","embeddable":true,"href":"https:\/\/staging.forumjustica.com.br\/es\/wp-json\/wp\/v2\/tags?post=6000"},{"taxonomy":"anos","embeddable":true,"href":"https:\/\/staging.forumjustica.com.br\/es\/wp-json\/wp\/v2\/anos?post=6000"},{"taxonomy":"projetos","embeddable":true,"href":"https:\/\/staging.forumjustica.com.br\/es\/wp-json\/wp\/v2\/projetos?post=6000"},{"taxonomy":"autorias","embeddable":true,"href":"https:\/\/staging.forumjustica.com.br\/es\/wp-json\/wp\/v2\/autorias?post=6000"},{"taxonomy":"eixos_tematicos","embeddable":true,"href":"https:\/\/staging.forumjustica.com.br\/es\/wp-json\/wp\/v2\/eixos_tematicos?post=6000"},{"taxonomy":"locais","embeddable":true,"href":"https:\/\/staging.forumjustica.com.br\/es\/wp-json\/wp\/v2\/locais?post=6000"},{"taxonomy":"pessoas","embeddable":true,"href":"https:\/\/staging.forumjustica.com.br\/es\/wp-json\/wp\/v2\/pessoas?post=6000"},{"taxonomy":"estado","embeddable":true,"href":"https:\/\/staging.forumjustica.com.br\/es\/wp-json\/wp\/v2\/estado?post=6000"},{"taxonomy":"academia","embeddable":true,"href":"https:\/\/staging.forumjustica.com.br\/es\/wp-json\/wp\/v2\/academia?post=6000"},{"taxonomy":"sociedade_civil","embeddable":true,"href":"https:\/\/staging.forumjustica.com.br\/es\/wp-json\/wp\/v2\/sociedade_civil?post=6000"}],"curies":[{"name":"wp","href":"https:\/\/api.w.org\/{rel}","templated":true}]}}