{"id":5985,"date":"2013-05-14T13:00:09","date_gmt":"2013-05-14T15:00:09","guid":{"rendered":"https:\/\/forumjustica.vlannetwork.com\/?p=5985"},"modified":"2022-09-04T21:16:18","modified_gmt":"2022-09-05T00:16:18","slug":"debate-e-lancamento-dossie-rio-atingidos-pela-copa-denuncias-propostas-e-luta-por-direitos","status":"publish","type":"post","link":"https:\/\/staging.forumjustica.com.br\/es\/debate-e-lancamento-dossie-rio-atingidos-pela-copa-denuncias-propostas-e-luta-por-direitos\/","title":{"rendered":"DEBATE e LAN\u00c7AMENTO DOSSI\u00ca RIO. Atingidos pela Copa: den\u00fancias, propostas e luta por direitos"},"content":{"rendered":"<p>Na pr\u00f3xima quarta (15\/5), o Comit\u00ea Popular da Copa e Olimp\u00edadas lan\u00e7ar\u00e1 a segunda edi\u00e7\u00e3o ampliada e atualizada do dossi\u00ea Megaeventos e Viola\u00e7\u00f5es de Direitos Humanos no Rio de Janeiro. Ap\u00f3s a mesa que apresentar\u00e1 o documento, moradores que passaram e est\u00e3o passando por remo\u00e7\u00f5es arbitr\u00e1rias trar\u00e3o as suas perspectivas na luta por direitos. Todos os presentes receber\u00e3o uma c\u00f3pia impressa do documento. O evento come\u00e7a \u00e0s 16h30 na ABI \u2013 Rua Ara\u00fajo Porto Alegre 71, 9\u00ba andar \u2013 Centro. \u00c0s 21h, o \u201c15M-Rio: ruas e redes\u201d promove uma atividade cultural pertinho dali, no Pal\u00e1cio Capanema<br \/>\n<a href='http:\/\/redeseruas.wordpress.com\/' >(saiba mais)<\/a>. N\u00e3o perca!<\/p>\n<p><a href=\"https:\/\/staging.forumjustica.com.br\/wp-content\/uploads\/2013\/05\/convite_dossie_maio2013_01.jpg\"><img loading=\"lazy\" decoding=\"async\" class=\"aligncenter size-full wp-image-5986\" title=\"convite_dossie_maio2013_01\" src=\"https:\/\/staging.forumjustica.com.br\/wp-content\/uploads\/2013\/05\/convite_dossie_maio2013_01.jpg\" alt=\"\" width=\"1200\" height=\"848\" \/><\/a><\/p>\n<p>\u00a0<\/p>","protected":false},"excerpt":{"rendered":"<p>Na pr\u00f3xima quarta (15\/5), o Comit\u00ea Popular da Copa e Olimp\u00edadas lan\u00e7ar\u00e1 a segunda edi\u00e7\u00e3o ampliada e atualizada do dossi\u00ea Megaeventos e Viola\u00e7\u00f5es de Direitos Humanos no Rio de Janeiro. Ap\u00f3s a mesa que apresentar\u00e1 o documento, moradores que passaram e est\u00e3o passando por remo\u00e7\u00f5es arbitr\u00e1rias trar\u00e3o as suas perspectivas na luta por direitos. Todos [&hellip;]<\/p>\n","protected":false},"author":13,"featured_media":0,"comment_status":"open","ping_status":"closed","sticky":false,"template":"","format":"standard","meta":{"inline_featured_image":false,"footnotes":""},"categories":[1],"tags":[],"anos":[],"projetos":[],"autorias":[],"eixos_tematicos":[],"locais":[],"pessoas":[],"estado":[],"academia":[],"sociedade_civil":[],"class_list":["post-5985","post","type-post","status-publish","format-standard","hentry","category-noticias"],"_links":{"self":[{"href":"https:\/\/staging.forumjustica.com.br\/es\/wp-json\/wp\/v2\/posts\/5985","targetHints":{"allow":["GET"]}}],"collection":[{"href":"https:\/\/staging.forumjustica.com.br\/es\/wp-json\/wp\/v2\/posts"}],"about":[{"href":"https:\/\/staging.forumjustica.com.br\/es\/wp-json\/wp\/v2\/types\/post"}],"author":[{"embeddable":true,"href":"https:\/\/staging.forumjustica.com.br\/es\/wp-json\/wp\/v2\/users\/13"}],"replies":[{"embeddable":true,"href":"https:\/\/staging.forumjustica.com.br\/es\/wp-json\/wp\/v2\/comments?post=5985"}],"version-history":[{"count":1,"href":"https:\/\/staging.forumjustica.com.br\/es\/wp-json\/wp\/v2\/posts\/5985\/revisions"}],"predecessor-version":[{"id":17661,"href":"https:\/\/staging.forumjustica.com.br\/es\/wp-json\/wp\/v2\/posts\/5985\/revisions\/17661"}],"wp:attachment":[{"href":"https:\/\/staging.forumjustica.com.br\/es\/wp-json\/wp\/v2\/media?parent=5985"}],"wp:term":[{"taxonomy":"category","embeddable":true,"href":"https:\/\/staging.forumjustica.com.br\/es\/wp-json\/wp\/v2\/categories?post=5985"},{"taxonomy":"post_tag","embeddable":true,"href":"https:\/\/staging.forumjustica.com.br\/es\/wp-json\/wp\/v2\/tags?post=5985"},{"taxonomy":"anos","embeddable":true,"href":"https:\/\/staging.forumjustica.com.br\/es\/wp-json\/wp\/v2\/anos?post=5985"},{"taxonomy":"projetos","embeddable":true,"href":"https:\/\/staging.forumjustica.com.br\/es\/wp-json\/wp\/v2\/projetos?post=5985"},{"taxonomy":"autorias","embeddable":true,"href":"https:\/\/staging.forumjustica.com.br\/es\/wp-json\/wp\/v2\/autorias?post=5985"},{"taxonomy":"eixos_tematicos","embeddable":true,"href":"https:\/\/staging.forumjustica.com.br\/es\/wp-json\/wp\/v2\/eixos_tematicos?post=5985"},{"taxonomy":"locais","embeddable":true,"href":"https:\/\/staging.forumjustica.com.br\/es\/wp-json\/wp\/v2\/locais?post=5985"},{"taxonomy":"pessoas","embeddable":true,"href":"https:\/\/staging.forumjustica.com.br\/es\/wp-json\/wp\/v2\/pessoas?post=5985"},{"taxonomy":"estado","embeddable":true,"href":"https:\/\/staging.forumjustica.com.br\/es\/wp-json\/wp\/v2\/estado?post=5985"},{"taxonomy":"academia","embeddable":true,"href":"https:\/\/staging.forumjustica.com.br\/es\/wp-json\/wp\/v2\/academia?post=5985"},{"taxonomy":"sociedade_civil","embeddable":true,"href":"https:\/\/staging.forumjustica.com.br\/es\/wp-json\/wp\/v2\/sociedade_civil?post=5985"}],"curies":[{"name":"wp","href":"https:\/\/api.w.org\/{rel}","templated":true}]}}