{"id":5957,"date":"2013-05-13T09:00:09","date_gmt":"2013-05-13T11:00:09","guid":{"rendered":"https:\/\/forumjustica.vlannetwork.com\/?p=5957"},"modified":"2022-09-04T21:16:18","modified_gmt":"2022-09-05T00:16:18","slug":"anadep-se-reune-com-a-renap-em-brasilia","status":"publish","type":"post","link":"https:\/\/staging.forumjustica.com.br\/es\/anadep-se-reune-com-a-renap-em-brasilia\/","title":{"rendered":"ANADEP se re\u00fane com a Renap em Bras\u00edlia"},"content":{"rendered":"<p>Fonte: Ascom ANADEP<br \/>\nEstado: DF<\/p>\n<p><a href=\"https:\/\/staging.forumjustica.com.br\/wp-content\/uploads\/2013\/05\/renap-anadep.jpg\"><img loading=\"lazy\" decoding=\"async\" src=\"https:\/\/staging.forumjustica.com.br\/wp-content\/uploads\/2013\/05\/renap-anadep.jpg\" alt=\"\" title=\"renap-anadep\" width=\"350\" height=\"198\" class=\"aligncenter size-full wp-image-5971\" \/><\/a><\/p>\n<p>Membros da Rede Nacional de Advogadas e Advogados Populares (Renap) estiveram, na manh\u00e3 desta quarta-feira (08.05), na sede da ANADEP, para discutir a aproxima\u00e7\u00e3o da Defensoria P\u00fablica com os movimentos sociais. A ideia \u00e9 fortalecer a parceria entre as duas entidades a fim de ampliar os trabalhos e o relacionamento com as pessoas em situa\u00e7\u00e3o de vulnerabilidade, que \u00e9 o p\u00fablico-alvo da Defensoria P\u00fablica.<\/p>\n<p>Na ocasi\u00e3o, a presidente da ANADEP, Patr\u00edcia Kettermann, tamb\u00e9m convidou os presentes para partiparem da XI  edi\u00e7\u00e3o do Congresso Nacional dos Defensores P\u00fablicos, que ser\u00e1 realizado em novembro, no Esp\u00edrito Santo.<\/p>\n<p>O Renap tamb\u00e9m convidou a ANADEP e os defensores p\u00fablicos de todo o pa\u00eds para prestigiarem as edi\u00e7\u00f5es do Encontro Nacional da Renap.<\/p>\n<p>Participaram tamb\u00e9m do encontro presidentes da Associa\u00e7\u00f5es Estaduais.<\/p>\n<p>Renap &#8211; A Renap \u00e9 constitu\u00edda por pessoas que atuam junto a diversos movimentos sociais: movimentos dos(as) trabalhadores(as) do campo, como MST, CPT, feminista, GLBTT, quilombola, negro, portadores de necessidades especiais, ind\u00edgenas, povos da zona costeira, moradia urbana, crian\u00e7a e adolescente, dentre outros.<\/p>\n<p>Atualmente funciona como espa\u00e7o de troca de experi\u00eancia, discuss\u00e3o de casos, formula\u00e7\u00e3o de teses jur\u00eddicas e acad\u00eamicas e busca contribuir para o reconhecimento de Direitos, inspirando-se na luta de diversos atores sociais, fomentando a participa\u00e7\u00e3o popular e a implementa\u00e7\u00e3o dos Direitos Humanos desde nosso Estado.<\/p>\n<p><a href=\"http:\/\/www.anadep.org.br\/wtk\/pagina\/materia?id=17365\">http:\/\/www.anadep.org.br\/wtk\/pagina\/materia?id=17365<\/a><\/p>","protected":false},"excerpt":{"rendered":"<p>Fonte: Ascom ANADEP Estado: DF Membros da Rede Nacional de Advogadas e Advogados Populares (Renap) estiveram, na manh\u00e3 desta quarta-feira (08.05), na sede da ANADEP, para discutir a aproxima\u00e7\u00e3o da Defensoria P\u00fablica com os movimentos sociais. A ideia \u00e9 fortalecer a parceria entre as duas entidades a fim de ampliar os trabalhos e o relacionamento [&hellip;]<\/p>\n","protected":false},"author":13,"featured_media":0,"comment_status":"open","ping_status":"closed","sticky":false,"template":"","format":"standard","meta":{"inline_featured_image":false,"footnotes":""},"categories":[1],"tags":[],"anos":[],"projetos":[],"autorias":[],"eixos_tematicos":[],"locais":[],"pessoas":[],"estado":[],"academia":[],"sociedade_civil":[],"class_list":["post-5957","post","type-post","status-publish","format-standard","hentry","category-noticias"],"_links":{"self":[{"href":"https:\/\/staging.forumjustica.com.br\/es\/wp-json\/wp\/v2\/posts\/5957","targetHints":{"allow":["GET"]}}],"collection":[{"href":"https:\/\/staging.forumjustica.com.br\/es\/wp-json\/wp\/v2\/posts"}],"about":[{"href":"https:\/\/staging.forumjustica.com.br\/es\/wp-json\/wp\/v2\/types\/post"}],"author":[{"embeddable":true,"href":"https:\/\/staging.forumjustica.com.br\/es\/wp-json\/wp\/v2\/users\/13"}],"replies":[{"embeddable":true,"href":"https:\/\/staging.forumjustica.com.br\/es\/wp-json\/wp\/v2\/comments?post=5957"}],"version-history":[{"count":1,"href":"https:\/\/staging.forumjustica.com.br\/es\/wp-json\/wp\/v2\/posts\/5957\/revisions"}],"predecessor-version":[{"id":17664,"href":"https:\/\/staging.forumjustica.com.br\/es\/wp-json\/wp\/v2\/posts\/5957\/revisions\/17664"}],"wp:attachment":[{"href":"https:\/\/staging.forumjustica.com.br\/es\/wp-json\/wp\/v2\/media?parent=5957"}],"wp:term":[{"taxonomy":"category","embeddable":true,"href":"https:\/\/staging.forumjustica.com.br\/es\/wp-json\/wp\/v2\/categories?post=5957"},{"taxonomy":"post_tag","embeddable":true,"href":"https:\/\/staging.forumjustica.com.br\/es\/wp-json\/wp\/v2\/tags?post=5957"},{"taxonomy":"anos","embeddable":true,"href":"https:\/\/staging.forumjustica.com.br\/es\/wp-json\/wp\/v2\/anos?post=5957"},{"taxonomy":"projetos","embeddable":true,"href":"https:\/\/staging.forumjustica.com.br\/es\/wp-json\/wp\/v2\/projetos?post=5957"},{"taxonomy":"autorias","embeddable":true,"href":"https:\/\/staging.forumjustica.com.br\/es\/wp-json\/wp\/v2\/autorias?post=5957"},{"taxonomy":"eixos_tematicos","embeddable":true,"href":"https:\/\/staging.forumjustica.com.br\/es\/wp-json\/wp\/v2\/eixos_tematicos?post=5957"},{"taxonomy":"locais","embeddable":true,"href":"https:\/\/staging.forumjustica.com.br\/es\/wp-json\/wp\/v2\/locais?post=5957"},{"taxonomy":"pessoas","embeddable":true,"href":"https:\/\/staging.forumjustica.com.br\/es\/wp-json\/wp\/v2\/pessoas?post=5957"},{"taxonomy":"estado","embeddable":true,"href":"https:\/\/staging.forumjustica.com.br\/es\/wp-json\/wp\/v2\/estado?post=5957"},{"taxonomy":"academia","embeddable":true,"href":"https:\/\/staging.forumjustica.com.br\/es\/wp-json\/wp\/v2\/academia?post=5957"},{"taxonomy":"sociedade_civil","embeddable":true,"href":"https:\/\/staging.forumjustica.com.br\/es\/wp-json\/wp\/v2\/sociedade_civil?post=5957"}],"curies":[{"name":"wp","href":"https:\/\/api.w.org\/{rel}","templated":true}]}}