{"id":5912,"date":"2013-05-08T10:00:29","date_gmt":"2013-05-08T12:00:29","guid":{"rendered":"https:\/\/forumjustica.vlannetwork.com\/?p=5912"},"modified":"2022-09-04T21:16:18","modified_gmt":"2022-09-05T00:16:18","slug":"inscricoes-abertas-para-i-congresso-dos-defensores-publicos-do-estado-do-para-e-i-encontro-dos-defensores-publicos-do-norte","status":"publish","type":"post","link":"https:\/\/staging.forumjustica.com.br\/es\/inscricoes-abertas-para-i-congresso-dos-defensores-publicos-do-estado-do-para-e-i-encontro-dos-defensores-publicos-do-norte\/","title":{"rendered":"Inscri\u00e7\u00f5es abertas para I Congresso dos Defensores P\u00fablicos do Estado do Par\u00e1 e I Encontro dos Defensores P\u00fablicos do Norte"},"content":{"rendered":"<p>Fonte: Ascom ANADEP *Com informa\u00e7\u00f5es da ADPEP-PA<br \/>\nEstado: DF\/ PA<\/p>\n<p><a href=\"https:\/\/staging.forumjustica.com.br\/wp-content\/uploads\/2013\/05\/Logo_FINAL_04.jpg\"><img loading=\"lazy\" decoding=\"async\" src=\"https:\/\/staging.forumjustica.com.br\/wp-content\/uploads\/2013\/05\/Logo_FINAL_04.jpg\" alt=\"\" title=\"Logo_FINAL_04\" width=\"350\" height=\"248\" class=\"aligncenter size-full wp-image-5913\" \/><\/a><\/p>\n<p>J\u00e1 est\u00e3o abertas as incri\u00e7\u00f5es para o I Congresso dos Defensores P\u00fablicos do Estado do Par\u00e1 e I Encontro dos Defensores P\u00fablicos do Norte, que ocorrer\u00e1 na capital Bel\u00e9m (PA), de 19 a 21 de junho de 2013. Defensores p\u00fablicos, estudantes de direito e demais profissionais da \u00e1rea jur\u00eddica  podem participar do evento que tem como principal objetivo discutir o tema \u201cDireitos Humanos e a Defesa da Amaz\u00f4nia\u201d.<\/p>\n<p>O Congresso j\u00e1 tem a confirma\u00e7\u00e3o do Ministro do Superior Tribunal de Justi\u00e7a, Mauro Campbell; do Secret\u00e1rio da Reforma do Judici\u00e1rio, Fl\u00e1vio Crocce Caetano; da fundadora do F\u00f3rum de Justi\u00e7a, Adriana Britto; da diretora presidente do Col\u00e9gio Nacional de Ouvidorias das Defensorias P\u00fablicas, Luciana Zaffalon; do procurador da Rep\u00fablica e professor UERJ, Daniel Sarmento; do defensor Interamericano, Roberto Tadeu Vaz Curvo; entre outros profissionais do Par\u00e1, do Amazonas e de Rond\u00f4nia.<\/p>\n<p>Os interessados em participar podem obter mais informa\u00e7\u00f5es na p\u00e1gina oficial do evento: <a href=\"http:\/\/congressoadpep.com.br\">http:\/\/congressoadpep.com.br<\/a>.<\/p>\n<p>Acesse tamb\u00e9m o Facebook e o Twitter do Congresso.<\/p>\n<p>Contato: Gaby Comunica\u00e7\u00e3o S\/S Ltda Telefones: (91) 3347.3710\/3081.5778<\/p>","protected":false},"excerpt":{"rendered":"<p>Fonte: Ascom ANADEP *Com informa\u00e7\u00f5es da ADPEP-PA Estado: DF\/ PA J\u00e1 est\u00e3o abertas as incri\u00e7\u00f5es para o I Congresso dos Defensores P\u00fablicos do Estado do Par\u00e1 e I Encontro dos Defensores P\u00fablicos do Norte, que ocorrer\u00e1 na capital Bel\u00e9m (PA), de 19 a 21 de junho de 2013. Defensores p\u00fablicos, estudantes de direito e demais [&hellip;]<\/p>\n","protected":false},"author":13,"featured_media":0,"comment_status":"open","ping_status":"closed","sticky":false,"template":"","format":"standard","meta":{"inline_featured_image":false,"footnotes":""},"categories":[1],"tags":[],"anos":[],"projetos":[],"autorias":[],"eixos_tematicos":[],"locais":[],"pessoas":[],"estado":[],"academia":[],"sociedade_civil":[],"class_list":["post-5912","post","type-post","status-publish","format-standard","hentry","category-noticias"],"_links":{"self":[{"href":"https:\/\/staging.forumjustica.com.br\/es\/wp-json\/wp\/v2\/posts\/5912","targetHints":{"allow":["GET"]}}],"collection":[{"href":"https:\/\/staging.forumjustica.com.br\/es\/wp-json\/wp\/v2\/posts"}],"about":[{"href":"https:\/\/staging.forumjustica.com.br\/es\/wp-json\/wp\/v2\/types\/post"}],"author":[{"embeddable":true,"href":"https:\/\/staging.forumjustica.com.br\/es\/wp-json\/wp\/v2\/users\/13"}],"replies":[{"embeddable":true,"href":"https:\/\/staging.forumjustica.com.br\/es\/wp-json\/wp\/v2\/comments?post=5912"}],"version-history":[{"count":1,"href":"https:\/\/staging.forumjustica.com.br\/es\/wp-json\/wp\/v2\/posts\/5912\/revisions"}],"predecessor-version":[{"id":17668,"href":"https:\/\/staging.forumjustica.com.br\/es\/wp-json\/wp\/v2\/posts\/5912\/revisions\/17668"}],"wp:attachment":[{"href":"https:\/\/staging.forumjustica.com.br\/es\/wp-json\/wp\/v2\/media?parent=5912"}],"wp:term":[{"taxonomy":"category","embeddable":true,"href":"https:\/\/staging.forumjustica.com.br\/es\/wp-json\/wp\/v2\/categories?post=5912"},{"taxonomy":"post_tag","embeddable":true,"href":"https:\/\/staging.forumjustica.com.br\/es\/wp-json\/wp\/v2\/tags?post=5912"},{"taxonomy":"anos","embeddable":true,"href":"https:\/\/staging.forumjustica.com.br\/es\/wp-json\/wp\/v2\/anos?post=5912"},{"taxonomy":"projetos","embeddable":true,"href":"https:\/\/staging.forumjustica.com.br\/es\/wp-json\/wp\/v2\/projetos?post=5912"},{"taxonomy":"autorias","embeddable":true,"href":"https:\/\/staging.forumjustica.com.br\/es\/wp-json\/wp\/v2\/autorias?post=5912"},{"taxonomy":"eixos_tematicos","embeddable":true,"href":"https:\/\/staging.forumjustica.com.br\/es\/wp-json\/wp\/v2\/eixos_tematicos?post=5912"},{"taxonomy":"locais","embeddable":true,"href":"https:\/\/staging.forumjustica.com.br\/es\/wp-json\/wp\/v2\/locais?post=5912"},{"taxonomy":"pessoas","embeddable":true,"href":"https:\/\/staging.forumjustica.com.br\/es\/wp-json\/wp\/v2\/pessoas?post=5912"},{"taxonomy":"estado","embeddable":true,"href":"https:\/\/staging.forumjustica.com.br\/es\/wp-json\/wp\/v2\/estado?post=5912"},{"taxonomy":"academia","embeddable":true,"href":"https:\/\/staging.forumjustica.com.br\/es\/wp-json\/wp\/v2\/academia?post=5912"},{"taxonomy":"sociedade_civil","embeddable":true,"href":"https:\/\/staging.forumjustica.com.br\/es\/wp-json\/wp\/v2\/sociedade_civil?post=5912"}],"curies":[{"name":"wp","href":"https:\/\/api.w.org\/{rel}","templated":true}]}}