{"id":5888,"date":"2013-05-03T09:00:28","date_gmt":"2013-05-03T11:00:28","guid":{"rendered":"https:\/\/forumjustica.vlannetwork.com\/?p=5888"},"modified":"2022-09-04T21:16:18","modified_gmt":"2022-09-05T00:16:18","slug":"mst-recebe-premio-em-guernica-pela-luta-da-reforma-agraria","status":"publish","type":"post","link":"https:\/\/staging.forumjustica.com.br\/es\/mst-recebe-premio-em-guernica-pela-luta-da-reforma-agraria\/","title":{"rendered":"MST recebe pr\u00eamio em Guernica pela luta da Reforma Agr\u00e1ria"},"content":{"rendered":"<p><a href=\"https:\/\/staging.forumjustica.com.br\/wp-content\/uploads\/2013\/05\/premio-guernika.jpg\"><img loading=\"lazy\" decoding=\"async\" src=\"https:\/\/staging.forumjustica.com.br\/wp-content\/uploads\/2013\/05\/premio-guernika.jpg\" alt=\"\" title=\"premio guernika\" width=\"624\" height=\"525\" class=\"aligncenter size-full wp-image-5889\" \/><\/a><br \/>\nIn\u00edcio<\/p>\n<p>O MST recebeu nesta sexta-feira (26\/4) o pr\u00eamio Pr\u00eamio Guernica para a Paz e Reconcilia\u00e7\u00e3o de 2013, na cidade de Guernica, na Espanha. O pr\u00eamio foi entregue durante os atos de mem\u00f3ria dos 76 anos do bombardeio de Guernica pelos nazistas.<\/p>\n<p>Cerca de 400 pessoas participaram da cerim\u00f4nia, dentre as quais autoridades da cidade, membros da Via Campesina da Espanha e amigos do MST no pa\u00eds Basco.<\/p>\n<p>Ao conceder o pr\u00eamio para o MST, o comit\u00ea de jurados afirmou que o Movimento \u00e9 uma \u201corganiza\u00e7\u00e3o que luta pela paz e pela Reforma Agr\u00e1ria no Brasil. Est\u00e1 h\u00e1 30 anos resistindo, de forma n\u00e3o violenta, e j\u00e1 conquistou mais de 1.500 assentamentos legalizados, que re\u00fanem 350 mil fam\u00edlias em um total de 5 milh\u00f5es de hectares\u00bb.<\/p>\n<p>Jo\u00e3o Paulo Rodrigues, da coordena\u00e7\u00e3o do MST e quem recebeu o pr\u00eamio pelo Movimento, agradeceu, ao lembrar das v\u00edtimas do bombardeio e da viol\u00eancia contra os trabalhadores rurais pelo latif\u00fandio.<\/p>\n<p>\u201cQueremos dedicar esse pr\u00eamio a todas as v\u00edtimas do bombardeio de Guernica, a todos os presos pol\u00edticos do mundo que lutam por democracia e justi\u00e7a, e a todos militantes que foram assassinados na luta pela Reforma Agr\u00e1ria\u201d, disse Jo\u00e3o Paulo.<\/p>\n<p>E concluiu ao afirmar que a luta do MST pela paz, pela democracia e Reforma Agr\u00e1ria s\u00f3 \u00e9 poss\u00edvel ter paz com justi\u00e7a social. \u00abReafirmamos nosso compromisso de lutar em defesa da soberania alimentar, do meio ambiente, dos direitos humanos e em defesa dos camponeses\u201d.<\/p>\n<p>O Deputado Valmir Assun\u00e7\u00e3o (PT-BA), em pronunciamento na C\u00e2mara dos deputados, elogiou a iniciativa e parabenizou o MST. \u201cQuero aqui parabenizar o MST, que \u00e9 maior movimento social da Am\u00e9rica Latina. Parabenizar pela luta e povo aguerrido, que n\u00e3o descansa mesmo diante de uma conjuntura de concentra\u00e7\u00e3o fundi\u00e1ria e atua\u00e7\u00e3o nociva do agroneg\u00f3cio, que n\u00e3o produz alimentos, se utiliza de trabalho escravo e, dentro desta casa, articula-se contra os direitos do povo brasileiro\u201d.<\/p>\n<p>Ap\u00f3s a entrega dos pr\u00eamios, houve atividades culturais e uma homenagem no cemit\u00e9rio onde est\u00e3o enterrados os mortos do bombardeio de Guernica.<\/p>\n<p>Premia\u00e7\u00e3o<\/p>\n<p>A premia\u00e7\u00e3o Guernica para a Paz e a Reconcilia\u00e7\u00e3o foi estabelecida em 2005 durante as atividades que relembram o bombardeio da cidade espanhola pelos nazistas, em 26 de abril de 1937. A premia\u00e7\u00e3o foi liderada pela C\u00e2mara Municipal de Guernika-Lumo (Espanha), a cidade de Pforzheim (Alemanha), a Funda\u00e7\u00e3o Guernika Gogoratuz, o Museu da Paz e da Casa da Cultura de Guernika-Lumo.<\/p>\n<p>Todos os anos, um pr\u00eamios \u00e9 concedido a pessoas que trabalham pela paz e o outro \u00e9 apresentado a grandes l\u00edderes, personalidades ou institui\u00e7\u00f5es que tenham lutado para transformar os conflitos e estabelecer as bases de futuros processos de reconcilia\u00e7\u00e3o.<\/p>\n<p><a href=\"MST recebe pr\u00eamio em Guernica pela luta da Reforma Agr\u00e1ria\">http:\/\/www.mst.org.br\/MST-recebe-premio-em-Guernica-pela-luta-da-Reforma-Agraria<\/a><\/p>","protected":false},"excerpt":{"rendered":"<p>In\u00edcio O MST recebeu nesta sexta-feira (26\/4) o pr\u00eamio Pr\u00eamio Guernica para a Paz e Reconcilia\u00e7\u00e3o de 2013, na cidade de Guernica, na Espanha. O pr\u00eamio foi entregue durante os atos de mem\u00f3ria dos 76 anos do bombardeio de Guernica pelos nazistas. Cerca de 400 pessoas participaram da cerim\u00f4nia, dentre as quais autoridades da cidade, [&hellip;]<\/p>\n","protected":false},"author":13,"featured_media":0,"comment_status":"open","ping_status":"closed","sticky":false,"template":"","format":"standard","meta":{"inline_featured_image":false,"footnotes":""},"categories":[1],"tags":[],"anos":[],"projetos":[],"autorias":[],"eixos_tematicos":[],"locais":[],"pessoas":[],"estado":[],"academia":[],"sociedade_civil":[],"class_list":["post-5888","post","type-post","status-publish","format-standard","hentry","category-noticias"],"_links":{"self":[{"href":"https:\/\/staging.forumjustica.com.br\/es\/wp-json\/wp\/v2\/posts\/5888","targetHints":{"allow":["GET"]}}],"collection":[{"href":"https:\/\/staging.forumjustica.com.br\/es\/wp-json\/wp\/v2\/posts"}],"about":[{"href":"https:\/\/staging.forumjustica.com.br\/es\/wp-json\/wp\/v2\/types\/post"}],"author":[{"embeddable":true,"href":"https:\/\/staging.forumjustica.com.br\/es\/wp-json\/wp\/v2\/users\/13"}],"replies":[{"embeddable":true,"href":"https:\/\/staging.forumjustica.com.br\/es\/wp-json\/wp\/v2\/comments?post=5888"}],"version-history":[{"count":1,"href":"https:\/\/staging.forumjustica.com.br\/es\/wp-json\/wp\/v2\/posts\/5888\/revisions"}],"predecessor-version":[{"id":17674,"href":"https:\/\/staging.forumjustica.com.br\/es\/wp-json\/wp\/v2\/posts\/5888\/revisions\/17674"}],"wp:attachment":[{"href":"https:\/\/staging.forumjustica.com.br\/es\/wp-json\/wp\/v2\/media?parent=5888"}],"wp:term":[{"taxonomy":"category","embeddable":true,"href":"https:\/\/staging.forumjustica.com.br\/es\/wp-json\/wp\/v2\/categories?post=5888"},{"taxonomy":"post_tag","embeddable":true,"href":"https:\/\/staging.forumjustica.com.br\/es\/wp-json\/wp\/v2\/tags?post=5888"},{"taxonomy":"anos","embeddable":true,"href":"https:\/\/staging.forumjustica.com.br\/es\/wp-json\/wp\/v2\/anos?post=5888"},{"taxonomy":"projetos","embeddable":true,"href":"https:\/\/staging.forumjustica.com.br\/es\/wp-json\/wp\/v2\/projetos?post=5888"},{"taxonomy":"autorias","embeddable":true,"href":"https:\/\/staging.forumjustica.com.br\/es\/wp-json\/wp\/v2\/autorias?post=5888"},{"taxonomy":"eixos_tematicos","embeddable":true,"href":"https:\/\/staging.forumjustica.com.br\/es\/wp-json\/wp\/v2\/eixos_tematicos?post=5888"},{"taxonomy":"locais","embeddable":true,"href":"https:\/\/staging.forumjustica.com.br\/es\/wp-json\/wp\/v2\/locais?post=5888"},{"taxonomy":"pessoas","embeddable":true,"href":"https:\/\/staging.forumjustica.com.br\/es\/wp-json\/wp\/v2\/pessoas?post=5888"},{"taxonomy":"estado","embeddable":true,"href":"https:\/\/staging.forumjustica.com.br\/es\/wp-json\/wp\/v2\/estado?post=5888"},{"taxonomy":"academia","embeddable":true,"href":"https:\/\/staging.forumjustica.com.br\/es\/wp-json\/wp\/v2\/academia?post=5888"},{"taxonomy":"sociedade_civil","embeddable":true,"href":"https:\/\/staging.forumjustica.com.br\/es\/wp-json\/wp\/v2\/sociedade_civil?post=5888"}],"curies":[{"name":"wp","href":"https:\/\/api.w.org\/{rel}","templated":true}]}}