{"id":5880,"date":"2013-05-02T09:21:36","date_gmt":"2013-05-02T11:21:36","guid":{"rendered":"https:\/\/forumjustica.vlannetwork.com\/?p=5880"},"modified":"2022-09-04T21:16:18","modified_gmt":"2022-09-05T00:16:18","slug":"mpf-lanca-mapa-interativo-e-democratiza-informacoes-sobre-sua-atuacao-em-todo-o-brasil","status":"publish","type":"post","link":"https:\/\/staging.forumjustica.com.br\/es\/mpf-lanca-mapa-interativo-e-democratiza-informacoes-sobre-sua-atuacao-em-todo-o-brasil\/","title":{"rendered":"MPF lan\u00e7a Mapa interativo e democratiza informa\u00e7\u00f5es sobre sua atua\u00e7\u00e3o em todo o Brasil"},"content":{"rendered":"<p><a href=\"https:\/\/staging.forumjustica.com.br\/wp-content\/uploads\/2013\/04\/Mapa-MPF1.png\"><img loading=\"lazy\" decoding=\"async\" src=\"https:\/\/staging.forumjustica.com.br\/wp-content\/uploads\/2013\/04\/Mapa-MPF1-261x300.png\" alt=\"\" title=\"Mapa-MPF1\" width=\"261\" height=\"300\" class=\"aligncenter size-medium wp-image-5883\" \/><\/a><\/p>\n<p>Tania Pacheco \u2013 Combate Racismo Ambiental<\/p>\n<p>No seu Portal da Transpar\u00eancia, o Minist\u00e9rio P\u00fablico Federal disponibilizou quinta-feira \u00faltima, dia 25 de abril, uma ferramenta important\u00edssima para a democratiza\u00e7\u00e3o da justi\u00e7a, abrindo as informa\u00e7\u00f5es sobre sua atua\u00e7\u00e3o: o Mapa de Atua\u00e7\u00e3o do MPF. Escolhendo-se uma cidade onde o MPF tem uma unidade, aparece de imediato o n\u00famero de processos em andamento, como pode ser visto na foto acima.<\/p>\n<p>Clicando sobre eles, temos uma listagem da qual constam o n\u00famero do processo, o tema envolvido na quest\u00e3o e em qual c\u00e2mara ele est\u00e1. Definindo um tema (eu escolhi Direitos Ind\u00edgenas), vamos para outra p\u00e1gina, na qual escolhemos uma regi\u00e3o para consulta (no meu caso, a 3\u00aa, correspondendo a SP e MS). Agora, pode-se optar por uma palavra-chave, como Guarani-Kaiow\u00e1. Finalmente, temos a informa\u00e7\u00e3o dos diferentes processos em pauta e podemos escolher, dentre eles, sobre qual desejamos informa\u00e7\u00f5es. Minha escolha, como pode ser vista abaixo, foi Pyelito Kue.<\/p>\n<p><a href=\"https:\/\/staging.forumjustica.com.br\/wp-content\/uploads\/2013\/04\/Mapa-MPF-GK.png\"><img loading=\"lazy\" decoding=\"async\" src=\"https:\/\/staging.forumjustica.com.br\/wp-content\/uploads\/2013\/04\/Mapa-MPF-GK-300x230.png\" alt=\"\" title=\"Mapa-MPF-GK\" width=\"300\" height=\"230\" class=\"aligncenter size-medium wp-image-5884\" \/><\/a><br \/>\nA partir da\u00ed, \u00e9 s\u00f3 ir adiante, buscando informa\u00e7\u00f5es n\u00e3o apenas sobre esse processo como sobre outros tamb\u00e9m. Para ter acesso ao Mapa, basta clicar <a href=\"http:\/\/aplicativos.pgr.mpf.gov.br\/mapas\/mpf\/atuacao\/index.php?UID=1366918532\">AQUI.<\/a><\/p>\n<p>O Mapa foi lan\u00e7ado na internet no dia 25 de abril \u00faltimo. Me parece ultra importante divulg\u00e1-lo, e agrade\u00e7o a Diosmar Filho pela dica.<\/p>","protected":false},"excerpt":{"rendered":"<p>Tania Pacheco \u2013 Combate Racismo Ambiental No seu Portal da Transpar\u00eancia, o Minist\u00e9rio P\u00fablico Federal disponibilizou quinta-feira \u00faltima, dia 25 de abril, uma ferramenta important\u00edssima para a democratiza\u00e7\u00e3o da justi\u00e7a, abrindo as informa\u00e7\u00f5es sobre sua atua\u00e7\u00e3o: o Mapa de Atua\u00e7\u00e3o do MPF. Escolhendo-se uma cidade onde o MPF tem uma unidade, aparece de imediato o [&hellip;]<\/p>\n","protected":false},"author":13,"featured_media":0,"comment_status":"open","ping_status":"closed","sticky":false,"template":"","format":"standard","meta":{"inline_featured_image":false,"footnotes":""},"categories":[1],"tags":[],"anos":[],"projetos":[],"autorias":[],"eixos_tematicos":[],"locais":[],"pessoas":[],"estado":[],"academia":[],"sociedade_civil":[],"class_list":["post-5880","post","type-post","status-publish","format-standard","hentry","category-noticias"],"_links":{"self":[{"href":"https:\/\/staging.forumjustica.com.br\/es\/wp-json\/wp\/v2\/posts\/5880","targetHints":{"allow":["GET"]}}],"collection":[{"href":"https:\/\/staging.forumjustica.com.br\/es\/wp-json\/wp\/v2\/posts"}],"about":[{"href":"https:\/\/staging.forumjustica.com.br\/es\/wp-json\/wp\/v2\/types\/post"}],"author":[{"embeddable":true,"href":"https:\/\/staging.forumjustica.com.br\/es\/wp-json\/wp\/v2\/users\/13"}],"replies":[{"embeddable":true,"href":"https:\/\/staging.forumjustica.com.br\/es\/wp-json\/wp\/v2\/comments?post=5880"}],"version-history":[{"count":1,"href":"https:\/\/staging.forumjustica.com.br\/es\/wp-json\/wp\/v2\/posts\/5880\/revisions"}],"predecessor-version":[{"id":17676,"href":"https:\/\/staging.forumjustica.com.br\/es\/wp-json\/wp\/v2\/posts\/5880\/revisions\/17676"}],"wp:attachment":[{"href":"https:\/\/staging.forumjustica.com.br\/es\/wp-json\/wp\/v2\/media?parent=5880"}],"wp:term":[{"taxonomy":"category","embeddable":true,"href":"https:\/\/staging.forumjustica.com.br\/es\/wp-json\/wp\/v2\/categories?post=5880"},{"taxonomy":"post_tag","embeddable":true,"href":"https:\/\/staging.forumjustica.com.br\/es\/wp-json\/wp\/v2\/tags?post=5880"},{"taxonomy":"anos","embeddable":true,"href":"https:\/\/staging.forumjustica.com.br\/es\/wp-json\/wp\/v2\/anos?post=5880"},{"taxonomy":"projetos","embeddable":true,"href":"https:\/\/staging.forumjustica.com.br\/es\/wp-json\/wp\/v2\/projetos?post=5880"},{"taxonomy":"autorias","embeddable":true,"href":"https:\/\/staging.forumjustica.com.br\/es\/wp-json\/wp\/v2\/autorias?post=5880"},{"taxonomy":"eixos_tematicos","embeddable":true,"href":"https:\/\/staging.forumjustica.com.br\/es\/wp-json\/wp\/v2\/eixos_tematicos?post=5880"},{"taxonomy":"locais","embeddable":true,"href":"https:\/\/staging.forumjustica.com.br\/es\/wp-json\/wp\/v2\/locais?post=5880"},{"taxonomy":"pessoas","embeddable":true,"href":"https:\/\/staging.forumjustica.com.br\/es\/wp-json\/wp\/v2\/pessoas?post=5880"},{"taxonomy":"estado","embeddable":true,"href":"https:\/\/staging.forumjustica.com.br\/es\/wp-json\/wp\/v2\/estado?post=5880"},{"taxonomy":"academia","embeddable":true,"href":"https:\/\/staging.forumjustica.com.br\/es\/wp-json\/wp\/v2\/academia?post=5880"},{"taxonomy":"sociedade_civil","embeddable":true,"href":"https:\/\/staging.forumjustica.com.br\/es\/wp-json\/wp\/v2\/sociedade_civil?post=5880"}],"curies":[{"name":"wp","href":"https:\/\/api.w.org\/{rel}","templated":true}]}}