{"id":5868,"date":"2013-05-02T09:00:09","date_gmt":"2013-05-02T11:00:09","guid":{"rendered":"https:\/\/forumjustica.vlannetwork.com\/?p=5868"},"modified":"2022-09-04T21:16:18","modified_gmt":"2022-09-05T00:16:18","slug":"conselho-superior-da-defensoria-publica-de-sp-realiza-sessao-de-desagravo-em-apoio-ao-defensor-jairo-salvador-de-souza-por-sua-atuacao-no-caso-pinheirinho","status":"publish","type":"post","link":"https:\/\/staging.forumjustica.com.br\/es\/conselho-superior-da-defensoria-publica-de-sp-realiza-sessao-de-desagravo-em-apoio-ao-defensor-jairo-salvador-de-souza-por-sua-atuacao-no-caso-pinheirinho\/","title":{"rendered":"Conselho Superior da Defensoria P\u00fablica de SP realiza sess\u00e3o de desagravo em apoio ao Defensor Jairo Salvador de Souza, por sua atua\u00e7\u00e3o no caso Pinheirinho"},"content":{"rendered":"<p>Ve\u00edculo: DPESP<br \/>\nData: 26\/4\/2013<\/p>\n<p><img loading=\"lazy\" decoding=\"async\" alt=\"\" src=\"http:\/\/www.defensoria.sp.gov.br\/dpesp\/Repositorio\/0\/Figuras\/Desag%20Portal.jpg\" class=\"alignnone\" width=\"330\" height=\"210\" \/><\/p>\n<p>O Conselho Superior da Defensoria P\u00fablica de SP realizou nesta sexta-feira (26\/4) uma sess\u00e3o de desagravo ao Defensor P\u00fablico Jairo Salvador de Souza, por sua atua\u00e7\u00e3o no caso Pinheirinho. Em janeiro de 2012, Jairo foi impedido pela Pol\u00edcia Militar de acompanhar o cumprimento da decis\u00e3o que determinava a desocupa\u00e7\u00e3o da \u00e1rea, em ofensa \u00e0s suas prerrogativas funcionais.<\/p>\n<p>A sess\u00e3o teve in\u00edcio com a leitura da de Desagravo P\u00fablico pelo Defensor P\u00fablico Mateus Moro, presidente da Comiss\u00e3o de Prerrogativas da Defensoria P\u00fablica de SP.<\/p>\n<p>Ap\u00f3s a leitura da nota, o Defensor P\u00fablico desagravado, Jairo Salvador de Souza, agradeceu ao Conselho Superior da Defensoria pela solidariedade demonstrada ao deferir o desagravo. Agradeceu tamb\u00e9m todas as manifesta\u00e7\u00f5es de apoio dos Defensores, da sociedade civil, da Ouvidoria Geral da Defensoria P\u00fablica e da Comiss\u00e3o de Prerrogativas.<\/p>\n<p>Jairo afirmou que a institui\u00e7\u00e3o tem uma miss\u00e3o constitucional de levar justi\u00e7a aos exclu\u00eddos, e que tem instrumentos indeleg\u00e1veis para cumprir essa miss\u00e3o, na maioria das vezes contra quem det\u00e9m o poder. Um desses instrumentos \u00e9 a promo\u00e7\u00e3o e defesa dos Direitos Humanos.<\/p>\n<p>O Defensor Jairo relembrou que n\u00e3o havia como ficar indiferente diante da gravidade dos fatos ocorridos naquela opera\u00e7\u00e3o: pessoas ficaram feridas, crian\u00e7as sofrem trauma at\u00e9 hoje, animais foram mortos, entre outras coisas. \u201cForam os princ\u00edpios institucionais que fizeram a Defensoria permanecer unida diante aquela situa\u00e7\u00e3o. Por isso, \u00e9 essencial que o Defensor P\u00fablico n\u00e3o abra m\u00e3o de sua miss\u00e3o, ou permita que qualquer autoridade diga para o Defensor como ele deve atuar ou deixar de atuar\u201d.<\/p>\n<p>Os Defensores P\u00fablicos Wagner Giron, Ana\u00ed Arantes Rodrigues, Rafael Portugu\u00eas e Rafael Vernaschi, e a Ouvidora Geral Luciana Zaffalon discursaram em homenagem a Jairo, ressaltando suas qualidades pessoais e t\u00e9cnicas. A Defensora Juliana Belloque tamb\u00e9m relembrou a atua\u00e7\u00e3o dos Defensores Carlos Weis e Daniela Skromov na Cracol\u00e2ndia, alvo de cr\u00edticas por parte da imprensa.<\/p>\n<p>A Defensora P\u00fablica Geral Daniela Sollberger Cembranelli ressaltou que desde a informa\u00e7\u00e3o a respeito das restri\u00e7\u00f5es impostas \u00e0 atua\u00e7\u00e3o de Jairo, a Defensoria Geral foi solid\u00e1ria ao Defensor. \u201cJairo foi fundamental para que aquela desocupa\u00e7\u00e3o n\u00e3o fosse pior do que ela foi. A institui\u00e7\u00e3o reconhece sua \u00edmpar forma de trabalhar, dedica\u00e7\u00e3o, honestidade no desempenho de suas atribui\u00e7\u00f5es desde sempre. Se a Defensoria faz diferen\u00e7a na vida das pessoas, Jairo faz diferen\u00e7a na vida dos Defensores\u201d.<\/p>\n<p><a href=\"http:\/\/www.defensoria.sp.gov.br\/dpesp\/Conteudos\/Noticias\/NoticiaConsulta.aspx?idItem=46505&#038;idPagina=1\">http:\/\/www.defensoria.sp.gov.br\/dpesp\/Conteudos\/Noticias\/NoticiaConsulta.aspx?idItem=46505&#038;idPagina=1<\/a><\/p>\n","protected":false},"excerpt":{"rendered":"<p>Ve\u00edculo: DPESP Data: 26\/4\/2013 O Conselho Superior da Defensoria P\u00fablica de SP realizou nesta sexta-feira (26\/4) uma sess\u00e3o de desagravo ao Defensor P\u00fablico Jairo Salvador de Souza, por sua atua\u00e7\u00e3o no caso Pinheirinho. Em janeiro de 2012, Jairo foi impedido pela Pol\u00edcia Militar de acompanhar o cumprimento da decis\u00e3o que determinava a desocupa\u00e7\u00e3o da \u00e1rea, [&hellip;]<\/p>\n","protected":false},"author":13,"featured_media":0,"comment_status":"open","ping_status":"closed","sticky":false,"template":"","format":"standard","meta":{"inline_featured_image":false,"footnotes":""},"categories":[1],"tags":[],"anos":[],"projetos":[],"autorias":[],"eixos_tematicos":[],"locais":[],"pessoas":[],"estado":[],"academia":[],"sociedade_civil":[],"class_list":["post-5868","post","type-post","status-publish","format-standard","hentry","category-noticias"],"_links":{"self":[{"href":"https:\/\/staging.forumjustica.com.br\/es\/wp-json\/wp\/v2\/posts\/5868","targetHints":{"allow":["GET"]}}],"collection":[{"href":"https:\/\/staging.forumjustica.com.br\/es\/wp-json\/wp\/v2\/posts"}],"about":[{"href":"https:\/\/staging.forumjustica.com.br\/es\/wp-json\/wp\/v2\/types\/post"}],"author":[{"embeddable":true,"href":"https:\/\/staging.forumjustica.com.br\/es\/wp-json\/wp\/v2\/users\/13"}],"replies":[{"embeddable":true,"href":"https:\/\/staging.forumjustica.com.br\/es\/wp-json\/wp\/v2\/comments?post=5868"}],"version-history":[{"count":1,"href":"https:\/\/staging.forumjustica.com.br\/es\/wp-json\/wp\/v2\/posts\/5868\/revisions"}],"predecessor-version":[{"id":17678,"href":"https:\/\/staging.forumjustica.com.br\/es\/wp-json\/wp\/v2\/posts\/5868\/revisions\/17678"}],"wp:attachment":[{"href":"https:\/\/staging.forumjustica.com.br\/es\/wp-json\/wp\/v2\/media?parent=5868"}],"wp:term":[{"taxonomy":"category","embeddable":true,"href":"https:\/\/staging.forumjustica.com.br\/es\/wp-json\/wp\/v2\/categories?post=5868"},{"taxonomy":"post_tag","embeddable":true,"href":"https:\/\/staging.forumjustica.com.br\/es\/wp-json\/wp\/v2\/tags?post=5868"},{"taxonomy":"anos","embeddable":true,"href":"https:\/\/staging.forumjustica.com.br\/es\/wp-json\/wp\/v2\/anos?post=5868"},{"taxonomy":"projetos","embeddable":true,"href":"https:\/\/staging.forumjustica.com.br\/es\/wp-json\/wp\/v2\/projetos?post=5868"},{"taxonomy":"autorias","embeddable":true,"href":"https:\/\/staging.forumjustica.com.br\/es\/wp-json\/wp\/v2\/autorias?post=5868"},{"taxonomy":"eixos_tematicos","embeddable":true,"href":"https:\/\/staging.forumjustica.com.br\/es\/wp-json\/wp\/v2\/eixos_tematicos?post=5868"},{"taxonomy":"locais","embeddable":true,"href":"https:\/\/staging.forumjustica.com.br\/es\/wp-json\/wp\/v2\/locais?post=5868"},{"taxonomy":"pessoas","embeddable":true,"href":"https:\/\/staging.forumjustica.com.br\/es\/wp-json\/wp\/v2\/pessoas?post=5868"},{"taxonomy":"estado","embeddable":true,"href":"https:\/\/staging.forumjustica.com.br\/es\/wp-json\/wp\/v2\/estado?post=5868"},{"taxonomy":"academia","embeddable":true,"href":"https:\/\/staging.forumjustica.com.br\/es\/wp-json\/wp\/v2\/academia?post=5868"},{"taxonomy":"sociedade_civil","embeddable":true,"href":"https:\/\/staging.forumjustica.com.br\/es\/wp-json\/wp\/v2\/sociedade_civil?post=5868"}],"curies":[{"name":"wp","href":"https:\/\/api.w.org\/{rel}","templated":true}]}}