{"id":5861,"date":"2013-05-02T09:00:47","date_gmt":"2013-05-02T11:00:47","guid":{"rendered":"https:\/\/forumjustica.vlannetwork.com\/?p=5861"},"modified":"2022-09-04T21:16:18","modified_gmt":"2022-09-05T00:16:18","slug":"contra-feliciano-cdhm-alternativa-reune-politicos-e-ativistas-em-sp","status":"publish","type":"post","link":"https:\/\/staging.forumjustica.com.br\/es\/contra-feliciano-cdhm-alternativa-reune-politicos-e-ativistas-em-sp\/","title":{"rendered":"Contra Feliciano, CDHM alternativa re\u00fane pol\u00edticos e ativistas em SP"},"content":{"rendered":"<p>Por Ricardo Rossetto, Carta Capital<\/p>\n<div id=\"attachment_5862\" style=\"width: 310px\" class=\"wp-caption aligncenter\"><a href=\"https:\/\/staging.forumjustica.com.br\/wp-content\/uploads\/2013\/04\/plenaria-SP.jpg\"><img loading=\"lazy\" decoding=\"async\" aria-describedby=\"caption-attachment-5862\" src=\"https:\/\/staging.forumjustica.com.br\/wp-content\/uploads\/2013\/04\/plenaria-SP-300x200.jpg\" alt=\"\" title=\"\" width=\"300\" height=\"200\" class=\"size-medium wp-image-5862\" \/><\/a><p id=\"caption-attachment-5862\" class=\"wp-caption-text\">Jean Wyllys e Laerte (de echarpe amarela) ao centro da mesa da comiss\u00e3o (Foto: Ninja CC-BY SA 2.0)<\/p><\/div>\n<p>Em uma plen\u00e1ria da Comiss\u00e3o de Direitos Humanos e Minorias, Abimael Santos, de 36 anos, pediu o uso da palavra e logo disse \u00e0 multid\u00e3o: \u201cgente, eu sei que n\u00e3o parece, mas eu sou gay\u201d. Abimael s\u00f3 conseguiu fazer a declara\u00e7\u00e3o pois n\u00e3o estava na CDHM oficial, baseada na C\u00e2mara, em Bras\u00edlia. O \u2018Bill da Pizza\u2019, como \u00e9 conhecido entre os amigos, homossexual assumido h\u00e1 16 anos, estava na Comiss\u00e3o Extraordin\u00e1ria de Direitos Humanos e Minorias, organizada na noite de quinta-feira 25, na Pra\u00e7a Roosevelt, no centro de S\u00e3o Paulo. A comiss\u00e3o extraordin\u00e1ria \u00e9 um protesto contra as posi\u00e7\u00f5es racistas e homof\u00f3bicas do deputado e pastor Marcos Feliciano (PSC-SP), presidente da CDHM \u201coficial\u201d.<\/p>\n<p>Idealizado pela ONG Conectas e pelos coletivos Existe Amor em SP e Pedra no Sapato, o ato suprapartid\u00e1rio prop\u00f4s resgatar uma pol\u00edtica de direitos humanos que represente toda a diversidade da sociedade brasileira. O debate, que durou cerca de tr\u00eas horas, foi presidido simbolicamente pelo cartunista Laerte Coutinho, ao lado do deputado federal Jean Wyllys (PSOL-RJ), de Milton Barbosa, do Movimento Negro Unificado, Sany Kalapalo, do Movimento Ind\u00edgena, e Bruno Torturra, do<br \/>\nmovimento Existe Amor em SP.<\/p>\n<p>Militante do movimento LGBT desde 2004, Bill da Pizza avisou que o ato n\u00e3o era contra qualquer religi\u00e3o. \u201cEstamos aqui lutando pelos direitos humanos. E a minha fam\u00edlia \u00e9 evang\u00e9lica, eu fui criado na Assembleia de Deus. Meu pai era pastor e, por isso, durante muito tempo acreditei que a homossexualidade era pecado\u201d, diz Bill, que tem uma filha de 16 anos, \u201csuper moderna e livre de qualquer preconceito\u201d, como ele mesmo coloca, orgulhoso.<\/p>\n<p><strong>Contra-ataque<br \/>\n<\/strong><br \/>\nPara o deputado Jean Wyllys, o evento em S\u00e3o Paulo \u00e9 um novo passo na luta pol\u00edtica contra Feliciano. Wyllys diz ter percebido que o esfor\u00e7o para tirar Feliciano da presid\u00eancia da CDHM e recompor um colegiado dedicado \u00e0 causa estava alimentando o discurso \u201cfundamentalista do pastor\u201d. \u201cMudamos a nossa estrat\u00e9gia e constitu\u00edmos espa\u00e7os proativos de atua\u00e7\u00e3o, entre eles a Frente Parlamentar de Direitos Humanos, que j\u00e1 tem a ades\u00e3o de mais de 178 parlamentares. Aprovamos, tamb\u00e9m uma subcomiss\u00e3o de Cultura e Direitos Humanos, que garante outro espa\u00e7o legislativo para tocar esses assuntos\u201d.<\/p>\n<p>Ao chegar \u00e0 Pra\u00e7a Roosevelt \u2013 tamb\u00e9m chamada de \u201cPra\u00e7a Rosa\u201d pelos coletivos envolvidos com a produ\u00e7\u00e3o cultural da capital paulista -, Wyllys ficou encantado com a resposta que a sociedade deu ao evento. \u201cIsso aqui j\u00e1 \u00e9 um sucesso. As pessoas aceitaram vir. E eu dou \u00eanfase nesse modelo criativo de chamamento p\u00fablico usado pelos movimentos sociais, porque a gente sabe que hoje em dia \u00e9 muito dif\u00edcil mobilizar politicamente uma por\u00e7\u00e3o de gente\u201d.<\/p>\n<p>O jornalista e diretor da ONG Obor\u00e9, S\u00e9rgio Gomes, amigo de longa data de Laerte e de muitos dos outros idealizadores do evento, avaliou mais detalhadamente o perfil de quem esteve na Pra\u00e7a e destacou que \u201cdesde a redemocratiza\u00e7\u00e3o do Brasil (em 1985) n\u00e3o existiu sequer um evento que reuniu, na mesma mesa pra debate, \u00edndios, gays, negros, travestis, transexuais e moradores de rua\u201d.<\/p>\n<p>Para Bruno Torturra, as pessoas, quando separadas por r\u00f3tulos de g\u00eaneros, ra\u00e7a, credos e op\u00e7\u00f5es sexuais, tornam-se minorias. \u201cA disputa que est\u00e1 acontecendo, n\u00e3o s\u00f3 na nossa Comiss\u00e3o de Direitos Humanos, mas no mundo todo, \u00e9 quem \u00e9 a maioria? Pessoas que est\u00e3o dispostas a ver a pol\u00edtica como o territ\u00f3rio de cuidado e amor ao pr\u00f3ximo, ou aquela que acredita que seus valores pessoais devem ser impostos aos outros?\u201d<\/p>\n<p>A escolha da \u201cPra\u00e7a Rosa\u201d como palco da Comiss\u00e3o Extraordin\u00e1ria de Direitos Humanos n\u00e3o foi por acaso, j\u00e1 que o territ\u00f3rio dela tem um hist\u00f3rico de disputa f\u00edsica e simb\u00f3lica na luta pelo direito \u00e0 cidade. Foi ali, em outubro do ano passado, que 20 mil pessoas deram origem ao movimento \u2018Existe Amor em SP\u2019, em uma catarse coletiva para protestar contra uma S\u00e3o Paulo agressiva, individualista, proibida e militarizada.<\/p>\n<p><strong>Verdadeira natureza<\/strong><\/p>\n<p>Sentado ao centro da mesa de debate, Laerte, que recentemente se tornou porta-voz da causa dos transg\u00eaneros, foi um dos destaques do evento ao defender as liberdades individuais. \u201cOs nossos corpos, os nossos olhares, a nossa maneira de se relacionar com o divino, com o sagrado, e tudo isso \u00e9 muito particular de cada um\u201d, disse. \u201cIsso \u00e9 a nossa verdadeira natureza, e temos que ter o direito de expressar a nossa religiosidade, a nossa orienta\u00e7\u00e3o sexual, nossos pr\u00f3prios rituais\u201d, afirmou.<\/p>\n<p>De acordo com o vereador Nabil Bonduki (PT), esses rituais t\u00eam sido cada vez mais reprimidos no espa\u00e7o p\u00fablico da cidade. \u201cH\u00e1 um movimento conservador na C\u00e2mara Municipal de S\u00e3o Paulo que busca limitar as manifesta\u00e7\u00f5es culturais dos paulistanos\u201d, diz. \u201cExpress\u00f5es, estas, que nascem muitas vezes nas periferias e v\u00eam buscas as ruas do centro\u201d, alertou o parlamentar.<\/p>\n<p>Apesar dessas for\u00e7as contr\u00e1rias, Jo\u00e3o Paulo Charleaux, porta voz da ONG Conectas Direitos Humanos, e um dos idealizadores do evento, considerou o saldo da reuni\u00e3o extraordin\u00e1ria muito positivo. Para ele, o melhor efeito foi o de levar as pessoas para um espa\u00e7o p\u00fablico de debate qualificado. \u201cAl\u00e9m de tamb\u00e9m desmistificar o Feliciano, trazendo as quest\u00f5es que ele est\u00e1 querendo ofuscar. O que n\u00f3s fizemos foi inverter esse modelo, porque o importante \u00e9 toda essa pauta que est\u00e1 negligenciada por ele\u201d.<\/p>\n<p>Charleaux disse torcer para que a pauta de direitos humanos seja incontrol\u00e1vel, de modo a \u201cativar\u201d nas pessoas o interesse em discutir o assunto. \u201cE isso vai ficar bom quando o contradit\u00f3rio come\u00e7ar a aparecer. Quando os evang\u00e9licos, os crist\u00e3os e o [vereador de S\u00e3o Paulo] Coronel Telhada [PSDB] vierem para o debate\u201d.<\/p>\n<p><a href=\"http:\/\/www.cartacapital.com.br\/sociedade\/em-sao-paulo-uma-alternativa-ao-preconceito-de-feliciano\/\">http:\/\/www.cartacapital.com.br\/sociedade\/em-sao-paulo-uma-alternativa-ao-preconceito-de-feliciano\/<\/a><\/p>","protected":false},"excerpt":{"rendered":"<p>Por Ricardo Rossetto, Carta Capital Em uma plen\u00e1ria da Comiss\u00e3o de Direitos Humanos e Minorias, Abimael Santos, de 36 anos, pediu o uso da palavra e logo disse \u00e0 multid\u00e3o: \u201cgente, eu sei que n\u00e3o parece, mas eu sou gay\u201d. Abimael s\u00f3 conseguiu fazer a declara\u00e7\u00e3o pois n\u00e3o estava na CDHM oficial, baseada na C\u00e2mara, [&hellip;]<\/p>\n","protected":false},"author":13,"featured_media":0,"comment_status":"open","ping_status":"closed","sticky":false,"template":"","format":"standard","meta":{"inline_featured_image":false,"footnotes":""},"categories":[1],"tags":[],"anos":[],"projetos":[],"autorias":[],"eixos_tematicos":[],"locais":[],"pessoas":[],"estado":[],"academia":[],"sociedade_civil":[],"class_list":["post-5861","post","type-post","status-publish","format-standard","hentry","category-noticias"],"_links":{"self":[{"href":"https:\/\/staging.forumjustica.com.br\/es\/wp-json\/wp\/v2\/posts\/5861","targetHints":{"allow":["GET"]}}],"collection":[{"href":"https:\/\/staging.forumjustica.com.br\/es\/wp-json\/wp\/v2\/posts"}],"about":[{"href":"https:\/\/staging.forumjustica.com.br\/es\/wp-json\/wp\/v2\/types\/post"}],"author":[{"embeddable":true,"href":"https:\/\/staging.forumjustica.com.br\/es\/wp-json\/wp\/v2\/users\/13"}],"replies":[{"embeddable":true,"href":"https:\/\/staging.forumjustica.com.br\/es\/wp-json\/wp\/v2\/comments?post=5861"}],"version-history":[{"count":1,"href":"https:\/\/staging.forumjustica.com.br\/es\/wp-json\/wp\/v2\/posts\/5861\/revisions"}],"predecessor-version":[{"id":17677,"href":"https:\/\/staging.forumjustica.com.br\/es\/wp-json\/wp\/v2\/posts\/5861\/revisions\/17677"}],"wp:attachment":[{"href":"https:\/\/staging.forumjustica.com.br\/es\/wp-json\/wp\/v2\/media?parent=5861"}],"wp:term":[{"taxonomy":"category","embeddable":true,"href":"https:\/\/staging.forumjustica.com.br\/es\/wp-json\/wp\/v2\/categories?post=5861"},{"taxonomy":"post_tag","embeddable":true,"href":"https:\/\/staging.forumjustica.com.br\/es\/wp-json\/wp\/v2\/tags?post=5861"},{"taxonomy":"anos","embeddable":true,"href":"https:\/\/staging.forumjustica.com.br\/es\/wp-json\/wp\/v2\/anos?post=5861"},{"taxonomy":"projetos","embeddable":true,"href":"https:\/\/staging.forumjustica.com.br\/es\/wp-json\/wp\/v2\/projetos?post=5861"},{"taxonomy":"autorias","embeddable":true,"href":"https:\/\/staging.forumjustica.com.br\/es\/wp-json\/wp\/v2\/autorias?post=5861"},{"taxonomy":"eixos_tematicos","embeddable":true,"href":"https:\/\/staging.forumjustica.com.br\/es\/wp-json\/wp\/v2\/eixos_tematicos?post=5861"},{"taxonomy":"locais","embeddable":true,"href":"https:\/\/staging.forumjustica.com.br\/es\/wp-json\/wp\/v2\/locais?post=5861"},{"taxonomy":"pessoas","embeddable":true,"href":"https:\/\/staging.forumjustica.com.br\/es\/wp-json\/wp\/v2\/pessoas?post=5861"},{"taxonomy":"estado","embeddable":true,"href":"https:\/\/staging.forumjustica.com.br\/es\/wp-json\/wp\/v2\/estado?post=5861"},{"taxonomy":"academia","embeddable":true,"href":"https:\/\/staging.forumjustica.com.br\/es\/wp-json\/wp\/v2\/academia?post=5861"},{"taxonomy":"sociedade_civil","embeddable":true,"href":"https:\/\/staging.forumjustica.com.br\/es\/wp-json\/wp\/v2\/sociedade_civil?post=5861"}],"curies":[{"name":"wp","href":"https:\/\/api.w.org\/{rel}","templated":true}]}}