{"id":5838,"date":"2013-04-29T09:00:09","date_gmt":"2013-04-29T11:00:09","guid":{"rendered":"https:\/\/forumjustica.vlannetwork.com\/?p=5838"},"modified":"2022-09-04T21:16:18","modified_gmt":"2022-09-05T00:16:18","slug":"comissao-instalada-visitara-lixoes-de-niteroi-sao-goncalo-e-itaborai","status":"publish","type":"post","link":"https:\/\/staging.forumjustica.com.br\/es\/comissao-instalada-visitara-lixoes-de-niteroi-sao-goncalo-e-itaborai\/","title":{"rendered":"COMISS\u00c3O INSTALADA VISITAR\u00c1 LIX\u00d5ES DE NITER\u00d3I, S\u00c3O GON\u00c7ALO E ITABORA\u00cd"},"content":{"rendered":"<p><img loading=\"lazy\" decoding=\"async\" alt=\"\" src=\"http:\/\/www.alerj.rj.gov.br\/fotos\/comresidsolid_geral_rw_24_04_13_new.jpg\" class=\"alignnone\" width=\"850\" height=\"567\" \/><\/p>\n<p>A Comiss\u00e3o Especial para Acompanhar e Fiscalizar o Cumprimento da Lei Federal de Pol\u00edtica de Res\u00edduos S\u00f3lidos (Lei 12.305\/10) da Assembleia Legislativa do Rio (Alerj) foi instalada nesta quarta-feira (24\/04) . Segundo a presidente da comiss\u00e3o, deputada Janira Rocha (PSol), o principal objetivo do colegiado ser\u00e1 auxiliar os catadores de lixo na defesa de seus direitos \u2013 principalmente, no que diz respeito \u00e0 capacita\u00e7\u00e3o t\u00e9cnica, prevista na lei, e \u00e0 cria\u00e7\u00e3o de infraestrutura adequada nas \u00e1reas de subsist\u00eancia dos trabalhadores.\u201cOs primeiros lix\u00f5es e aterros visitados ser\u00e3o em Niter\u00f3i, S\u00e3o Gon\u00e7alo e Itabora\u00ed. Um cronograma est\u00e1 sendo preparado para a concretiza\u00e7\u00e3o dessas atividades, e requerimentos de informa\u00e7\u00e3o ser\u00e3o enviados aos \u00f3rg\u00e3os p\u00fablicos e empresas privadas respons\u00e1veis pelos locais de despejo\u201d, informou a parlamentar.<\/p>\n<p>Ex-catadores de lixo do aterro sanit\u00e1rio de Itaoca, em S\u00e3o Gon\u00e7alo, na Baixada Fluminense, compareceram \u00e0 reuni\u00e3o de instala\u00e7\u00e3o da comiss\u00e3o para refor\u00e7ar seu pedido por assist\u00eancia social. \u201cNossa principal forma de renda foi fechada h\u00e1 mais de um ano e fomos deixados de lado. N\u00e3o sei mais o qu\u00ea posso mostrar para que a sociedade se conscientize de que precisamos de ajuda. Ningu\u00e9m precisa ir muito longe se quiser conhecer a \u00c1frica\u201d, disse Adeir Albino da Silva, representante dos trabalhadores de Itaoca. A vice-presidente da comiss\u00e3o, deputada Asp\u00e1sia Camargo (PV), acrescentou: \u201cA dimens\u00e3o social da sustentabilidade s\u00e3o voc\u00eas. O lixo acumulado \u00e9 fruto da nossa incompet\u00eancia\u201d.<\/p>\n<p>O relator da comiss\u00e3o, deputado Gilberto Palmares (PT), demonstrou seu apoio \u00e0 luta dos ex-catadores de S\u00e3o Gon\u00e7alo, assinalando, por\u00e9m, que o \u201cdrama ambiental \u00e9 estadual\u201d. \u201cPrecisaremos olhar para o estado como um todo. N\u00e3o se pode simplesmente fechar um lix\u00e3o; pois existe gente ali que mora e vive do que h\u00e1 naquele local\u201d, refor\u00e7ou. Janira Rocha disse que o colegiado come\u00e7ar\u00e1 seu trabalho fazendo visitas t\u00e9cnicas e audi\u00eancias p\u00fablicas nos munic\u00edpios em que os lix\u00f5es s\u00e3o considerados, de acordo com o mapa feito pelo Instituto Estadual do Ambiente (Inea), \u201ccalamitosos\u201d. \u201cUm semin\u00e1rio t\u00e9cnico-cient\u00edfico de informa\u00e7\u00f5es ambientais no estado tamb\u00e9m ser\u00e1 requisitado \u00e0 Universidade Federal Rural (UFRRJ) antes do preparo do relat\u00f3rio final\u201d, pontuou.<\/p>\n<p>Os deputados Edson Albertassi (PMDB), Altineu Cortes (PR), Jos\u00e9 Luiz Nanci (PPS) eLucinha<br \/>\n(PSDB) tamb\u00e9m estavam presentes.<\/p>\n<p>(Texto de Amanda Bastos)<\/p>\n<p><a href=\"http:\/\/www.alerj.rj.gov.br\/common\/noticia_corpo.asp?num=44430\">http:\/\/www.alerj.rj.gov.br\/common\/noticia_corpo.asp?num=44430<\/a><\/p>","protected":false},"excerpt":{"rendered":"<p>A Comiss\u00e3o Especial para Acompanhar e Fiscalizar o Cumprimento da Lei Federal de Pol\u00edtica de Res\u00edduos S\u00f3lidos (Lei 12.305\/10) da Assembleia Legislativa do Rio (Alerj) foi instalada nesta quarta-feira (24\/04) . Segundo a presidente da comiss\u00e3o, deputada Janira Rocha (PSol), o principal objetivo do colegiado ser\u00e1 auxiliar os catadores de lixo na defesa de seus [&hellip;]<\/p>\n","protected":false},"author":13,"featured_media":0,"comment_status":"open","ping_status":"closed","sticky":false,"template":"","format":"standard","meta":{"inline_featured_image":false,"footnotes":""},"categories":[1],"tags":[],"anos":[],"projetos":[],"autorias":[],"eixos_tematicos":[],"locais":[],"pessoas":[],"estado":[],"academia":[],"sociedade_civil":[],"class_list":["post-5838","post","type-post","status-publish","format-standard","hentry","category-noticias"],"_links":{"self":[{"href":"https:\/\/staging.forumjustica.com.br\/es\/wp-json\/wp\/v2\/posts\/5838","targetHints":{"allow":["GET"]}}],"collection":[{"href":"https:\/\/staging.forumjustica.com.br\/es\/wp-json\/wp\/v2\/posts"}],"about":[{"href":"https:\/\/staging.forumjustica.com.br\/es\/wp-json\/wp\/v2\/types\/post"}],"author":[{"embeddable":true,"href":"https:\/\/staging.forumjustica.com.br\/es\/wp-json\/wp\/v2\/users\/13"}],"replies":[{"embeddable":true,"href":"https:\/\/staging.forumjustica.com.br\/es\/wp-json\/wp\/v2\/comments?post=5838"}],"version-history":[{"count":1,"href":"https:\/\/staging.forumjustica.com.br\/es\/wp-json\/wp\/v2\/posts\/5838\/revisions"}],"predecessor-version":[{"id":17683,"href":"https:\/\/staging.forumjustica.com.br\/es\/wp-json\/wp\/v2\/posts\/5838\/revisions\/17683"}],"wp:attachment":[{"href":"https:\/\/staging.forumjustica.com.br\/es\/wp-json\/wp\/v2\/media?parent=5838"}],"wp:term":[{"taxonomy":"category","embeddable":true,"href":"https:\/\/staging.forumjustica.com.br\/es\/wp-json\/wp\/v2\/categories?post=5838"},{"taxonomy":"post_tag","embeddable":true,"href":"https:\/\/staging.forumjustica.com.br\/es\/wp-json\/wp\/v2\/tags?post=5838"},{"taxonomy":"anos","embeddable":true,"href":"https:\/\/staging.forumjustica.com.br\/es\/wp-json\/wp\/v2\/anos?post=5838"},{"taxonomy":"projetos","embeddable":true,"href":"https:\/\/staging.forumjustica.com.br\/es\/wp-json\/wp\/v2\/projetos?post=5838"},{"taxonomy":"autorias","embeddable":true,"href":"https:\/\/staging.forumjustica.com.br\/es\/wp-json\/wp\/v2\/autorias?post=5838"},{"taxonomy":"eixos_tematicos","embeddable":true,"href":"https:\/\/staging.forumjustica.com.br\/es\/wp-json\/wp\/v2\/eixos_tematicos?post=5838"},{"taxonomy":"locais","embeddable":true,"href":"https:\/\/staging.forumjustica.com.br\/es\/wp-json\/wp\/v2\/locais?post=5838"},{"taxonomy":"pessoas","embeddable":true,"href":"https:\/\/staging.forumjustica.com.br\/es\/wp-json\/wp\/v2\/pessoas?post=5838"},{"taxonomy":"estado","embeddable":true,"href":"https:\/\/staging.forumjustica.com.br\/es\/wp-json\/wp\/v2\/estado?post=5838"},{"taxonomy":"academia","embeddable":true,"href":"https:\/\/staging.forumjustica.com.br\/es\/wp-json\/wp\/v2\/academia?post=5838"},{"taxonomy":"sociedade_civil","embeddable":true,"href":"https:\/\/staging.forumjustica.com.br\/es\/wp-json\/wp\/v2\/sociedade_civil?post=5838"}],"curies":[{"name":"wp","href":"https:\/\/api.w.org\/{rel}","templated":true}]}}