{"id":5822,"date":"2013-04-30T09:00:14","date_gmt":"2013-04-30T11:00:14","guid":{"rendered":"https:\/\/forumjustica.vlannetwork.com\/?p=5822"},"modified":"2022-09-04T21:16:18","modified_gmt":"2022-09-05T00:16:18","slug":"i-seminario-descarcerizacao-e-sistema-penal","status":"publish","type":"post","link":"https:\/\/staging.forumjustica.com.br\/es\/i-seminario-descarcerizacao-e-sistema-penal\/","title":{"rendered":"I Semin\u00e1rio Descarceriza\u00e7\u00e3o e Sistema Penal"},"content":{"rendered":"<p><a href=\"https:\/\/staging.forumjustica.com.br\/wp-content\/uploads\/2013\/04\/GCCrim_logo.jpg\"><img loading=\"lazy\" decoding=\"async\" src=\"https:\/\/staging.forumjustica.com.br\/wp-content\/uploads\/2013\/04\/GCCrim_logo-300x235-1.jpg\" alt=\"\" title=\"GCCrim_logo\" width=\"300\" height=\"235\" class=\"aligncenter size-medium wp-image-5825\" \/><\/a><\/p>\n<p>De 22 a 24 de maio de 2013, acontecer\u00e1 o I Semin\u00e1rio \u00abDescarceriza\u00e7\u00e3o e Sistema Penal\u00bb, organizado pelo GCCrim\/UnB, como parte integrante das atividades do projeto \u00abCNJ Acad\u00eamico\u00bb, desenvolvido em parceria com a PUCRS e a UFPE.<\/p>\n<p>O evento acontecer\u00e1 no Audit\u00f3rio do Conselho de Justi\u00e7a Federal (CJF), em Bras\u00edlia-DF e ter\u00e1 a seguinte programa\u00e7\u00e3o, ainda sujeita a altera\u00e7\u00f5es:<\/p>\n<p>22\/05\/2013 &#8211; 19h &#8211; Mesa de abertura: Profs. Rodrigo Ghiringhelli de Azevedo (Coord. Geral Pesq.), Ela Wiecko de Castilho (Coord. UnB), Jos\u00e9 Luiz Ratton (Coord. UFPE), Ney Fayet Jr. (Coord. PUCRS) e representante do Departamento de Pesquisas Judici\u00e1rias do Conselho Nacional de Justi\u00e7a (CNJ).<\/p>\n<p>23\/05\/2013 &#8211; 9h30 &#8211; Mesa 1 \u2013 \u201cReformas Legais &#8211; Desafios da pol\u00edtica criminal na era do grande encarceramento\u201d<br \/>\nA mesa de debates tem por objetivo refletir sobre o chamado \u201cpopulismo punitivo\u201d verificado nas \u00faltimas d\u00e9cadas no Brasil. \u00c9 necess\u00e1rio discutir o aumento da popula\u00e7\u00e3o carcer\u00e1ria e as recentes inova\u00e7\u00f5es legislativas, como, por exemplo, o PLS 236 (Projeto de Novo C\u00f3digo Penal)<\/p>\n<p>Participantes da mesa: 1. Mediadora: Carolina Costa Ferreira (GCCrim\/UnB); 2. Marta Machado (FGV-SP) 3. . Prof. Debatedor: Dr. Rodrigo Ghiringhelli de Azevedo (PUCRS).<\/p>\n<p>23\/05\/2013 &#8211; 19h30 &#8211; Mesa 2 &#8211; \u201cAlternativas Penais\u201d<br \/>\nA mesa discutir\u00e1 o papel e as pol\u00edticas p\u00fablicas envolvendo as Alternativas Penais. Recentes pesquisas, que ser\u00e3o debatidas, t\u00eam demonstrado desafios e possibilidades para a execu\u00e7\u00e3o e acompanhamento do cumprimento de penas e medidas alternativas ao c\u00e1rcere.<\/p>\n<p>Participantes da mesa: 1. Mediadora: MSc. Fabiana de Oliveira Barreto (UnB &#8211; CNPCP); 2. Profa. Dra. Ma\u00edra Machado (FGV-SP); 3. Debatedores: Fabiana Leite e Perdro Strozenberg.<\/p>\n<p>24\/05\/2013 &#8211; 8h30 &#8211; Mesa 3 \u2013 \u201cPris\u00f5es Provis\u00f3rias e Liberdade: a (n\u00e3o) aplica\u00e7\u00e3o da Lei 12.403&#8243;<br \/>\n Esta mesa visa discutir a aplica\u00e7\u00e3o da Lei 12.403 nos anos de 2011 e 2012, refletindo sobre as causas do aumento da popula\u00e7\u00e3o carcer\u00e1ria em 2012. Ser\u00e1 discutida a atua\u00e7\u00e3o do Judici\u00e1rio e o desenvolvimento de pol\u00edticas p\u00fablicas para seu desenvolvimento.<\/p>\n<p>Participantes da mesa: 1. Mediadora: Profa. Dra. Beatriz Vargas Ramos (UnB). 2. Julita Lemgruber (CESEC-RJ) \u2013 Aguarda confirma\u00e7\u00e3o 3. Debatedor: Prof. Dr. Ney Fayet Jr. (PUCRS)<\/p>\n<p>24\/05\/2013 &#8211; 10h30 &#8211; Mesa 4 \u2013 \u201cMonitoramento Eletr\u00f4nico de Presos: estrat\u00e9gias de implementa\u00e7\u00e3o de pol\u00edticas p\u00fablicas\u201d<br \/>\nEsta mesa visa discutir as estrat\u00e9gias de implementa\u00e7\u00e3o do monitoramento eletr\u00f4nico nos Estados de Minas Gerais e Pernambuco, objetos de pesquisa do subgrupo \u201cMonitoramento Eletr\u00f4nico\u201d.<\/p>\n<p>Participantes da mesa: 1. Mediador: Fernando Antunes (UnB); 2. Secret\u00e1rio de MG; 3. Representante do DEPEN; 4. Debatedor: Prof. Dr. Jos\u00e9 Luiz Ratton (UFPE).<\/p>\n<p>Mesas de trabalho<\/p>\n<p>As mesas de trabalho se realizar\u00e3o concomitantemente, durante a tarde do dia 23\/05\/2013, e ser\u00e3o compostas por pesquisadores\/as de ambos os subgrupos do projeto CNJ Acad\u00eamico dos tr\u00eas n\u00facleos de pesquisa, cada qual contando com 10 minutos de apresenta\u00e7\u00e3o.<\/p>\n<p>Mesa 1 \u2013 \u201cReformas Legais\u201d<br \/>\nModerador dos trabalhos: Prof. Dr. Rodrigo Ghiringhelli de Azevedo (PUCRS)<\/p>\n<p>Mesa 2 \u2013 Alternativas ao C\u00e1rcere<br \/>\nModerador dos trabalhos: Profa. Dra. Ela Wiecko Volkmer de Castilho (UnB)<\/p>\n<p>Mesa 3 &#8211; A situa\u00e7\u00e3o prisional no Brasil e Monitoramento Eletr\u00f4nico<\/p>\n<p>INSCRI\u00c7\u00c3O\/SELE\u00c7\u00c3O DE RESUMOS PARA AS MESAS DE TRABALHO<\/p>\n<p>Regras para submiss\u00e3o de resumos<\/p>\n<p>Os resumos dever\u00e3o ser enviados at\u00e9 14 de maio de 2013 para o endere\u00e7o eletr\u00f4nico gccrim@unb.br . As normas para apresenta\u00e7\u00e3o e avalia\u00e7\u00e3o dos resumos seguem abaixo:<\/p>\n<p>\u2022 Pertin\u00eancia ao tema do grupo de trabalho;<\/p>\n<p>\u2022 Identifica\u00e7\u00e3o do(s) autor(es) \u2013 m\u00e1ximo de dois autores por artigo \u2013 com indica\u00e7\u00e3o de seus Curr\u00edculos Lattes;<br \/>\n\u00b7 Identifica\u00e7\u00e3o das Mesas de Trabalho e da Institui\u00e7\u00e3o a que pertence.<\/p>\n<p>Os resumos dever\u00e3o ter um m\u00e1ximo de 3.000 caracteres e no m\u00ednimo 3 palavras-chave.<br \/>\n Pelo menos um\/a deles\/as dever\u00e1 estar presente ao evento para apresentar o trabalho na Mesa correspondente, para fins de recebimento do certificado de participa\u00e7\u00e3o.<\/p>\n<p>Trabalhos completos:<\/p>\n<p>Os trabalhos completos dever\u00e3o ser encaminhados at\u00e9 o dia 31 de julho de 2013 para o endere\u00e7o gccrim@unb.br, para publica\u00e7\u00e3o nos Anais do Semin\u00e1rio. As normas para apresenta\u00e7\u00e3o e avalia\u00e7\u00e3o dos artigos seguem abaixo:<\/p>\n<p>\u2022 Pertin\u00eancia ao tema do grupo de trabalho;<\/p>\n<p>\u2022 Identifica\u00e7\u00e3o do(s) autor(es) \u2013 m\u00e1ximo de dois autores por artigo \u2013 e do grupo de trabalho;<\/p>\n<p>\u2022 Boa reda\u00e7\u00e3o, clareza e respeito \u00e0s normas da ABNT (NBR 10520 \u2013 cita\u00e7\u00f5es; NBR 6023 \u2013 refer\u00eancias) e \u00e0s seguintes normas espec\u00edficas: o t\u00edtulo deve ter, no m\u00e1ximo, 12 palavras. O artigo dever\u00e1 conter introdu\u00e7\u00e3o (problematiza\u00e7\u00e3o, justificativa, hip\u00f3tese, embasamento te\u00f3rico, objetivos), metodologia (recorte e t\u00e9cnicas de coleta e an\u00e1lise de dados), conclus\u00e3o. O artigo poder\u00e1 conter tabelas, figuras, imagens, caracteres especiais, notas de rodap\u00e9, cita\u00e7\u00f5es e refer\u00eancias, que ser\u00e3o contadas na soma de palavras. Ao final, deve ser inserido o link do Curr\u00edculo Lattes do(s) autor(es).<\/p>\n<p>Os artigos escritos apenas por alunos de gradua\u00e7\u00e3o dever\u00e3o ter, no m\u00ednimo, 2 (duas) p\u00e1ginas e, no m\u00e1ximo, 5 (cinco) p\u00e1ginas. Em trabalhos escritos por graduados, p\u00f3s-graduandos e docentes, os textos devem ter, no m\u00ednimo, 10 (dez) e, no m\u00e1ximo, 20 (vinte) p\u00e1ginas.<\/p>\n<p><a href=\"http:\/\/\">http:\/\/gccrim.blogspot.com.br\/2013\/04\/i-seminario-descarcerizacao-e-sistema.html?spref=fb<\/a><\/p>","protected":false},"excerpt":{"rendered":"<p>De 22 a 24 de maio de 2013, acontecer\u00e1 o I Semin\u00e1rio \u00abDescarceriza\u00e7\u00e3o e Sistema Penal\u00bb, organizado pelo GCCrim\/UnB, como parte integrante das atividades do projeto \u00abCNJ Acad\u00eamico\u00bb, desenvolvido em parceria com a PUCRS e a UFPE. O evento acontecer\u00e1 no Audit\u00f3rio do Conselho de Justi\u00e7a Federal (CJF), em Bras\u00edlia-DF e ter\u00e1 a seguinte programa\u00e7\u00e3o, [&hellip;]<\/p>\n","protected":false},"author":13,"featured_media":0,"comment_status":"open","ping_status":"closed","sticky":false,"template":"","format":"standard","meta":{"inline_featured_image":false,"footnotes":""},"categories":[1],"tags":[],"anos":[],"projetos":[],"autorias":[],"eixos_tematicos":[],"locais":[],"pessoas":[],"estado":[],"academia":[],"sociedade_civil":[],"class_list":["post-5822","post","type-post","status-publish","format-standard","hentry","category-noticias"],"_links":{"self":[{"href":"https:\/\/staging.forumjustica.com.br\/es\/wp-json\/wp\/v2\/posts\/5822","targetHints":{"allow":["GET"]}}],"collection":[{"href":"https:\/\/staging.forumjustica.com.br\/es\/wp-json\/wp\/v2\/posts"}],"about":[{"href":"https:\/\/staging.forumjustica.com.br\/es\/wp-json\/wp\/v2\/types\/post"}],"author":[{"embeddable":true,"href":"https:\/\/staging.forumjustica.com.br\/es\/wp-json\/wp\/v2\/users\/13"}],"replies":[{"embeddable":true,"href":"https:\/\/staging.forumjustica.com.br\/es\/wp-json\/wp\/v2\/comments?post=5822"}],"version-history":[{"count":1,"href":"https:\/\/staging.forumjustica.com.br\/es\/wp-json\/wp\/v2\/posts\/5822\/revisions"}],"predecessor-version":[{"id":17680,"href":"https:\/\/staging.forumjustica.com.br\/es\/wp-json\/wp\/v2\/posts\/5822\/revisions\/17680"}],"wp:attachment":[{"href":"https:\/\/staging.forumjustica.com.br\/es\/wp-json\/wp\/v2\/media?parent=5822"}],"wp:term":[{"taxonomy":"category","embeddable":true,"href":"https:\/\/staging.forumjustica.com.br\/es\/wp-json\/wp\/v2\/categories?post=5822"},{"taxonomy":"post_tag","embeddable":true,"href":"https:\/\/staging.forumjustica.com.br\/es\/wp-json\/wp\/v2\/tags?post=5822"},{"taxonomy":"anos","embeddable":true,"href":"https:\/\/staging.forumjustica.com.br\/es\/wp-json\/wp\/v2\/anos?post=5822"},{"taxonomy":"projetos","embeddable":true,"href":"https:\/\/staging.forumjustica.com.br\/es\/wp-json\/wp\/v2\/projetos?post=5822"},{"taxonomy":"autorias","embeddable":true,"href":"https:\/\/staging.forumjustica.com.br\/es\/wp-json\/wp\/v2\/autorias?post=5822"},{"taxonomy":"eixos_tematicos","embeddable":true,"href":"https:\/\/staging.forumjustica.com.br\/es\/wp-json\/wp\/v2\/eixos_tematicos?post=5822"},{"taxonomy":"locais","embeddable":true,"href":"https:\/\/staging.forumjustica.com.br\/es\/wp-json\/wp\/v2\/locais?post=5822"},{"taxonomy":"pessoas","embeddable":true,"href":"https:\/\/staging.forumjustica.com.br\/es\/wp-json\/wp\/v2\/pessoas?post=5822"},{"taxonomy":"estado","embeddable":true,"href":"https:\/\/staging.forumjustica.com.br\/es\/wp-json\/wp\/v2\/estado?post=5822"},{"taxonomy":"academia","embeddable":true,"href":"https:\/\/staging.forumjustica.com.br\/es\/wp-json\/wp\/v2\/academia?post=5822"},{"taxonomy":"sociedade_civil","embeddable":true,"href":"https:\/\/staging.forumjustica.com.br\/es\/wp-json\/wp\/v2\/sociedade_civil?post=5822"}],"curies":[{"name":"wp","href":"https:\/\/api.w.org\/{rel}","templated":true}]}}