{"id":5800,"date":"2013-04-29T10:00:05","date_gmt":"2013-04-29T12:00:05","guid":{"rendered":"https:\/\/forumjustica.vlannetwork.com\/?p=5800"},"modified":"2022-09-04T21:16:18","modified_gmt":"2022-09-05T00:16:18","slug":"ex-presidente-da-anadep-andre-castro-apresenta-balanco-de-gestao-de-sua-diretoria","status":"publish","type":"post","link":"https:\/\/staging.forumjustica.com.br\/es\/ex-presidente-da-anadep-andre-castro-apresenta-balanco-de-gestao-de-sua-diretoria\/","title":{"rendered":"Ex-presidente da ANADEP, Andr\u00e9 Castro apresenta balan\u00e7o de gest\u00e3o de sua diretoria"},"content":{"rendered":"<p><a href=\"https:\/\/staging.forumjustica.com.br\/wp-content\/uploads\/2013\/04\/10-1.jpg\"><img loading=\"lazy\" decoding=\"async\" src=\"https:\/\/staging.forumjustica.com.br\/wp-content\/uploads\/2013\/04\/10-1.jpg\" alt=\"\" title=\"10 (1)\" width=\"289\" height=\"260\" class=\"aligncenter size-full wp-image-5877\" \/><\/a><\/p>\n<p>Fonte: Ascom ANADEP<br \/>\nEstado: DF<\/p>\n<p>Quinze dias ap\u00f3s deixar a presid\u00eancia da ANADEP para transmitir o cargo para a ga\u00facha Patr\u00edcia Kettermann, o ex-presidente da Associa\u00e7\u00e3o, Andr\u00e9 Castro apresentou, nesta segunda-feira (15.04), o balan\u00e7o de gest\u00e3o de sua diretoria. O documento traz um panorama completo das a\u00e7\u00f5es do grupo durante o per\u00edodo em que Castro ficou \u00e0 frente da ANADEP (bi\u00eanios 2009-2011\/ 2011-2013).<\/p>\n<p>Al\u00e9m de uma carta de agradecimento e apoio a todos os defensores p\u00fablicos e integrantes da diretoria em sua gest\u00e3o, o balan\u00e7o traz tamb\u00e9m dois cap\u00edtulos: Marcos de Gest\u00e3o e Balan\u00e7o do Programa de Gest\u00e3o. Este \u00faltimo dividido em tr\u00eas subt\u00edtulos \u2013 pol\u00edtica interna, pol\u00edtica externa e organiza\u00e7\u00e3o da ANADEP.<\/p>\n<p>Entre os principais destaques do balan\u00e7o est\u00e3o: atua\u00e7\u00e3o legislativa no Congresso Nacional para a aprova\u00e7\u00e3o de projetos importantes para a Defensoria P\u00fablica, como o PLP 114; o lan\u00e7amento do Mapa da Defensoria P\u00fablica no Brasil, em parceria com o IPEA; as Campanhas Nacionais e os Congressos da Defensoria P\u00fablica; o trabalho pela cria\u00e7\u00e3o da Defensoria P\u00fablica em Santa Catarina, Goi\u00e1s e Paran\u00e1; a atua\u00e7\u00e3o da ANADEP junto ao Governo Federal, Supremo Tribunal Federal e demais entidades; atua\u00e7\u00e3o internacional; benef\u00edcios para associados; relacionamento com as Associa\u00e7\u00f5es de Defensores P\u00fablicos nos estados, entre outros.<\/p>\n<p>\u201cCom grande satisfa\u00e7\u00e3o, gostaria de me dirigir a todos os associados \u2013 em nome de toda a equipe da ANADEP \u2013 para agradecer o apoio dado \u00e0 nossa Entidade nacional e o trabalho desenvolvido pelas duas \u00faltimas gest\u00f5es, com a certeza de que maior apoio e avan\u00e7os ainda mais expressivos ser\u00e3o alcan\u00e7ados neste pr\u00f3ximo per\u00edodo, sob a condi\u00e7\u00e3o de nossa colega Patr\u00edcia Kettermann\u201d, destacou Andr\u00e9 Castro.<\/p>\n<p>Ainda, segundo ele, \u201ctodas as propostas [apresentadas em seu programa de gest\u00e3o] foram cumpridas, e o trabalho continuar\u00e1 para que todas as iniciativas contribuam para os projetos de valoriza\u00e7\u00e3o da Defensoria e para a amplia\u00e7\u00e3o dos servi\u00e7os prestados pela Institui\u00e7\u00e3o em 100% das comarcas brasileiras\u201d, frisou.<\/p>\n<p>Um dos pontos tamb\u00e9m levantados no documento foi o trabalho em grupo e a organiza\u00e7\u00e3o dos trabalhos. \u201cAo longo desses quatro anos, realizamos 22 Assembleias Gerais (ou seja, quase uma por m\u00eas), 14 reuni\u00f5es conjuntas dos Conselhos Diretor, Consultivo e Fiscal; 25 convoca\u00e7\u00f5es peri\u00f3dicas de nossos diretores e presidentes de associa\u00e7\u00f5es estaduais para atividades legislativas no Congresso Nacional; descentralizamos nossa atua\u00e7\u00e3o convidando defensores p\u00fablicos para representar a entidade em diferentes conselhos e grupos de trabalho; formamos diversas comiss\u00f5es especiais sobre temas variados; investimos na organiza\u00e7\u00e3o nos Congressos Nacionais da categoria; enfim, buscamos privilegiar o debate e a tomada de decis\u00f5es em conjunto, assim como a for\u00e7a do trabalho em equipe de toda a categoria\u201d.<\/p>\n<p>O balan\u00e7o ficar\u00e1 dispon\u00edvel no site da ANADEP, na se\u00e7\u00e3o de publica\u00e7\u00f5es e tamb\u00e9m ter\u00e1 uma tiragem impressa.<\/p>\n<p><a href='https:\/\/staging.forumjustica.com.br\/wp-content\/uploads\/2013\/04\/Balanco_de_Gestao_-_16-04-_web.pdf'>Confira aqui. <\/a><\/p>\n<p><a href=\"http:\/\/www.anadep.org.br\/wtk\/pagina\/materia?id=17165\">http:\/\/www.anadep.org.br\/wtk\/pagina\/materia?id=17165<\/a><\/p>","protected":false},"excerpt":{"rendered":"<p>Fonte: Ascom ANADEP Estado: DF Quinze dias ap\u00f3s deixar a presid\u00eancia da ANADEP para transmitir o cargo para a ga\u00facha Patr\u00edcia Kettermann, o ex-presidente da Associa\u00e7\u00e3o, Andr\u00e9 Castro apresentou, nesta segunda-feira (15.04), o balan\u00e7o de gest\u00e3o de sua diretoria. O documento traz um panorama completo das a\u00e7\u00f5es do grupo durante o per\u00edodo em que Castro [&hellip;]<\/p>\n","protected":false},"author":13,"featured_media":0,"comment_status":"open","ping_status":"closed","sticky":false,"template":"","format":"standard","meta":{"inline_featured_image":false,"footnotes":""},"categories":[1],"tags":[],"anos":[],"projetos":[],"autorias":[],"eixos_tematicos":[],"locais":[],"pessoas":[],"estado":[],"academia":[],"sociedade_civil":[],"class_list":["post-5800","post","type-post","status-publish","format-standard","hentry","category-noticias"],"_links":{"self":[{"href":"https:\/\/staging.forumjustica.com.br\/es\/wp-json\/wp\/v2\/posts\/5800","targetHints":{"allow":["GET"]}}],"collection":[{"href":"https:\/\/staging.forumjustica.com.br\/es\/wp-json\/wp\/v2\/posts"}],"about":[{"href":"https:\/\/staging.forumjustica.com.br\/es\/wp-json\/wp\/v2\/types\/post"}],"author":[{"embeddable":true,"href":"https:\/\/staging.forumjustica.com.br\/es\/wp-json\/wp\/v2\/users\/13"}],"replies":[{"embeddable":true,"href":"https:\/\/staging.forumjustica.com.br\/es\/wp-json\/wp\/v2\/comments?post=5800"}],"version-history":[{"count":1,"href":"https:\/\/staging.forumjustica.com.br\/es\/wp-json\/wp\/v2\/posts\/5800\/revisions"}],"predecessor-version":[{"id":17682,"href":"https:\/\/staging.forumjustica.com.br\/es\/wp-json\/wp\/v2\/posts\/5800\/revisions\/17682"}],"wp:attachment":[{"href":"https:\/\/staging.forumjustica.com.br\/es\/wp-json\/wp\/v2\/media?parent=5800"}],"wp:term":[{"taxonomy":"category","embeddable":true,"href":"https:\/\/staging.forumjustica.com.br\/es\/wp-json\/wp\/v2\/categories?post=5800"},{"taxonomy":"post_tag","embeddable":true,"href":"https:\/\/staging.forumjustica.com.br\/es\/wp-json\/wp\/v2\/tags?post=5800"},{"taxonomy":"anos","embeddable":true,"href":"https:\/\/staging.forumjustica.com.br\/es\/wp-json\/wp\/v2\/anos?post=5800"},{"taxonomy":"projetos","embeddable":true,"href":"https:\/\/staging.forumjustica.com.br\/es\/wp-json\/wp\/v2\/projetos?post=5800"},{"taxonomy":"autorias","embeddable":true,"href":"https:\/\/staging.forumjustica.com.br\/es\/wp-json\/wp\/v2\/autorias?post=5800"},{"taxonomy":"eixos_tematicos","embeddable":true,"href":"https:\/\/staging.forumjustica.com.br\/es\/wp-json\/wp\/v2\/eixos_tematicos?post=5800"},{"taxonomy":"locais","embeddable":true,"href":"https:\/\/staging.forumjustica.com.br\/es\/wp-json\/wp\/v2\/locais?post=5800"},{"taxonomy":"pessoas","embeddable":true,"href":"https:\/\/staging.forumjustica.com.br\/es\/wp-json\/wp\/v2\/pessoas?post=5800"},{"taxonomy":"estado","embeddable":true,"href":"https:\/\/staging.forumjustica.com.br\/es\/wp-json\/wp\/v2\/estado?post=5800"},{"taxonomy":"academia","embeddable":true,"href":"https:\/\/staging.forumjustica.com.br\/es\/wp-json\/wp\/v2\/academia?post=5800"},{"taxonomy":"sociedade_civil","embeddable":true,"href":"https:\/\/staging.forumjustica.com.br\/es\/wp-json\/wp\/v2\/sociedade_civil?post=5800"}],"curies":[{"name":"wp","href":"https:\/\/api.w.org\/{rel}","templated":true}]}}