{"id":5771,"date":"2013-04-24T09:00:58","date_gmt":"2013-04-24T11:00:58","guid":{"rendered":"https:\/\/forumjustica.vlannetwork.com\/?p=5771"},"modified":"2022-09-04T21:16:18","modified_gmt":"2022-09-05T00:16:18","slug":"politica-religiao-e-direitos-humanos","status":"publish","type":"post","link":"https:\/\/staging.forumjustica.com.br\/es\/politica-religiao-e-direitos-humanos\/","title":{"rendered":"Pol\u00edtica, Religi\u00e3o e Direitos Humanos"},"content":{"rendered":"<p>RESPEITO 15\/04\/2013<\/p>\n<p>\u00abO Parlamentar tem sua cren\u00e7a, o Parlamento n\u00e3o. Religi\u00e3o \u00e9 religa\u00e7\u00e3o, cada um tem a sua de deve ser respeitado\u00bb<\/p>\n<p>H\u00e1 muitas coisas \u00f3bvias do ponto de vista da constru\u00e7\u00e3o hist\u00f3rica de Direitos Humanos \u2013 DH que n\u00e3o s\u00e3o entendidas facilmente por quem n\u00e3o tem vivencia concreta no tema.<\/p>\n<p>Numa realidade recente em termos hist\u00f3ricos, pessoas eram consideradas objetos e vendidas em pra\u00e7a p\u00fablica, simplesmente pela cor da pele. Discursos religiosos consideravam tal tratamento normal, que seria anti-natural tratar igual quem Deus teria criado diferente. Da mesma forma, mulheres eram consideradas relativamente incapazes, n\u00e3o poderiam votar ou se manifestar sem anu\u00eancia do pai ou marido.<\/p>\n<p>Avan\u00e7os cient\u00edficos eram confundidos com heresia e criminalizados. O tempo passou, muita gente sofreu e morreu e hoje representa\u00e7\u00f5es religiosas pedem desculpas por equ\u00edvocos passados. Mas basta assistir o filme Lincoln para se constatar que os argumentos religiosos contra o respeito a orienta\u00e7\u00e3o sexual (n\u00e3o \u00e9 op\u00e7\u00e3o, \u00e9 orienta\u00e7\u00e3o) tem a mesma ess\u00eancia dos contra a aboli\u00e7\u00e3o da escravid\u00e3o. Muitas injusti\u00e7as j\u00e1 foram cometidas supostamente em nome de Deus. N\u00e3o podemos cometer os mesmos erros.<\/p>\n<p>Nada contra religioso assumir Presid\u00eancia de Comiss\u00e3o de DH, mormente quando l\u00e1 investido por meio das regras democr\u00e1ticas. \u00c9 justo e legitimo. A preocupa\u00e7\u00e3o \u00e9 outra, s\u00e3o as eventuais consequ\u00eancias, objetivas e subjetivas, da proximidade entre atividade religiosa e atividade pol\u00edtica, principalmente quando ambas s\u00e3o exercidas simultaneamente. O Parlamentar tem sua cren\u00e7a, o Parlamento n\u00e3o. Religi\u00e3o \u00e9 religa\u00e7\u00e3o, cada um tem a sua e deve ser respeitado, mas desde 1891, h\u00e1 no Brasil, separa\u00e7\u00e3o entre religi\u00e3o e Estado, vivemos em um Estado laico. A pr\u00f3pria liberdade religiosa \u00e9 uma consequ\u00eancia das lutas de DH (basta que se lembre da Fran\u00e7a na \u00e9poca de Henrique IV).<\/p>\n<p>A preocupa\u00e7\u00e3o se torna maior quando debates em pauta da Comiss\u00e3o \u2013 ou o mais grave \u2013 quando conquistas do Direito Internacional de Direitos Humanos divergem das convic\u00e7\u00f5es religiosas. A luta dos DH \u00e9 justamente a luta pela toler\u00e2ncia, pelo respeito \u00e0 diferen\u00e7a e \u00e0 diversidade de opini\u00f5es. \u00c9 sentir \u2013 que \u00e9 mais que entender &#8211; \u201cque tenho direito a igualdade quando a diferen\u00e7a me inferioriza e a diferen\u00e7a quando a igualdade me descaracteriza\u201d, como nos ensina o professor Boaventura de Sousa Santos. N\u00e3o podemos retroceder. Cada um tem direito de professar sua f\u00e9 (ou mesmo a aus\u00eancia dela), mas \u00e9 clausula p\u00e9trea a igualdade de todas as pessoas independente de g\u00eanero, orienta\u00e7\u00e3o sexual, cor da pele, condi\u00e7\u00e3o social. Cabe a Comiss\u00e3o de DH n\u00e3o apenas pautar a toler\u00e2ncia e respeitar a diferen\u00e7a, mas compreend\u00ea-la como inerente a natureza humana. Eis o cerne da quest\u00e3o.<\/p>\n<p>Am\u00e9lia Rocha<br \/>\namelia.rocha@uol.com.br<br \/>\nDefensora P\u00fablica do Nucleo de Direitos Humanos da DPGE-CE<br \/>\n<a href=\"http:\/\/www.opovo.com.br\/app\/opovo\/opiniao\/2013\/04\/15\/noticiasjornalopiniao,3039029\/politica-religiao-e-direitos-humanos.shtml\"><br \/>\nhttp:\/\/www.opovo.com.br\/app\/opovo\/opiniao\/2013\/04\/15\/noticiasjornalopiniao,3039029\/politica-religiao-e-direitos-humanos.shtml<\/a><\/p>\n","protected":false},"excerpt":{"rendered":"<p>RESPEITO 15\/04\/2013 \u00abO Parlamentar tem sua cren\u00e7a, o Parlamento n\u00e3o. Religi\u00e3o \u00e9 religa\u00e7\u00e3o, cada um tem a sua de deve ser respeitado\u00bb H\u00e1 muitas coisas \u00f3bvias do ponto de vista da constru\u00e7\u00e3o hist\u00f3rica de Direitos Humanos \u2013 DH que n\u00e3o s\u00e3o entendidas facilmente por quem n\u00e3o tem vivencia concreta no tema. Numa realidade recente em [&hellip;]<\/p>\n","protected":false},"author":13,"featured_media":0,"comment_status":"open","ping_status":"closed","sticky":false,"template":"","format":"standard","meta":{"inline_featured_image":false,"footnotes":""},"categories":[1],"tags":[],"anos":[],"projetos":[],"autorias":[],"eixos_tematicos":[],"locais":[],"pessoas":[],"estado":[],"academia":[],"sociedade_civil":[],"class_list":["post-5771","post","type-post","status-publish","format-standard","hentry","category-noticias"],"_links":{"self":[{"href":"https:\/\/staging.forumjustica.com.br\/es\/wp-json\/wp\/v2\/posts\/5771","targetHints":{"allow":["GET"]}}],"collection":[{"href":"https:\/\/staging.forumjustica.com.br\/es\/wp-json\/wp\/v2\/posts"}],"about":[{"href":"https:\/\/staging.forumjustica.com.br\/es\/wp-json\/wp\/v2\/types\/post"}],"author":[{"embeddable":true,"href":"https:\/\/staging.forumjustica.com.br\/es\/wp-json\/wp\/v2\/users\/13"}],"replies":[{"embeddable":true,"href":"https:\/\/staging.forumjustica.com.br\/es\/wp-json\/wp\/v2\/comments?post=5771"}],"version-history":[{"count":1,"href":"https:\/\/staging.forumjustica.com.br\/es\/wp-json\/wp\/v2\/posts\/5771\/revisions"}],"predecessor-version":[{"id":17690,"href":"https:\/\/staging.forumjustica.com.br\/es\/wp-json\/wp\/v2\/posts\/5771\/revisions\/17690"}],"wp:attachment":[{"href":"https:\/\/staging.forumjustica.com.br\/es\/wp-json\/wp\/v2\/media?parent=5771"}],"wp:term":[{"taxonomy":"category","embeddable":true,"href":"https:\/\/staging.forumjustica.com.br\/es\/wp-json\/wp\/v2\/categories?post=5771"},{"taxonomy":"post_tag","embeddable":true,"href":"https:\/\/staging.forumjustica.com.br\/es\/wp-json\/wp\/v2\/tags?post=5771"},{"taxonomy":"anos","embeddable":true,"href":"https:\/\/staging.forumjustica.com.br\/es\/wp-json\/wp\/v2\/anos?post=5771"},{"taxonomy":"projetos","embeddable":true,"href":"https:\/\/staging.forumjustica.com.br\/es\/wp-json\/wp\/v2\/projetos?post=5771"},{"taxonomy":"autorias","embeddable":true,"href":"https:\/\/staging.forumjustica.com.br\/es\/wp-json\/wp\/v2\/autorias?post=5771"},{"taxonomy":"eixos_tematicos","embeddable":true,"href":"https:\/\/staging.forumjustica.com.br\/es\/wp-json\/wp\/v2\/eixos_tematicos?post=5771"},{"taxonomy":"locais","embeddable":true,"href":"https:\/\/staging.forumjustica.com.br\/es\/wp-json\/wp\/v2\/locais?post=5771"},{"taxonomy":"pessoas","embeddable":true,"href":"https:\/\/staging.forumjustica.com.br\/es\/wp-json\/wp\/v2\/pessoas?post=5771"},{"taxonomy":"estado","embeddable":true,"href":"https:\/\/staging.forumjustica.com.br\/es\/wp-json\/wp\/v2\/estado?post=5771"},{"taxonomy":"academia","embeddable":true,"href":"https:\/\/staging.forumjustica.com.br\/es\/wp-json\/wp\/v2\/academia?post=5771"},{"taxonomy":"sociedade_civil","embeddable":true,"href":"https:\/\/staging.forumjustica.com.br\/es\/wp-json\/wp\/v2\/sociedade_civil?post=5771"}],"curies":[{"name":"wp","href":"https:\/\/api.w.org\/{rel}","templated":true}]}}