{"id":5740,"date":"2013-04-19T09:00:54","date_gmt":"2013-04-19T11:00:54","guid":{"rendered":"https:\/\/forumjustica.vlannetwork.com\/?p=5740"},"modified":"2022-09-04T21:16:19","modified_gmt":"2022-09-05T00:16:19","slug":"violacoes-do-direito-a-moradia-em-belo-horizonte-serao-investigadas-pela-relatoria-do-direito-a-cidade","status":"publish","type":"post","link":"https:\/\/staging.forumjustica.com.br\/es\/violacoes-do-direito-a-moradia-em-belo-horizonte-serao-investigadas-pela-relatoria-do-direito-a-cidade\/","title":{"rendered":"Viola\u00e7\u00f5es do direito \u00e0 moradia em Belo Horizonte ser\u00e3o investigadas pela Relatoria do Direito \u00e0 Cidade"},"content":{"rendered":"<p><a href=\"https:\/\/staging.forumjustica.com.br\/wp-content\/uploads\/2013\/04\/dhesca_informa_pauta.jpg\"><img loading=\"lazy\" decoding=\"async\" src=\"https:\/\/staging.forumjustica.com.br\/wp-content\/uploads\/2013\/04\/dhesca_informa_pauta-1024x229-1.jpg\" alt=\"\" title=\"dhesca_informa_pauta\" width=\"1024\" height=\"229\" class=\"aligncenter size-large wp-image-5741\" \/><\/a><\/p>\n<p>A Relatoria do Direito Humano \u00e0 Cidade da Plataforma Dhesca Brasil realiza, nos dias 21 e 22 de abril, uma miss\u00e3o para investiga\u00e7\u00e3o de den\u00fancias de viola\u00e7\u00f5es ao direito \u00e0 moradia digna e ao direito \u00e0 cidade de comunidades localizadas em assentamentos prec\u00e1rios com amea\u00e7a de despejo na cidade de Belo Horizonte, em Minas Gerais.<\/p>\n<p>O objetivo da miss\u00e3o \u00e9 identificar as comunidades afetadas pelos despejos, as viola\u00e7\u00f5es ao direito \u00e0 cidade a que est\u00e3o acometidas, as a\u00e7\u00f5es realizadas pelos poderes p\u00fablicos e os atores respons\u00e1veis pela solu\u00e7\u00e3o dos lit\u00edgios. As comunidades atingidas s\u00e3o, em sua maioria, formadas por ocupa\u00e7\u00f5es recentes, todas judicializadas, em constante amea\u00e7a de despejo.<\/p>\n<p>Belo Horizonte ser\u00e1 uma das sedes da Copa do Mundo de 2014 e tamb\u00e9m est\u00e1 sendo impactada pelas obras de prepara\u00e7\u00e3o para o mundial, como a constru\u00e7\u00e3o do Anel Rodovi\u00e1rio, que atingir\u00e1 diretamente comunidades pobres da regi\u00e3o.<\/p>\n<p>A miss\u00e3o conta com o apoio da Uni\u00e3o Estadual de Moradia Popular (UEMP-MG), Movimento Nacional de Luta pela Moradia (MNLM), Brigadas Populares, Central de Movimentos Populares (CMP), Confedera\u00e7\u00e3o Nacional das Associa\u00e7\u00f5es de Moradores (CONAM), Comiss\u00e3o Pastoral da Terra (CPT) e comunidades impactadas.<\/p>\n<p>Um relat\u00f3rio contendo as informa\u00e7\u00f5es levantadas, depoimentos e recomenda\u00e7\u00f5es feitas ao poder p\u00fablico para solu\u00e7\u00e3o dos problemas identificados ser\u00e1 divulgado em sessenta dias atrav\u00e9s de audi\u00eancias p\u00fablicas e coletivas de imprensa.<\/p>\n<p>O que \u00e9 a Relatoria<\/p>\n<p>A Relatoria do Direito \u00e0 Cidade integra as Relatorias Nacionais em Direitos Humanos, uma iniciativa da sociedade civil brasileira que tem como objetivo contribuir para que o Brasil adote um padr\u00e3o de respeito aos direitos humanos. O Projeto foi implantado em 2002 pela Plataforma Dhesca Brasil, inspirado nas Relatorias Especiais da ONU, com o desafio de diagnosticar, relatar e recomendar solu\u00e7\u00f5es para viola\u00e7\u00f5es apontadas pela sociedade civil. Para averiguar as den\u00fancias acolhidas, as Relatorias visitam os locais realizando miss\u00f5es, audi\u00eancias p\u00fablicas, incid\u00eancias junto aos poderes p\u00fablicos e publicam relat\u00f3rios com recomenda\u00e7\u00f5es para a supera\u00e7\u00e3o dos problemas identificados.<\/p>\n<p> <\/p>","protected":false},"excerpt":{"rendered":"<p>A Relatoria do Direito Humano \u00e0 Cidade da Plataforma Dhesca Brasil realiza, nos dias 21 e 22 de abril, uma miss\u00e3o para investiga\u00e7\u00e3o de den\u00fancias de viola\u00e7\u00f5es ao direito \u00e0 moradia digna e ao direito \u00e0 cidade de comunidades localizadas em assentamentos prec\u00e1rios com amea\u00e7a de despejo na cidade de Belo Horizonte, em Minas Gerais. [&hellip;]<\/p>\n","protected":false},"author":13,"featured_media":0,"comment_status":"open","ping_status":"closed","sticky":false,"template":"","format":"standard","meta":{"inline_featured_image":false,"footnotes":""},"categories":[1],"tags":[],"anos":[],"projetos":[],"autorias":[],"eixos_tematicos":[],"locais":[],"pessoas":[],"estado":[],"academia":[],"sociedade_civil":[],"class_list":["post-5740","post","type-post","status-publish","format-standard","hentry","category-noticias"],"_links":{"self":[{"href":"https:\/\/staging.forumjustica.com.br\/es\/wp-json\/wp\/v2\/posts\/5740","targetHints":{"allow":["GET"]}}],"collection":[{"href":"https:\/\/staging.forumjustica.com.br\/es\/wp-json\/wp\/v2\/posts"}],"about":[{"href":"https:\/\/staging.forumjustica.com.br\/es\/wp-json\/wp\/v2\/types\/post"}],"author":[{"embeddable":true,"href":"https:\/\/staging.forumjustica.com.br\/es\/wp-json\/wp\/v2\/users\/13"}],"replies":[{"embeddable":true,"href":"https:\/\/staging.forumjustica.com.br\/es\/wp-json\/wp\/v2\/comments?post=5740"}],"version-history":[{"count":1,"href":"https:\/\/staging.forumjustica.com.br\/es\/wp-json\/wp\/v2\/posts\/5740\/revisions"}],"predecessor-version":[{"id":17698,"href":"https:\/\/staging.forumjustica.com.br\/es\/wp-json\/wp\/v2\/posts\/5740\/revisions\/17698"}],"wp:attachment":[{"href":"https:\/\/staging.forumjustica.com.br\/es\/wp-json\/wp\/v2\/media?parent=5740"}],"wp:term":[{"taxonomy":"category","embeddable":true,"href":"https:\/\/staging.forumjustica.com.br\/es\/wp-json\/wp\/v2\/categories?post=5740"},{"taxonomy":"post_tag","embeddable":true,"href":"https:\/\/staging.forumjustica.com.br\/es\/wp-json\/wp\/v2\/tags?post=5740"},{"taxonomy":"anos","embeddable":true,"href":"https:\/\/staging.forumjustica.com.br\/es\/wp-json\/wp\/v2\/anos?post=5740"},{"taxonomy":"projetos","embeddable":true,"href":"https:\/\/staging.forumjustica.com.br\/es\/wp-json\/wp\/v2\/projetos?post=5740"},{"taxonomy":"autorias","embeddable":true,"href":"https:\/\/staging.forumjustica.com.br\/es\/wp-json\/wp\/v2\/autorias?post=5740"},{"taxonomy":"eixos_tematicos","embeddable":true,"href":"https:\/\/staging.forumjustica.com.br\/es\/wp-json\/wp\/v2\/eixos_tematicos?post=5740"},{"taxonomy":"locais","embeddable":true,"href":"https:\/\/staging.forumjustica.com.br\/es\/wp-json\/wp\/v2\/locais?post=5740"},{"taxonomy":"pessoas","embeddable":true,"href":"https:\/\/staging.forumjustica.com.br\/es\/wp-json\/wp\/v2\/pessoas?post=5740"},{"taxonomy":"estado","embeddable":true,"href":"https:\/\/staging.forumjustica.com.br\/es\/wp-json\/wp\/v2\/estado?post=5740"},{"taxonomy":"academia","embeddable":true,"href":"https:\/\/staging.forumjustica.com.br\/es\/wp-json\/wp\/v2\/academia?post=5740"},{"taxonomy":"sociedade_civil","embeddable":true,"href":"https:\/\/staging.forumjustica.com.br\/es\/wp-json\/wp\/v2\/sociedade_civil?post=5740"}],"curies":[{"name":"wp","href":"https:\/\/api.w.org\/{rel}","templated":true}]}}