{"id":5703,"date":"2013-04-14T19:00:47","date_gmt":"2013-04-14T21:00:47","guid":{"rendered":"https:\/\/forumjustica.vlannetwork.com\/?p=5703"},"modified":"2022-09-04T21:16:19","modified_gmt":"2022-09-05T00:16:19","slug":"forum-justica-em-porto-alegre-relacoes-de-genero-e-a-aplicacao-da-justica-no-brasil-e-na-america-latina","status":"publish","type":"post","link":"https:\/\/staging.forumjustica.com.br\/es\/forum-justica-em-porto-alegre-relacoes-de-genero-e-a-aplicacao-da-justica-no-brasil-e-na-america-latina\/","title":{"rendered":"F\u00f3rum Justi\u00e7a em Porto Alegre: Rela\u00e7\u00f5es de g\u00eanero e a aplica\u00e7\u00e3o da justi\u00e7a no Brasil e na Am\u00e9rica Latina"},"content":{"rendered":"<p><a href=\"https:\/\/staging.forumjustica.com.br\/wp-content\/uploads\/2013\/04\/fj-logo1.png\"><img loading=\"lazy\" decoding=\"async\" class=\"alignleft size-full wp-image-5720\" title=\"fj logo\" src=\"https:\/\/staging.forumjustica.com.br\/wp-content\/uploads\/2013\/04\/fj-logo1.png\" alt=\"\" width=\"239\" height=\"163\" \/><br \/>\n<\/a><a href=\"https:\/\/staging.forumjustica.com.br\/wp-content\/uploads\/2013\/04\/logotipo-themis2.png\"><img loading=\"lazy\" decoding=\"async\" class=\"alignleft size-full wp-image-5721\" title=\"logotipo themis\" src=\"https:\/\/staging.forumjustica.com.br\/wp-content\/uploads\/2013\/04\/logotipo-themis2.png\" alt=\"\" width=\"294\" height=\"169\" \/><\/a><\/p>\n<p>\u00a0<\/p>\n<p>\u00a0<\/p>\n<p>\u00a0<\/p>\n<p>\u00a0<\/p>\n<p>\u00a0<\/p>\n<p>A Themis &#8211; G\u00eanero, Justi\u00e7a e Direitos Humanos e o F\u00f3rum Justi\u00e7a &#8211; Reconhecimento, redistribui\u00e7\u00e3o e participa\u00e7\u00e3o popular: por uma pol\u00edtica judicial integradora convidam para uma reuni\u00e3o no dia 19 de abril de 2013, que tem por objetivo debater as rela\u00e7\u00f5es de g\u00eanero e a aplica\u00e7\u00e3o da justi\u00e7a no Brasil e na Am\u00e9rica Latina<\/p>\n<p><strong>Programa\u00e7\u00e3o<\/strong><\/p>\n<p>9h00min \u2013 9h30min<br \/>\nAbertura com representantes F\u00f3rum Justi\u00e7a, Themis e Associa\u00e7\u00e3o Estadual dos Defensores P\u00fablicos do Estado do Rio Grande do Sul &#8211; ADPERGS<\/p>\n<p>9h30min \u2013 10h30min<br \/>\nApresenta\u00e7\u00e3o F\u00f3rum Justi\u00e7a: hist\u00f3rico e contexto<br \/>\nRosane Reis Lavigne, Defensora P\u00fablica, Rio de Janeiro<br \/>\nDemocratiza\u00e7\u00e3o da Justi\u00e7a sob a Perspectiva de G\u00eanero: Relatos de uma Experi\u00eancia<br \/>\nRebecca Reichmann Tavares, Diretora da ONU Mulher Brasil<\/p>\n<p>10h30min \u2013 12h30min<br \/>\nExperi\u00eancias Alternativas de Justi\u00e7a na Am\u00e9rica Latina: G\u00eanero e Discrimina\u00e7\u00e3o:<br \/>\nGladys Acosta Vargas, jurista feminista, fundadora do Flora Tristan\/Peru, foi diretora da UNICEF\/ Guatemala e Argentina e diretora para Am\u00e9rica Latina da ONU Mulher\/ NY<\/p>\n<p>14h00 \u2013 16h00min<br \/>\nDebate sobre o Relat\u00f3rio do Conselho Nacional de Justi\u00e7a sobre a \u201cAtua\u00e7\u00e3o do Poder Judici\u00e1rio na Aplica\u00e7\u00e3o da Lei Maria da Penha\u201d, publicado em mar\u00e7o de 2013<\/p>\n<p>15h30min \u2013 17h00min<br \/>\nPlano de Trabalho F\u00f3rum Justi\u00e7a \u2013 Themis<\/p>\n<p>17h00min<br \/>\nLan\u00e7amento de Livros da Editora Express\u00e3o Popular \u2013 Cole\u00e7\u00e3o Direitos e<br \/>\nLutas Sociais:<br \/>\n1. Justi\u00e7a de Transi\u00e7\u00e3o &#8211; Contornos do Conceito, de Renan Hon\u00f3rio Quinalha;<br \/>\n2. Direito e Ideologia &#8211; Um estudo a partir da fun\u00e7\u00e3o social da propriedade<br \/>\nrural, de Tarso de Melo;<br \/>\n3. O Direito do Campo, no Campo do Direito: universidade de elite versus universidade de massas, de Aton Fon, Jos\u00e9 do Carmo Siqueira e Juvelino Strozake (orgs.)<\/p>\n<p><strong>Local:<\/strong><\/p>\n<p>Defensoria P\u00fablica, Rua 7 de Setembro 666, Audit\u00f3rio 6 andar<br \/>\nCentro Hist\u00f3rico<br \/>\nPorto Alegre\/RS<\/p>\n<p><strong>Apoio<\/strong><\/p>\n<p>Associa\u00e7\u00e3o Nacional dos Defensores P\u00fablicos \u2013 ANADEP e Associa\u00e7\u00e3o<br \/>\nEstadual dos Defensores P\u00fablicos do Estado do Rio Grande do Sul &#8211;<br \/>\nADPERGS<br \/>\nC\u00e1tedra de G\u00eanero e de Direitos Humanos \u2013 IPA<br \/>\nCl\u00ednica de Direitos Humanos e N\u00facleo de Direitos da Mulher \u2013 UNIRITTER<br \/>\nONU Mulher Brasil &#8211; Fundo Elas &#8211; Funda\u00e7\u00e3o Ford<\/p>\n<p><a href=\"https:\/\/staging.forumjustica.com.br\/wp-content\/uploads\/2013\/04\/logo_anadep_HORIZ_FUNDOBRANCO_RGB.jpg\"><img loading=\"lazy\" decoding=\"async\" class=\"aligncenter size-medium wp-image-5705\" title=\"logo_anadep_HORIZ_FUNDOBRANCO_RGB\" src=\"https:\/\/staging.forumjustica.com.br\/wp-content\/uploads\/2013\/04\/logo_anadep_HORIZ_FUNDOBRANCO_RGB-300x66-1.jpg\" alt=\"\" width=\"300\" height=\"66\" \/><\/a><\/p>","protected":false},"excerpt":{"rendered":"<p>\u00a0 \u00a0 \u00a0 \u00a0 \u00a0 A Themis &#8211; G\u00eanero, Justi\u00e7a e Direitos Humanos e o F\u00f3rum Justi\u00e7a &#8211; Reconhecimento, redistribui\u00e7\u00e3o e participa\u00e7\u00e3o popular: por uma pol\u00edtica judicial integradora convidam para uma reuni\u00e3o no dia 19 de abril de 2013, que tem por objetivo debater as rela\u00e7\u00f5es de g\u00eanero e a aplica\u00e7\u00e3o da justi\u00e7a no Brasil [&hellip;]<\/p>\n","protected":false},"author":13,"featured_media":0,"comment_status":"open","ping_status":"closed","sticky":false,"template":"","format":"standard","meta":{"inline_featured_image":false,"footnotes":""},"categories":[1],"tags":[],"anos":[],"projetos":[],"autorias":[],"eixos_tematicos":[],"locais":[],"pessoas":[],"estado":[],"academia":[],"sociedade_civil":[],"class_list":["post-5703","post","type-post","status-publish","format-standard","hentry","category-noticias"],"_links":{"self":[{"href":"https:\/\/staging.forumjustica.com.br\/es\/wp-json\/wp\/v2\/posts\/5703","targetHints":{"allow":["GET"]}}],"collection":[{"href":"https:\/\/staging.forumjustica.com.br\/es\/wp-json\/wp\/v2\/posts"}],"about":[{"href":"https:\/\/staging.forumjustica.com.br\/es\/wp-json\/wp\/v2\/types\/post"}],"author":[{"embeddable":true,"href":"https:\/\/staging.forumjustica.com.br\/es\/wp-json\/wp\/v2\/users\/13"}],"replies":[{"embeddable":true,"href":"https:\/\/staging.forumjustica.com.br\/es\/wp-json\/wp\/v2\/comments?post=5703"}],"version-history":[{"count":1,"href":"https:\/\/staging.forumjustica.com.br\/es\/wp-json\/wp\/v2\/posts\/5703\/revisions"}],"predecessor-version":[{"id":17708,"href":"https:\/\/staging.forumjustica.com.br\/es\/wp-json\/wp\/v2\/posts\/5703\/revisions\/17708"}],"wp:attachment":[{"href":"https:\/\/staging.forumjustica.com.br\/es\/wp-json\/wp\/v2\/media?parent=5703"}],"wp:term":[{"taxonomy":"category","embeddable":true,"href":"https:\/\/staging.forumjustica.com.br\/es\/wp-json\/wp\/v2\/categories?post=5703"},{"taxonomy":"post_tag","embeddable":true,"href":"https:\/\/staging.forumjustica.com.br\/es\/wp-json\/wp\/v2\/tags?post=5703"},{"taxonomy":"anos","embeddable":true,"href":"https:\/\/staging.forumjustica.com.br\/es\/wp-json\/wp\/v2\/anos?post=5703"},{"taxonomy":"projetos","embeddable":true,"href":"https:\/\/staging.forumjustica.com.br\/es\/wp-json\/wp\/v2\/projetos?post=5703"},{"taxonomy":"autorias","embeddable":true,"href":"https:\/\/staging.forumjustica.com.br\/es\/wp-json\/wp\/v2\/autorias?post=5703"},{"taxonomy":"eixos_tematicos","embeddable":true,"href":"https:\/\/staging.forumjustica.com.br\/es\/wp-json\/wp\/v2\/eixos_tematicos?post=5703"},{"taxonomy":"locais","embeddable":true,"href":"https:\/\/staging.forumjustica.com.br\/es\/wp-json\/wp\/v2\/locais?post=5703"},{"taxonomy":"pessoas","embeddable":true,"href":"https:\/\/staging.forumjustica.com.br\/es\/wp-json\/wp\/v2\/pessoas?post=5703"},{"taxonomy":"estado","embeddable":true,"href":"https:\/\/staging.forumjustica.com.br\/es\/wp-json\/wp\/v2\/estado?post=5703"},{"taxonomy":"academia","embeddable":true,"href":"https:\/\/staging.forumjustica.com.br\/es\/wp-json\/wp\/v2\/academia?post=5703"},{"taxonomy":"sociedade_civil","embeddable":true,"href":"https:\/\/staging.forumjustica.com.br\/es\/wp-json\/wp\/v2\/sociedade_civil?post=5703"}],"curies":[{"name":"wp","href":"https:\/\/api.w.org\/{rel}","templated":true}]}}