{"id":3158,"date":"2012-09-10T13:28:20","date_gmt":"2012-09-10T15:28:20","guid":{"rendered":"https:\/\/forumjustica.vlannetwork.com\/?p=3158"},"modified":"2022-09-04T21:16:53","modified_gmt":"2022-09-05T00:16:53","slug":"uma-triste-coincidencia","status":"publish","type":"post","link":"https:\/\/staging.forumjustica.com.br\/es\/uma-triste-coincidencia\/","title":{"rendered":"Uma triste coincid\u00eancia"},"content":{"rendered":"<p>Por Luciana Bento<\/p>\n<div id=\"attachment_3160\" style=\"width: 310px\" class=\"wp-caption alignleft\"><a href=\"https:\/\/staging.forumjustica.com.br\/wp-content\/uploads\/2012\/09\/manifestacao-morte-morador-setembro-2012-300x2241-1.jpg\"><img loading=\"lazy\" decoding=\"async\" aria-describedby=\"caption-attachment-3160\" src=\"https:\/\/staging.forumjustica.com.br\/wp-content\/uploads\/2012\/09\/manifestacao-morte-morador-setembro-2012-300x2241-1.jpg\" alt=\"\" title=\"manifestacao-morte-morador-setembro-2012-300x224\" width=\"300\" height=\"224\" class=\"size-full wp-image-3160\" \/><\/a><p id=\"caption-attachment-3160\" class=\"wp-caption-text\">Moradores indignados com a violenta a\u00e7\u00e3o policial ocorrida na Mar\u00e9 fazem protesto na avenida Brasil (Foto feita por morador da Mar\u00e9)<\/p><\/div>\n<p>A coincid\u00eancia n\u00e3o poderia ser mais triste: no dia em que seria realizada a Confer\u00eancia de Direitos Humanos da Mar\u00e9, a Pol\u00edcia Militar faz uma opera\u00e7\u00e3o na favela e mata dois jovens.<br \/>\nA programa\u00e7\u00e3o da Confer\u00eancia foi substitu\u00edda por uma reuni\u00e3o, no Centro de Artes da Mar\u00e9, para discutir estrat\u00e9gias de mobiliza\u00e7\u00e3o e den\u00fancia de mais este caso absurdo de viol\u00eancia policial ocorrido na Mar\u00e9.<br \/>\nO cambur\u00e3o blindado da Pol\u00edcia Militar chegou cedo \u00e0 Mar\u00e9. Por volta das 8h30 da manh\u00e3 j\u00e1 havia troca de tiros entre policiais e traficantes, causando p\u00e2nico aos moradores que sa\u00edam de suas casas \u2013 seja para trabalhar, seja para estudar, seja para ir \u00e0 feira ou simplesmente cuidar de seus afazeres.<br \/>\nRelatos de moradores mostram que a a\u00e7\u00e3o policial desconsiderou a presen\u00e7a de pessoas inocentes nas ruas e uma saraivada de balas foi disparada a esmo, atingindo dois jovens.<br \/>\nUm deles, Fabr\u00edcio de Souza Melo, de 18 anos, estava indo para o trabalho quando foi atingido por uma bala e colocado em um cambur\u00e3o da Pol\u00edcia Militar ainda com vida. Ele estava com todos os seus documentos no bolso, segundo relatou sua m\u00e3e, Elza de Souza. Mas Fabr\u00edcio foi registrado, j\u00e1 morto, como indigente no Hospital Geral de Bonsucesso.<br \/>\nA m\u00e3e, ainda chocada com o fato, foi acolhida no Centro de Artes da Mar\u00e9 e levada \u00e0 delegacia, junto com dezenas de pessoas, para registrar queixa.<br \/>\n\u201cCom este acontecimento, a constru\u00e7\u00e3o de um Plano de Direitos Humanos da Mar\u00e9 ganha ainda mais import\u00e2ncia\u201d, disse a diretora da Redes Eliana Silva. \u201cTemos que pensar a seguran\u00e7a p\u00fablica a partir das necessidades dos moradores da favela, que tem que ser respeitados e protegidos como um morador de qualquer outra regi\u00e3o da cidade\u201d.<br \/>\nEliana lembrou a diferen\u00e7a de tratamento da imprensa, por exemplo, quando ocorre uma trag\u00e9dia que mata um jovem da zona Sul e quando um jovem da favela \u00e9 assassinado, como aconteceu hoje. \u201c\u00c9 inadmiss\u00edvel que a vida de um jovem do Leblon tenha mais valor do que a vida de um jovem da Mar\u00e9\u201d, alertou.<br \/>\nO evento foi organizado pela seguintes institui\u00e7\u00f5es: Instituto de Estudos da Religi\u00e3o (Iser), Luta pela Paz, Redes da Mar\u00e9 e Observat\u00f3rio de Favelas.<br \/>\nProtesto na Avenida Brasil<br \/>\nIndignadas, as pessoas se dirigiram ao Batalh\u00e3o da Pol\u00edcia Militar e como n\u00e3o obtiveram qualquer explica\u00e7\u00e3o, foram at\u00e9 a Linha Vermelha e posteriormente para a Avenida Brasil, onde fizeram uma manifesta\u00e7\u00e3o.<br \/>\nCaixas de madeira foram queimadas, em sinal de protesto. A Tropa de Choque chegou em seguida, reprimindo a manifesta\u00e7\u00e3o \u2013 inclusive jogando spray de pimenta nos moradores.<\/p>\n<p>Roubo na casa de dona Deuzenir<br \/>\n<div id=\"attachment_3161\" style=\"width: 310px\" class=\"wp-caption alignleft\"><a href=\"https:\/\/staging.forumjustica.com.br\/wp-content\/uploads\/2012\/09\/casa-dona-deuzenir-21-300x224-1.jpg\"><img loading=\"lazy\" decoding=\"async\" aria-describedby=\"caption-attachment-3161\" src=\"https:\/\/staging.forumjustica.com.br\/wp-content\/uploads\/2012\/09\/casa-dona-deuzenir-21-300x224-1.jpg\" alt=\"\" title=\"casa-dona-deuzenir-21-300x224\" width=\"300\" height=\"224\" class=\"size-full wp-image-3161\" \/><\/a><p id=\"caption-attachment-3161\" class=\"wp-caption-text\">Esta foi a cena encontrada por dona Deuzenir ao voltar para casa: pertences revirados e roubo de 1460 reais. (Foto tirada por morador da Mar\u00e9)<\/p><\/div><br \/>\nPara completar esta triste hist\u00f3ria, uma moradora teve sua casa invadida por policiais enquanto ela trabalhava em sua barraca na feira da Mar\u00e9. A porta estava trancada e foi aberta com uma chave mestra.<br \/>\nO c\u00f4modo que fica no segundo andar foi revirado e 1.460 reais da moradora, que estavam sendo economizados para a realiza\u00e7\u00e3o de uma cirurgia de catarata, foram roubados.<br \/>\nTodos os fatos ocorridos hoje foram registrados na delegacia e seus desdobramentos ser\u00e3o acompanhados por um advogado contratado pelas entidades organizadoras da Confer\u00eancia de Direitos Humanos, entre elas a Redes da Mar\u00e9.<br \/>\n\u201cN\u00e3o podemos apenas nos indignar, \u00e9 preciso reagir a estes absurdos e mostrar que a popula\u00e7\u00e3o n\u00e3o aceita este tipo de comportamento da Pol\u00edcia, que deveria proteger os moradores\u201d, finalizou Eliana.<br \/>\nOs organizadores da Confer\u00eancia redigiram uma nota onde manifestam a indigna\u00e7\u00e3o diante dos acontecimentos. Leia abaixo:<\/p>\n<p>NOTA INFORMATIVA DA \u201cCONFER\u00caNCIA LIVRE PLANO DE DIREITOS HUMANOS DA MAR\u00c9\u201d<br \/>\n\u201cHoje, dia 1\u00ba de setembro de 2012, \u00e0s 8 horas da manh\u00e3, durante a prepara\u00e7\u00e3o da \u201cConfer\u00eancia Livre do Plano de Direitos Humanos da Mar\u00e9\u201d, segundo relatos de moradores da Nova Holanda, no Complexo da Mar\u00e9, dois jovens foram baleados. Ambos morreram.<br \/>\nCausa estranheza o fato de que, ao inv\u00e9s de serem levados imediatamente para uma unidade de atendimento emergencial de sa\u00fade para receber socorro, foram levados para o Batalh\u00e3o de Pol\u00edcia. Conseq\u00fcentemente os moradores se mobilizaram para expressar sua indigna\u00e7\u00e3o com o ocorrido atrav\u00e9s da intercep\u00e7\u00e3o do tr\u00e1fego na Av. Brasil.<br \/>\nOs organizadores e participantes da \u201cConfer\u00eancia Livre de Direitos Humanos da Mar\u00e9\u201d, em solidariedade e apoio ao tr\u00e1gico evento v\u00eam manifestar sua indigna\u00e7\u00e3o, contribuir com a coleta de dados das testemunhas e exigir esclarecimento dos fatos por parte do poder p\u00fablico.<br \/>\n\u00c9 emblem\u00e1tico constatar que uma Confer\u00eancia voltada para a cria\u00e7\u00e3o de um Plano de Direitos Humanos tenha se transformado numa articula\u00e7\u00e3o de resist\u00eancia.<br \/>\nEsse acontecimento, marcado pela morte de dois jovens, infelizmente muito comum em regi\u00f5es espec\u00edficas da cidade, s\u00f3 enfatiza a urg\u00eancia de continuar os debates e a luta pelo respeito e a garantia dos direitos humanos.\u201d<br \/>\n<a href=\"http:\/\/\">http:\/\/redesdamare.org.br\/?p=5118<\/a><\/p>\n","protected":false},"excerpt":{"rendered":"<p>Por Luciana Bento A coincid\u00eancia n\u00e3o poderia ser mais triste: no dia em que seria realizada a Confer\u00eancia de Direitos Humanos da Mar\u00e9, a Pol\u00edcia Militar faz uma opera\u00e7\u00e3o na favela e mata dois jovens. A programa\u00e7\u00e3o da Confer\u00eancia foi substitu\u00edda por uma reuni\u00e3o, no Centro de Artes da Mar\u00e9, para discutir estrat\u00e9gias de mobiliza\u00e7\u00e3o [&hellip;]<\/p>\n","protected":false},"author":13,"featured_media":0,"comment_status":"open","ping_status":"open","sticky":false,"template":"","format":"standard","meta":{"inline_featured_image":false,"footnotes":""},"categories":[1],"tags":[],"anos":[],"projetos":[],"autorias":[],"eixos_tematicos":[],"locais":[],"pessoas":[],"estado":[],"academia":[],"sociedade_civil":[],"class_list":["post-3158","post","type-post","status-publish","format-standard","hentry","category-noticias"],"_links":{"self":[{"href":"https:\/\/staging.forumjustica.com.br\/es\/wp-json\/wp\/v2\/posts\/3158","targetHints":{"allow":["GET"]}}],"collection":[{"href":"https:\/\/staging.forumjustica.com.br\/es\/wp-json\/wp\/v2\/posts"}],"about":[{"href":"https:\/\/staging.forumjustica.com.br\/es\/wp-json\/wp\/v2\/types\/post"}],"author":[{"embeddable":true,"href":"https:\/\/staging.forumjustica.com.br\/es\/wp-json\/wp\/v2\/users\/13"}],"replies":[{"embeddable":true,"href":"https:\/\/staging.forumjustica.com.br\/es\/wp-json\/wp\/v2\/comments?post=3158"}],"version-history":[{"count":1,"href":"https:\/\/staging.forumjustica.com.br\/es\/wp-json\/wp\/v2\/posts\/3158\/revisions"}],"predecessor-version":[{"id":17991,"href":"https:\/\/staging.forumjustica.com.br\/es\/wp-json\/wp\/v2\/posts\/3158\/revisions\/17991"}],"wp:attachment":[{"href":"https:\/\/staging.forumjustica.com.br\/es\/wp-json\/wp\/v2\/media?parent=3158"}],"wp:term":[{"taxonomy":"category","embeddable":true,"href":"https:\/\/staging.forumjustica.com.br\/es\/wp-json\/wp\/v2\/categories?post=3158"},{"taxonomy":"post_tag","embeddable":true,"href":"https:\/\/staging.forumjustica.com.br\/es\/wp-json\/wp\/v2\/tags?post=3158"},{"taxonomy":"anos","embeddable":true,"href":"https:\/\/staging.forumjustica.com.br\/es\/wp-json\/wp\/v2\/anos?post=3158"},{"taxonomy":"projetos","embeddable":true,"href":"https:\/\/staging.forumjustica.com.br\/es\/wp-json\/wp\/v2\/projetos?post=3158"},{"taxonomy":"autorias","embeddable":true,"href":"https:\/\/staging.forumjustica.com.br\/es\/wp-json\/wp\/v2\/autorias?post=3158"},{"taxonomy":"eixos_tematicos","embeddable":true,"href":"https:\/\/staging.forumjustica.com.br\/es\/wp-json\/wp\/v2\/eixos_tematicos?post=3158"},{"taxonomy":"locais","embeddable":true,"href":"https:\/\/staging.forumjustica.com.br\/es\/wp-json\/wp\/v2\/locais?post=3158"},{"taxonomy":"pessoas","embeddable":true,"href":"https:\/\/staging.forumjustica.com.br\/es\/wp-json\/wp\/v2\/pessoas?post=3158"},{"taxonomy":"estado","embeddable":true,"href":"https:\/\/staging.forumjustica.com.br\/es\/wp-json\/wp\/v2\/estado?post=3158"},{"taxonomy":"academia","embeddable":true,"href":"https:\/\/staging.forumjustica.com.br\/es\/wp-json\/wp\/v2\/academia?post=3158"},{"taxonomy":"sociedade_civil","embeddable":true,"href":"https:\/\/staging.forumjustica.com.br\/es\/wp-json\/wp\/v2\/sociedade_civil?post=3158"}],"curies":[{"name":"wp","href":"https:\/\/api.w.org\/{rel}","templated":true}]}}