{"id":3142,"date":"2012-09-05T22:49:40","date_gmt":"2012-09-06T00:49:40","guid":{"rendered":"https:\/\/forumjustica.vlannetwork.com\/?p=3142"},"modified":"2022-09-04T21:16:53","modified_gmt":"2022-09-05T00:16:53","slug":"entidades-e-movimentos-solicitam-o-estabelecimentos-de-plantoes-da-defensoria-publica-em-todos-os-estados","status":"publish","type":"post","link":"https:\/\/staging.forumjustica.com.br\/es\/entidades-e-movimentos-solicitam-o-estabelecimentos-de-plantoes-da-defensoria-publica-em-todos-os-estados\/","title":{"rendered":"Entidades e movimentos solicitam o estabelecimentos de plant\u00f5es da Defensoria P\u00fablica em todos os estados"},"content":{"rendered":"<p>Entidades e movimentos solicitam o estabelecimentos de plant\u00f5es da Defensoria P\u00fablica em todos os estados<br \/>\nPor racismoambiental, 04\/09\/2012 11:29<\/p>\n<p>Enviada por Rodrigo de Medeiros Silva para Combate ao Racismo Ambiental:<\/p>\n<p>Diversas organiza\u00e7\u00f5es cearense e nacionais enviaram of\u00edcio \u00e0 Subcomiss\u00e3o de Movimentos Sociais, da Comiss\u00e3o de Direitos Humanos do Conselho Nacional de Defensores P\u00fablicos Gerais, reiterando solicita\u00e7\u00e3o j\u00e1 feita quanto \u00e0 efetiva\u00e7\u00e3o e divulga\u00e7\u00e3o de escalas plant\u00e3o dos Defensores P\u00fablicos. O documento destaca a import\u00e2ncia da Defensoria para o acesso e a democratiza\u00e7\u00e3o da Justi\u00e7a e cita dispositivos constitucionais e legais que regulamentam a obrigatoriedade da institui\u00e7\u00e3o de plant\u00f5es nas Defensorias.<\/p>\n<p>Como exemplo da import\u00e2ncia desse direito cidad\u00e3o, o of\u00edcio relata a pris\u00e3o injusta e ilegal de integrantes do MST no interior do Cear\u00e1, nas v\u00e9speras de um fim de semana de 2011, causada exatamente pela inexist\u00eancia de plant\u00f5es da Defensoria no Estado. Na ocasi\u00e3o e a partir desse fato, diversas organiza\u00e7\u00f5es pediram que a Defensoria P\u00fablica do Cear\u00e1 n\u00e3o s\u00f3 institu\u00edsse os plant\u00f5es, como divulgasse publicamente onde os ju\u00edzes tamb\u00e9m poderiam ser localizados. Essa solicita\u00e7\u00e3o foi noticiada neste blog na mat\u00e9ria \u201cCE \u2013 Entidades solicitam divulga\u00e7\u00e3o de nomes e telefones de ju\u00edzes e defensores p\u00fablicos de plant\u00e3o em feriados e fins de semana, para garantir direitos constitucionais\u201d, em dezembro de 2011.<\/p>\n<p>No Encontro da Associa\u00e7\u00e3o Interamericana de Defensorias P\u00fablicas, realizado em julho em Fortaleza, a Rede Nacional de Advogados e Advogadas Populares (RENAP) percebeu que esse problema se repetia em outros estados da Federa\u00e7\u00e3o, necessitando pois de uma decis\u00e3o no n\u00edvel nacional.<\/p>\n<p>A \u00edntegra do oficio pode ser lida <a href='https:\/\/staging.forumjustica.com.br\/wp-content\/uploads\/2012\/09\/Oficio-CONDEGE-Subcomiss-o-de-Movimentos-Sociais-1.pdf'>clicando AQUI<\/a>. E ele \u00e9 assinado pelas seguintes entidades: F\u00f3rum em Defesa da Zona Costeira do Cear\u00e1-FDZCC, Instituto Terrarmar, Movimento de Luta nos Bairros Vilas e Favelas-MLB, Movimento dos Conselhos Populares-MCP, Coletivo Estadual do MTST\/ Cear\u00e1, Comiss\u00e3o Pastoral de Pastoral da Terra Cear\u00e1, Movimento dos Trabalhadores Rurais Sem Terra no Cear\u00e1, Articula\u00e7\u00e3o dos Povos e Organiza\u00e7\u00f5es Ind\u00edgenas do Nordeste, Minas Gerais e Esp\u00edrito Santo-APOINME, Coordena\u00e7\u00e3o das Organiza\u00e7\u00f5es e Povos Ind\u00edgenas do Cear\u00e1-COPICE, Organiza\u00e7\u00e3o dos Professores Ind\u00edgenas do Cear\u00e1-OPRINCE, Articula\u00e7\u00e3o das Mulheres Ind\u00edgenas do Cear\u00e1-AMICE, C\u00e1ritas Brasileira Regional Cear\u00e1, Associa\u00e7\u00e3o Beneficente da Crian\u00e7a e Adolescente em Situa\u00e7\u00e3o de Risco\/ Pastoral do Menor, Terra de Direitos e Rede Nacional de Advogados e Advogadas Populares-RENAP.<\/p>\n<p>http:\/\/racismoambiental.net.br\/2012\/09\/entidades-e-movimentos-solicitam-o-estabelecimentos-de-plantoes-da-defensoria-publica-em-todos-os-estados\/<\/p>\n","protected":false},"excerpt":{"rendered":"<p>Entidades e movimentos solicitam o estabelecimentos de plant\u00f5es da Defensoria P\u00fablica em todos os estados Por racismoambiental, 04\/09\/2012 11:29 Enviada por Rodrigo de Medeiros Silva para Combate ao Racismo Ambiental: Diversas organiza\u00e7\u00f5es cearense e nacionais enviaram of\u00edcio \u00e0 Subcomiss\u00e3o de Movimentos Sociais, da Comiss\u00e3o de Direitos Humanos do Conselho Nacional de Defensores P\u00fablicos Gerais, reiterando [&hellip;]<\/p>\n","protected":false},"author":13,"featured_media":0,"comment_status":"open","ping_status":"open","sticky":false,"template":"","format":"standard","meta":{"inline_featured_image":false,"footnotes":""},"categories":[1],"tags":[],"anos":[],"projetos":[],"autorias":[],"eixos_tematicos":[],"locais":[],"pessoas":[],"estado":[],"academia":[],"sociedade_civil":[],"class_list":["post-3142","post","type-post","status-publish","format-standard","hentry","category-noticias"],"_links":{"self":[{"href":"https:\/\/staging.forumjustica.com.br\/es\/wp-json\/wp\/v2\/posts\/3142","targetHints":{"allow":["GET"]}}],"collection":[{"href":"https:\/\/staging.forumjustica.com.br\/es\/wp-json\/wp\/v2\/posts"}],"about":[{"href":"https:\/\/staging.forumjustica.com.br\/es\/wp-json\/wp\/v2\/types\/post"}],"author":[{"embeddable":true,"href":"https:\/\/staging.forumjustica.com.br\/es\/wp-json\/wp\/v2\/users\/13"}],"replies":[{"embeddable":true,"href":"https:\/\/staging.forumjustica.com.br\/es\/wp-json\/wp\/v2\/comments?post=3142"}],"version-history":[{"count":1,"href":"https:\/\/staging.forumjustica.com.br\/es\/wp-json\/wp\/v2\/posts\/3142\/revisions"}],"predecessor-version":[{"id":17995,"href":"https:\/\/staging.forumjustica.com.br\/es\/wp-json\/wp\/v2\/posts\/3142\/revisions\/17995"}],"wp:attachment":[{"href":"https:\/\/staging.forumjustica.com.br\/es\/wp-json\/wp\/v2\/media?parent=3142"}],"wp:term":[{"taxonomy":"category","embeddable":true,"href":"https:\/\/staging.forumjustica.com.br\/es\/wp-json\/wp\/v2\/categories?post=3142"},{"taxonomy":"post_tag","embeddable":true,"href":"https:\/\/staging.forumjustica.com.br\/es\/wp-json\/wp\/v2\/tags?post=3142"},{"taxonomy":"anos","embeddable":true,"href":"https:\/\/staging.forumjustica.com.br\/es\/wp-json\/wp\/v2\/anos?post=3142"},{"taxonomy":"projetos","embeddable":true,"href":"https:\/\/staging.forumjustica.com.br\/es\/wp-json\/wp\/v2\/projetos?post=3142"},{"taxonomy":"autorias","embeddable":true,"href":"https:\/\/staging.forumjustica.com.br\/es\/wp-json\/wp\/v2\/autorias?post=3142"},{"taxonomy":"eixos_tematicos","embeddable":true,"href":"https:\/\/staging.forumjustica.com.br\/es\/wp-json\/wp\/v2\/eixos_tematicos?post=3142"},{"taxonomy":"locais","embeddable":true,"href":"https:\/\/staging.forumjustica.com.br\/es\/wp-json\/wp\/v2\/locais?post=3142"},{"taxonomy":"pessoas","embeddable":true,"href":"https:\/\/staging.forumjustica.com.br\/es\/wp-json\/wp\/v2\/pessoas?post=3142"},{"taxonomy":"estado","embeddable":true,"href":"https:\/\/staging.forumjustica.com.br\/es\/wp-json\/wp\/v2\/estado?post=3142"},{"taxonomy":"academia","embeddable":true,"href":"https:\/\/staging.forumjustica.com.br\/es\/wp-json\/wp\/v2\/academia?post=3142"},{"taxonomy":"sociedade_civil","embeddable":true,"href":"https:\/\/staging.forumjustica.com.br\/es\/wp-json\/wp\/v2\/sociedade_civil?post=3142"}],"curies":[{"name":"wp","href":"https:\/\/api.w.org\/{rel}","templated":true}]}}