{"id":3139,"date":"2012-09-04T14:25:28","date_gmt":"2012-09-04T16:25:28","guid":{"rendered":"https:\/\/forumjustica.vlannetwork.com\/?p=3139"},"modified":"2022-09-04T21:16:54","modified_gmt":"2022-09-05T00:16:54","slug":"reuniao-do-gt-minorias-do-forum-justica-e-realizada-na-adperj","status":"publish","type":"post","link":"https:\/\/staging.forumjustica.com.br\/es\/reuniao-do-gt-minorias-do-forum-justica-e-realizada-na-adperj\/","title":{"rendered":"Reuni\u00e3o do GT Minorias do F\u00f3rum Justi\u00e7a \u00e9 realizada na ADPERJ"},"content":{"rendered":"<p><img loading=\"lazy\" decoding=\"async\" alt=\"\" src=\"http:\/\/www.adperj.com.br\/upload\/image\/FJ_Minoria_29_08.JPG\" class=\"alignnone\" width=\"670\" height=\"449\" \/><\/p>\n<p>Nesta quarta-feira (29\/08), a ADPERJ abriu suas portas para que se realizasse uma reuni\u00e3o extraordin\u00e1ria do Grupo de Trabalho Minorias do F\u00f3rum Justi\u00e7a, na qual in\u00fameros encaminhamentos e propostas de interc\u00e2mbio interinstitucional foram desenhados, inaugurando um momento novo no F\u00f3rum Justi\u00e7a.<\/p>\n<p>A reuni\u00e3o, convocada para dialogar sobre as estrat\u00e9gias de incid\u00eancia dos pescadores e aquicultores artesanais na pauta de democratiza\u00e7\u00e3o do sistema de Justi\u00e7a, foi prestigiada pelo N\u00facleo de Defesa dos Direitos Humanos (NUDEDH), representado pela defensora p\u00fablica Tatiana Camilher.<\/p>\n<p>As entidades AHOMAR (Associa\u00e7\u00e3o Homens do Mar), AAPPPEDRA (Associa\u00e7\u00e3o de Pescadores e Aquicultores de Pedra de Guaratiba) e AMALIS (Associa\u00e7\u00e3o de Maricultores do Litoral Sul &#8211; RJ) relataram in\u00fameras dificuldades de exercer &#8211; com plenitude &#8211; seus direitos perante o sistema de Justi\u00e7a. Dentre eles, destaca-se viola\u00e7\u00e3o direta ao direito \u00e0 liberdade de associa\u00e7\u00e3o, verdadeiro pilar do Estado Democr\u00e1tico.<\/p>\n<p>http:\/\/www.adperj.com.br\/noticias_detalhes.asp?matID=%7BE7F7709A-F1E8-44B2-BDB3-BD6B4027F22E%7D<\/p>\n","protected":false},"excerpt":{"rendered":"<p>Nesta quarta-feira (29\/08), a ADPERJ abriu suas portas para que se realizasse uma reuni\u00e3o extraordin\u00e1ria do Grupo de Trabalho Minorias do F\u00f3rum Justi\u00e7a, na qual in\u00fameros encaminhamentos e propostas de interc\u00e2mbio interinstitucional foram desenhados, inaugurando um momento novo no F\u00f3rum Justi\u00e7a. A reuni\u00e3o, convocada para dialogar sobre as estrat\u00e9gias de incid\u00eancia dos pescadores e aquicultores [&hellip;]<\/p>\n","protected":false},"author":13,"featured_media":0,"comment_status":"open","ping_status":"open","sticky":false,"template":"","format":"standard","meta":{"inline_featured_image":false,"footnotes":""},"categories":[1],"tags":[],"anos":[],"projetos":[],"autorias":[],"eixos_tematicos":[],"locais":[],"pessoas":[],"estado":[],"academia":[],"sociedade_civil":[],"class_list":["post-3139","post","type-post","status-publish","format-standard","hentry","category-noticias"],"_links":{"self":[{"href":"https:\/\/staging.forumjustica.com.br\/es\/wp-json\/wp\/v2\/posts\/3139","targetHints":{"allow":["GET"]}}],"collection":[{"href":"https:\/\/staging.forumjustica.com.br\/es\/wp-json\/wp\/v2\/posts"}],"about":[{"href":"https:\/\/staging.forumjustica.com.br\/es\/wp-json\/wp\/v2\/types\/post"}],"author":[{"embeddable":true,"href":"https:\/\/staging.forumjustica.com.br\/es\/wp-json\/wp\/v2\/users\/13"}],"replies":[{"embeddable":true,"href":"https:\/\/staging.forumjustica.com.br\/es\/wp-json\/wp\/v2\/comments?post=3139"}],"version-history":[{"count":1,"href":"https:\/\/staging.forumjustica.com.br\/es\/wp-json\/wp\/v2\/posts\/3139\/revisions"}],"predecessor-version":[{"id":17997,"href":"https:\/\/staging.forumjustica.com.br\/es\/wp-json\/wp\/v2\/posts\/3139\/revisions\/17997"}],"wp:attachment":[{"href":"https:\/\/staging.forumjustica.com.br\/es\/wp-json\/wp\/v2\/media?parent=3139"}],"wp:term":[{"taxonomy":"category","embeddable":true,"href":"https:\/\/staging.forumjustica.com.br\/es\/wp-json\/wp\/v2\/categories?post=3139"},{"taxonomy":"post_tag","embeddable":true,"href":"https:\/\/staging.forumjustica.com.br\/es\/wp-json\/wp\/v2\/tags?post=3139"},{"taxonomy":"anos","embeddable":true,"href":"https:\/\/staging.forumjustica.com.br\/es\/wp-json\/wp\/v2\/anos?post=3139"},{"taxonomy":"projetos","embeddable":true,"href":"https:\/\/staging.forumjustica.com.br\/es\/wp-json\/wp\/v2\/projetos?post=3139"},{"taxonomy":"autorias","embeddable":true,"href":"https:\/\/staging.forumjustica.com.br\/es\/wp-json\/wp\/v2\/autorias?post=3139"},{"taxonomy":"eixos_tematicos","embeddable":true,"href":"https:\/\/staging.forumjustica.com.br\/es\/wp-json\/wp\/v2\/eixos_tematicos?post=3139"},{"taxonomy":"locais","embeddable":true,"href":"https:\/\/staging.forumjustica.com.br\/es\/wp-json\/wp\/v2\/locais?post=3139"},{"taxonomy":"pessoas","embeddable":true,"href":"https:\/\/staging.forumjustica.com.br\/es\/wp-json\/wp\/v2\/pessoas?post=3139"},{"taxonomy":"estado","embeddable":true,"href":"https:\/\/staging.forumjustica.com.br\/es\/wp-json\/wp\/v2\/estado?post=3139"},{"taxonomy":"academia","embeddable":true,"href":"https:\/\/staging.forumjustica.com.br\/es\/wp-json\/wp\/v2\/academia?post=3139"},{"taxonomy":"sociedade_civil","embeddable":true,"href":"https:\/\/staging.forumjustica.com.br\/es\/wp-json\/wp\/v2\/sociedade_civil?post=3139"}],"curies":[{"name":"wp","href":"https:\/\/api.w.org\/{rel}","templated":true}]}}