{"id":2816,"date":"2012-08-17T13:39:30","date_gmt":"2012-08-17T15:39:30","guid":{"rendered":"https:\/\/forumjustica.vlannetwork.com\/?p=2816"},"modified":"2022-09-04T21:16:54","modified_gmt":"2022-09-05T00:16:54","slug":"nota-oficial-do-grupo-arco-iris-sobre-a-17%c2%aa-parada-do-orgulho-lgbt","status":"publish","type":"post","link":"https:\/\/staging.forumjustica.com.br\/es\/nota-oficial-do-grupo-arco-iris-sobre-a-17%c2%aa-parada-do-orgulho-lgbt\/","title":{"rendered":"NOTA OFICIAL DO GRUPO ARCO-\u00cdRIS SOBRE A 17\u00aa PARADA DO ORGULHO LGBT"},"content":{"rendered":"<p>Prezados amigos e amigas,<\/p>\n<p>O Grupo Arco-\u00cdris que, desde 1995 realiza a Parada do Orgulho LGBT do Rio de Janeiro, num dos cen\u00e1rios mais bonitos do mundo &#8211; a Praia de Copacabana -, comunica amplamente a <span style=\"text-decoration: underline;\"><strong>nova data da 17\u00aa Parada do Orgulho LGBT do Rio de Janeiro: domingo, 18 de novembro de 2012.<\/strong><\/span><\/p>\n<p><a href=\"https:\/\/staging.forumjustica.com.br\/wp-content\/uploads\/2012\/08\/dsc2532.jpg\"><img loading=\"lazy\" decoding=\"async\" src=\"https:\/\/staging.forumjustica.com.br\/wp-content\/uploads\/2012\/08\/dsc2532.jpg\" alt=\"\" title=\"dsc2532\" width=\"2448\" height=\"3696\" class=\"alignleft size-full wp-image-2828\" \/><\/a><\/p>\n<p>Consolidada internacionalmente como inclusiva e acolhedora, a cidade do Rio de Janeiro, pela  segunda vez foi eleita como o melhor destino gay do mundo e cada vez mais se prepara para sediar grandes eventos como a Copa do Mundo em 2014 e os Jogos Ol\u00edmpicos em 2016, ampliando a sua capacidade de estrutura urbana, mobiliza\u00e7\u00e3o, servi\u00e7os e hospitalidade.<\/p>\n<p>Apesar de nossa cidade ser a pioneira numa s\u00e9rie de pol\u00edticas p\u00fablicas e legisla\u00e7\u00f5es que beneficiam a popula\u00e7\u00e3o LGBT, ainda n\u00e3o estamos livres da a\u00e7\u00e3o da discrimina\u00e7\u00e3o, preconceito, viol\u00eancia urbana, desigualdade social, conservadorismo e fundamentalismo religioso. Barreiras estas \u2013 somadas a v\u00e1rios recortes a exemplo da cor da pele, identidade de g\u00eanero, idade, express\u00e3o est\u00e9tica, estado de sa\u00fade, poder econ\u00f4mico, empregabilidade, situa\u00e7\u00e3o de moradia, n\u00edvel educacional, entre outros \u2013 que impendem que milhares de LGBT cariocas, fluminenses e visitantes que por aqui circulam, sejam reconhecidos como cidad\u00e3os plenos com os seus direitos respeitados, principalmente o direito \u00e0 exist\u00eancia e \u00e0 felicidade.<\/p>\n<p>Estamos num momento crucial onde elegeremos representantes para nossa C\u00e2mara Municipal e para a nossa Prefeitura. Vivemos numa constante amea\u00e7a ao estado democr\u00e1tico de direito, onde a laicidade da estrutura do poder p\u00fablico cada vez mais vem sendo amea\u00e7ada por filosofias religiosas fundamentalistas. Estas, ao inv\u00e9s de agregarem os diversos setores de nossa sociedade, cada vez mais hierarquizam e impedem o acesso daqueles que precisam de mais aten\u00e7\u00e3o, sob a \u00e9gide de um pensamento absolutista.<br \/>\nCompreendemos o nosso papel de, neste momento, orientarmos a popula\u00e7\u00e3o LGBT e todos aqueles que coadunam com o pensamento libert\u00e1rio e democr\u00e1tico a compartilharem um ideal de mudan\u00e7a positiva, atrav\u00e9s do poder do voto.<\/p>\n<p>Assim, em virtude da data anteriormente prevista (14 de outubro) estar situada entre o processo das elei\u00e7\u00f5es \u2013 o que, sob o nosso entendimento, poderia desviar de um objetivo maior &#8211; somada \u00e0s dificuldades de libera\u00e7\u00e3o de recursos, sem os quais se torna invi\u00e1vel organizar um evento deste porte, optamos em oferecer uma nova agenda, durante o feriado da Proclama\u00e7\u00e3o da Rep\u00fablica. Mais do que nunca iremos agregar o simbolismo desta data a este ideal democr\u00e1tico.<\/p>\n<p>Aguardem, pois a 17\u00aa Parada do Orgulho LGBT do Rio de Janeiro vir\u00e1 com uma s\u00e9rie de novidades, mantendo o seu ideal &#8211; que vai al\u00e9m de oferecer uma tarde de festa e celebra\u00e7\u00e3o -: ser um importante instrumento de visibilidade e cobran\u00e7a ao poder p\u00fablico quanto \u00e0s demandas da popula\u00e7\u00e3o LGBT.<\/p>\n<p>Grupo Arco-\u00cdris de Cidadania LGBT<\/p>\n","protected":false},"excerpt":{"rendered":"<p>Prezados amigos e amigas, O Grupo Arco-\u00cdris que, desde 1995 realiza a Parada do Orgulho LGBT do Rio de Janeiro, num dos cen\u00e1rios mais bonitos do mundo &#8211; a Praia de Copacabana -, comunica amplamente a nova data da 17\u00aa Parada do Orgulho LGBT do Rio de Janeiro: domingo, 18 de novembro de 2012. Consolidada [&hellip;]<\/p>\n","protected":false},"author":13,"featured_media":0,"comment_status":"open","ping_status":"open","sticky":false,"template":"","format":"standard","meta":{"inline_featured_image":false,"footnotes":""},"categories":[1],"tags":[],"anos":[],"projetos":[],"autorias":[],"eixos_tematicos":[],"locais":[],"pessoas":[],"estado":[],"academia":[],"sociedade_civil":[],"class_list":["post-2816","post","type-post","status-publish","format-standard","hentry","category-noticias"],"_links":{"self":[{"href":"https:\/\/staging.forumjustica.com.br\/es\/wp-json\/wp\/v2\/posts\/2816","targetHints":{"allow":["GET"]}}],"collection":[{"href":"https:\/\/staging.forumjustica.com.br\/es\/wp-json\/wp\/v2\/posts"}],"about":[{"href":"https:\/\/staging.forumjustica.com.br\/es\/wp-json\/wp\/v2\/types\/post"}],"author":[{"embeddable":true,"href":"https:\/\/staging.forumjustica.com.br\/es\/wp-json\/wp\/v2\/users\/13"}],"replies":[{"embeddable":true,"href":"https:\/\/staging.forumjustica.com.br\/es\/wp-json\/wp\/v2\/comments?post=2816"}],"version-history":[{"count":1,"href":"https:\/\/staging.forumjustica.com.br\/es\/wp-json\/wp\/v2\/posts\/2816\/revisions"}],"predecessor-version":[{"id":18021,"href":"https:\/\/staging.forumjustica.com.br\/es\/wp-json\/wp\/v2\/posts\/2816\/revisions\/18021"}],"wp:attachment":[{"href":"https:\/\/staging.forumjustica.com.br\/es\/wp-json\/wp\/v2\/media?parent=2816"}],"wp:term":[{"taxonomy":"category","embeddable":true,"href":"https:\/\/staging.forumjustica.com.br\/es\/wp-json\/wp\/v2\/categories?post=2816"},{"taxonomy":"post_tag","embeddable":true,"href":"https:\/\/staging.forumjustica.com.br\/es\/wp-json\/wp\/v2\/tags?post=2816"},{"taxonomy":"anos","embeddable":true,"href":"https:\/\/staging.forumjustica.com.br\/es\/wp-json\/wp\/v2\/anos?post=2816"},{"taxonomy":"projetos","embeddable":true,"href":"https:\/\/staging.forumjustica.com.br\/es\/wp-json\/wp\/v2\/projetos?post=2816"},{"taxonomy":"autorias","embeddable":true,"href":"https:\/\/staging.forumjustica.com.br\/es\/wp-json\/wp\/v2\/autorias?post=2816"},{"taxonomy":"eixos_tematicos","embeddable":true,"href":"https:\/\/staging.forumjustica.com.br\/es\/wp-json\/wp\/v2\/eixos_tematicos?post=2816"},{"taxonomy":"locais","embeddable":true,"href":"https:\/\/staging.forumjustica.com.br\/es\/wp-json\/wp\/v2\/locais?post=2816"},{"taxonomy":"pessoas","embeddable":true,"href":"https:\/\/staging.forumjustica.com.br\/es\/wp-json\/wp\/v2\/pessoas?post=2816"},{"taxonomy":"estado","embeddable":true,"href":"https:\/\/staging.forumjustica.com.br\/es\/wp-json\/wp\/v2\/estado?post=2816"},{"taxonomy":"academia","embeddable":true,"href":"https:\/\/staging.forumjustica.com.br\/es\/wp-json\/wp\/v2\/academia?post=2816"},{"taxonomy":"sociedade_civil","embeddable":true,"href":"https:\/\/staging.forumjustica.com.br\/es\/wp-json\/wp\/v2\/sociedade_civil?post=2816"}],"curies":[{"name":"wp","href":"https:\/\/api.w.org\/{rel}","templated":true}]}}