{"id":2744,"date":"2012-08-13T10:00:01","date_gmt":"2012-08-13T12:00:01","guid":{"rendered":"https:\/\/forumjustica.vlannetwork.com\/?p=2744"},"modified":"2022-09-04T21:16:55","modified_gmt":"2022-09-05T00:16:55","slug":"convite-do-colegio-de-ouvidorias-de-defensorias-publicas-do-brasil","status":"publish","type":"post","link":"https:\/\/staging.forumjustica.com.br\/es\/convite-do-colegio-de-ouvidorias-de-defensorias-publicas-do-brasil\/","title":{"rendered":"Convite do Col\u00e9gio de Ouvidorias de Defensorias P\u00fablicas do Brasil"},"content":{"rendered":"<p><a href=\"http:\/\/\">http:\/\/www.defensoria.sp.gov.br\/dpesp\/Repositorio\/23\/Documentos\/Texto%20Convite_PT_ESP2.pdf<\/a><\/p>\n<p>O Col\u00e9gio de Ouvidorias de Defensorias P\u00fablicas do Brasil tem o prazer de convidar para sua reuni\u00e3o aberta, que se realiza na manh\u00e3 do pr\u00f3ximo dia 15 de agosto, durante o V Congresso da Associa\u00e7\u00e3o<br \/>\nInteramericana de Defensorias P\u00fablicas \u2013 AIDEF.<\/p>\n<p>A cria\u00e7\u00e3o e implanta\u00e7\u00e3o das Ouvidorias Externas nas Defensorias P\u00fablicas inauguram um novo ciclo da participa\u00e7\u00e3o social democr\u00e1tica no Brasil. No seio dos movimentos sociais e populares, elegeram-se<br \/>\nOuvidores e Ouvidoras nos estados do Acre, Bahia, Cear\u00e1, Maranh\u00e3o, Mato Grosso, Rio Grande do Sul e S\u00e3o Paulo.<\/p>\n<p>A reuni\u00e3o que o Col\u00e9gio realizar\u00e1 no V Congresso da AIDEF contar\u00e1 com a presen\u00e7a de tod@s os Ouvidor@s Externos em exerc\u00edcio e tem a perspectiva de compartilhar com os participantes do evento essas bem vindas experi\u00eancias.<\/p>\n<p>Neste mesmo sentido, de forma parceira, a sociedade civil organizada segue atuando para avan\u00e7ar na democratiza\u00e7\u00e3o do Sistema de Justi\u00e7a, trabalhando pelo cumprimento das inova\u00e7\u00f5es trazidas pela Lei<br \/>\nComplementar Federal 132\/2009 e pela concretiza\u00e7\u00e3o do modelo de Ouvidorias Externas em todos os estados, o que pautar\u00e1 nossos trabalhos em Fortaleza.<\/p>\n<p>Contamos com sua presen\u00e7a e ficamos inteiramente \u00e0 disposi\u00e7\u00e3o.<\/p>\n<p>El Col\u00e9gio de Ouvidorias de Defensorias P\u00fablicas do Brasil tiene el placer de invitarlos para su reuni\u00f3n abierta, que se realizar\u00e1 el pr\u00f3ximo 15 de Agosto en las horas de la ma\u00f1ana, durante la realizaci\u00f3n del V Congreso de la Asociaci\u00f3n Interamericana de Defensor\u00edas P\u00fablicas \u2013 AIDEF.<\/p>\n<p>La instituci\u00f3n e implantaci\u00f3n de las Defensor\u00edas Externas en las Defensor\u00edas P\u00fablicas  inician un nuevo ciclo de participaci\u00f3n social democr\u00e1tica en Brasil. Dentro de los movimientos sociales y populares, se eligieron Defensores y defensor\u00edas en los estados de Acre, Bahia, Cear\u00e1, Maranh\u00e3o, Mato Grosso, Rio Grande do Sul y S\u00e3o Paulo.<\/p>\n<p>La reuni\u00f3n que el colegio realizar\u00e1 en el V Congreso de la AIDEF contar\u00e1 con la presencia de todos(a) los Defensores(a) Externos que ejercen y tiene la intenci\u00f3n de compartir con los participantes del evento, quellas tan bienvenidas experiencias.<\/p>\n<p>As\u00ed mismo, unidos, la sociedad civil organizada sigue actuando para avanzar en la democracia del Sistema de Justicia, trabajando para cumplir con las innovaciones de la Ley Complementar Federal 132\/2009  y para la concretizaci\u00f3n de los modelos de Defensor\u00edas Externas en todos los estados, lo que delinear\u00e1 nuestros trabajos en Fortaleza.<\/p>\n<p>Contamos con su presencia y estamos a su disposici\u00f3n.<\/p>\n<p>Servi\u00e7o: Reuni\u00e3o do Col\u00e9gio de Ouvidorias de Defensorias P\u00fablicas do Brasil<br \/>\nData\/Fecha: 15 de agosto de 2012, quarta-feira<br \/>\nHor\u00e1rio: 09.00hs \u2013 12.00hs<br \/>\nLocal\/Lugar: Sala Platina do Centro de Conven\u00e7\u00f5es \u201cF\u00e1brica de Neg\u00f3cios\u201d<br \/>\nEndere\u00e7o\/Direcci\u00f3n: Av. Monsenhor Tabosa, 740 &#8211; Praia de Iracema, Fortaleza \u2013 CE<br \/>\nInforma\u00e7\u00f5es sobre o Col\u00e9gio: Col\u00e9gio de Ouvidorias<br \/>\nInforma\u00e7\u00f5es sobre o Congresso: V Congresso da AIDEF<\/p>\n","protected":false},"excerpt":{"rendered":"<p>http:\/\/www.defensoria.sp.gov.br\/dpesp\/Repositorio\/23\/Documentos\/Texto%20Convite_PT_ESP2.pdf O Col\u00e9gio de Ouvidorias de Defensorias P\u00fablicas do Brasil tem o prazer de convidar para sua reuni\u00e3o aberta, que se realiza na manh\u00e3 do pr\u00f3ximo dia 15 de agosto, durante o V Congresso da Associa\u00e7\u00e3o Interamericana de Defensorias P\u00fablicas \u2013 AIDEF. A cria\u00e7\u00e3o e implanta\u00e7\u00e3o das Ouvidorias Externas nas Defensorias P\u00fablicas inauguram um novo [&hellip;]<\/p>\n","protected":false},"author":13,"featured_media":0,"comment_status":"open","ping_status":"open","sticky":false,"template":"","format":"standard","meta":{"inline_featured_image":false,"footnotes":""},"categories":[1],"tags":[],"anos":[],"projetos":[],"autorias":[],"eixos_tematicos":[],"locais":[],"pessoas":[],"estado":[],"academia":[],"sociedade_civil":[],"class_list":["post-2744","post","type-post","status-publish","format-standard","hentry","category-noticias"],"_links":{"self":[{"href":"https:\/\/staging.forumjustica.com.br\/es\/wp-json\/wp\/v2\/posts\/2744","targetHints":{"allow":["GET"]}}],"collection":[{"href":"https:\/\/staging.forumjustica.com.br\/es\/wp-json\/wp\/v2\/posts"}],"about":[{"href":"https:\/\/staging.forumjustica.com.br\/es\/wp-json\/wp\/v2\/types\/post"}],"author":[{"embeddable":true,"href":"https:\/\/staging.forumjustica.com.br\/es\/wp-json\/wp\/v2\/users\/13"}],"replies":[{"embeddable":true,"href":"https:\/\/staging.forumjustica.com.br\/es\/wp-json\/wp\/v2\/comments?post=2744"}],"version-history":[{"count":1,"href":"https:\/\/staging.forumjustica.com.br\/es\/wp-json\/wp\/v2\/posts\/2744\/revisions"}],"predecessor-version":[{"id":18025,"href":"https:\/\/staging.forumjustica.com.br\/es\/wp-json\/wp\/v2\/posts\/2744\/revisions\/18025"}],"wp:attachment":[{"href":"https:\/\/staging.forumjustica.com.br\/es\/wp-json\/wp\/v2\/media?parent=2744"}],"wp:term":[{"taxonomy":"category","embeddable":true,"href":"https:\/\/staging.forumjustica.com.br\/es\/wp-json\/wp\/v2\/categories?post=2744"},{"taxonomy":"post_tag","embeddable":true,"href":"https:\/\/staging.forumjustica.com.br\/es\/wp-json\/wp\/v2\/tags?post=2744"},{"taxonomy":"anos","embeddable":true,"href":"https:\/\/staging.forumjustica.com.br\/es\/wp-json\/wp\/v2\/anos?post=2744"},{"taxonomy":"projetos","embeddable":true,"href":"https:\/\/staging.forumjustica.com.br\/es\/wp-json\/wp\/v2\/projetos?post=2744"},{"taxonomy":"autorias","embeddable":true,"href":"https:\/\/staging.forumjustica.com.br\/es\/wp-json\/wp\/v2\/autorias?post=2744"},{"taxonomy":"eixos_tematicos","embeddable":true,"href":"https:\/\/staging.forumjustica.com.br\/es\/wp-json\/wp\/v2\/eixos_tematicos?post=2744"},{"taxonomy":"locais","embeddable":true,"href":"https:\/\/staging.forumjustica.com.br\/es\/wp-json\/wp\/v2\/locais?post=2744"},{"taxonomy":"pessoas","embeddable":true,"href":"https:\/\/staging.forumjustica.com.br\/es\/wp-json\/wp\/v2\/pessoas?post=2744"},{"taxonomy":"estado","embeddable":true,"href":"https:\/\/staging.forumjustica.com.br\/es\/wp-json\/wp\/v2\/estado?post=2744"},{"taxonomy":"academia","embeddable":true,"href":"https:\/\/staging.forumjustica.com.br\/es\/wp-json\/wp\/v2\/academia?post=2744"},{"taxonomy":"sociedade_civil","embeddable":true,"href":"https:\/\/staging.forumjustica.com.br\/es\/wp-json\/wp\/v2\/sociedade_civil?post=2744"}],"curies":[{"name":"wp","href":"https:\/\/api.w.org\/{rel}","templated":true}]}}