{"id":2731,"date":"2012-08-10T13:58:31","date_gmt":"2012-08-10T15:58:31","guid":{"rendered":"https:\/\/forumjustica.vlannetwork.com\/?p=2731"},"modified":"2022-09-04T21:16:55","modified_gmt":"2022-09-05T00:16:55","slug":"urgente-justica-determina-desocupacao-do-rio-dos-macacos-em-ate-15-dias","status":"publish","type":"post","link":"https:\/\/staging.forumjustica.com.br\/es\/urgente-justica-determina-desocupacao-do-rio-dos-macacos-em-ate-15-dias\/","title":{"rendered":"URGENTE \u2013 Justi\u00e7a determina desocupa\u00e7\u00e3o do Rio dos Macacos em at\u00e9 15 dias"},"content":{"rendered":"<p>http:\/\/racismoambiental.net.br\/2012\/08\/urgente-justica-determina-desocupacao-do-rio-dos-macacos-em-ate-15-dias\/#more-63535<br \/>\n<div id=\"attachment_2733\" style=\"width: 550px\" class=\"wp-caption alignleft\"><a href=\"https:\/\/staging.forumjustica.com.br\/wp-content\/uploads\/2012\/08\/RIODOSMACACOS1.jpg\"><img loading=\"lazy\" decoding=\"async\" aria-describedby=\"caption-attachment-2733\" src=\"https:\/\/staging.forumjustica.com.br\/wp-content\/uploads\/2012\/08\/RIODOSMACACOS1.jpg\" alt=\"\" title=\"RIODOSMACACOS\" width=\"540\" height=\"337\" class=\"size-full wp-image-2733\" srcset=\"https:\/\/staging.forumjustica.com.br\/wp-content\/uploads\/2012\/08\/RIODOSMACACOS1.jpg 540w, https:\/\/staging.forumjustica.com.br\/wp-content\/uploads\/2012\/08\/RIODOSMACACOS1-300x187.jpg 300w\" sizes=\"auto, (max-width: 540px) 100vw, 540px\" \/><\/a><p id=\"caption-attachment-2733\" class=\"wp-caption-text\">Quilombolas dizem que o lugar onde moram atualmente \u00e9 o \u00fanico com acesso ao rio<\/p><\/div><br \/>\nNo dia 1\u00ba, Gilberto Carvalho, Secret\u00e1rio Geral da Presid\u00eancia da Rep\u00fablica, e Celso Amorim, Ministro da Defesa, se reuniram para discutir o assunto, adiando a decis\u00e3o final em busca de um acordo. Mas o juiz Evandro Reim\u00e3o dos Reis pensou que o direito de acabar com o Quilombo a qualquer custo era dele! TP.<\/p>\n<p>Da Reda\u00e7\u00e3o Correio da BA<\/p>\n<p>A Justi\u00e7a Federal determinou a desocupa\u00e7\u00e3o dos moradores do Quilombo Rio dos Macacos, localizado a poucos metros da Base Naval de Aratu, no munic\u00edpio de Sim\u00f5es Filho, na Regi\u00e3o Metropolitana. O terreno \u00e9 alvo de disputa entre a Marinha do Brasil, que considera a terra de sua propriedade, e os quilombolas.<\/p>\n<p>Em nota, a Defensoria P\u00fablica da Uni\u00e3o na Bahia informa que foi surpreendida com a decis\u00e3o nesta ter\u00e7a-feira (7). A ordem \u00e9 que a desocupa\u00e7\u00e3o dos moradores seja feita no prazo de 15 dias, sob pena de retirada compuls\u00f3ria.<\/p>\n<p>A decis\u00e3o, que compreende dois dos tr\u00eas processos ligados ao caso, \u00e9 do juiz Evandro Reim\u00e3o dos Reis. O magistrado conservou a pr\u00f3pria decis\u00e3o liminar que, em novembro de 2010, determinou a desocupa\u00e7\u00e3o da \u00e1rea.<\/p>\n<p>O defensor \u00c1tila Dias informou que pretende recorrer contra a decis\u00e3o perante o Tribunal Regional Federal da 1\u00aa Regi\u00e3o.<\/p>\n<p>Um estudo realizado pelo Instituto Nacional de Coloniza\u00e7\u00e3o e Reforma Agr\u00e1ria (Incra) classificou Rio dos Macacos como \u00e1rea quilombola. Mas o governo federal ainda n\u00e3o autorizou a publica\u00e7\u00e3o, medida que daria valor legal ao relat\u00f3rio.  Continue lendo\u2026 &#8216;URGENTE \u2013 Justi\u00e7a determina desocupa\u00e7\u00e3o do Rio dos Macacos em at\u00e9 15 dias&#8217;\u00bb<\/p>\n","protected":false},"excerpt":{"rendered":"<p>http:\/\/racismoambiental.net.br\/2012\/08\/urgente-justica-determina-desocupacao-do-rio-dos-macacos-em-ate-15-dias\/#more-63535 No dia 1\u00ba, Gilberto Carvalho, Secret\u00e1rio Geral da Presid\u00eancia da Rep\u00fablica, e Celso Amorim, Ministro da Defesa, se reuniram para discutir o assunto, adiando a decis\u00e3o final em busca de um acordo. Mas o juiz Evandro Reim\u00e3o dos Reis pensou que o direito de acabar com o Quilombo a qualquer custo era dele! TP. [&hellip;]<\/p>\n","protected":false},"author":13,"featured_media":0,"comment_status":"open","ping_status":"open","sticky":false,"template":"","format":"standard","meta":{"inline_featured_image":false,"footnotes":""},"categories":[1],"tags":[],"anos":[],"projetos":[],"autorias":[],"eixos_tematicos":[],"locais":[],"pessoas":[],"estado":[],"academia":[],"sociedade_civil":[],"class_list":["post-2731","post","type-post","status-publish","format-standard","hentry","category-noticias"],"_links":{"self":[{"href":"https:\/\/staging.forumjustica.com.br\/es\/wp-json\/wp\/v2\/posts\/2731","targetHints":{"allow":["GET"]}}],"collection":[{"href":"https:\/\/staging.forumjustica.com.br\/es\/wp-json\/wp\/v2\/posts"}],"about":[{"href":"https:\/\/staging.forumjustica.com.br\/es\/wp-json\/wp\/v2\/types\/post"}],"author":[{"embeddable":true,"href":"https:\/\/staging.forumjustica.com.br\/es\/wp-json\/wp\/v2\/users\/13"}],"replies":[{"embeddable":true,"href":"https:\/\/staging.forumjustica.com.br\/es\/wp-json\/wp\/v2\/comments?post=2731"}],"version-history":[{"count":1,"href":"https:\/\/staging.forumjustica.com.br\/es\/wp-json\/wp\/v2\/posts\/2731\/revisions"}],"predecessor-version":[{"id":18028,"href":"https:\/\/staging.forumjustica.com.br\/es\/wp-json\/wp\/v2\/posts\/2731\/revisions\/18028"}],"wp:attachment":[{"href":"https:\/\/staging.forumjustica.com.br\/es\/wp-json\/wp\/v2\/media?parent=2731"}],"wp:term":[{"taxonomy":"category","embeddable":true,"href":"https:\/\/staging.forumjustica.com.br\/es\/wp-json\/wp\/v2\/categories?post=2731"},{"taxonomy":"post_tag","embeddable":true,"href":"https:\/\/staging.forumjustica.com.br\/es\/wp-json\/wp\/v2\/tags?post=2731"},{"taxonomy":"anos","embeddable":true,"href":"https:\/\/staging.forumjustica.com.br\/es\/wp-json\/wp\/v2\/anos?post=2731"},{"taxonomy":"projetos","embeddable":true,"href":"https:\/\/staging.forumjustica.com.br\/es\/wp-json\/wp\/v2\/projetos?post=2731"},{"taxonomy":"autorias","embeddable":true,"href":"https:\/\/staging.forumjustica.com.br\/es\/wp-json\/wp\/v2\/autorias?post=2731"},{"taxonomy":"eixos_tematicos","embeddable":true,"href":"https:\/\/staging.forumjustica.com.br\/es\/wp-json\/wp\/v2\/eixos_tematicos?post=2731"},{"taxonomy":"locais","embeddable":true,"href":"https:\/\/staging.forumjustica.com.br\/es\/wp-json\/wp\/v2\/locais?post=2731"},{"taxonomy":"pessoas","embeddable":true,"href":"https:\/\/staging.forumjustica.com.br\/es\/wp-json\/wp\/v2\/pessoas?post=2731"},{"taxonomy":"estado","embeddable":true,"href":"https:\/\/staging.forumjustica.com.br\/es\/wp-json\/wp\/v2\/estado?post=2731"},{"taxonomy":"academia","embeddable":true,"href":"https:\/\/staging.forumjustica.com.br\/es\/wp-json\/wp\/v2\/academia?post=2731"},{"taxonomy":"sociedade_civil","embeddable":true,"href":"https:\/\/staging.forumjustica.com.br\/es\/wp-json\/wp\/v2\/sociedade_civil?post=2731"}],"curies":[{"name":"wp","href":"https:\/\/api.w.org\/{rel}","templated":true}]}}