{"id":8064,"date":"2014-03-21T09:49:56","date_gmt":"2014-03-21T11:49:56","guid":{"rendered":"https:\/\/forumjustica.vlannetwork.com\/?p=8064"},"modified":"2022-09-04T21:15:50","modified_gmt":"2022-09-05T00:15:50","slug":"encontro-internacional-sobre-justica-de-transicao-promove-debate-sobre-o-tema","status":"publish","type":"post","link":"https:\/\/staging.forumjustica.com.br\/en\/encontro-internacional-sobre-justica-de-transicao-promove-debate-sobre-o-tema\/","title":{"rendered":"Encontro internacional sobre Justi\u00e7a de Transi\u00e7\u00e3o promove debate sobre o tema"},"content":{"rendered":"<div dir=\"ltr\">\n<p>13\/03\/2014 14:35<\/p>\n<div>\n<p>Durante a tarde\u00a0desta quarta-feira, tamb\u00e9m foi lan\u00e7ada publica\u00e7\u00e3o que trata\u00a0da atua\u00e7\u00e3o\u00a0do GT Justi\u00e7a\u00a0de Transi\u00e7\u00e3o,\u00a0da 2\u00aa C\u00e2mara<\/p>\n<p>A tarde\u00a0desta quarta-feira, 12\u00a0de mar\u00e7o, foi\u00a0dedicada a\u00a0debates sobre as graves viola\u00e7\u00f5es\u00a0de\u00a0direitos humanos ocorridas\u00a0durante a\u00a0ditadura no Encontro Internacional\u00a0de Membros\u00a0do Minist\u00e9rio P\u00fablico sobre Justi\u00e7a\u00a0de Transi\u00e7\u00e3o. Na oportunidade, foi\u00a0divulgado o Relat\u00f3rio\u00a0de Atua\u00e7\u00e3o\u00a0do Grupo\u00a0de Trabalho Justi\u00e7a\u00a0de Transi\u00e7\u00e3o,\u00a0da 2\u00aa C\u00e2mara\u00a0de Coordena\u00e7\u00e3o e Revis\u00e3o\u00a0do Minist\u00e9rio P\u00fablico Federal (criminal e controle externo\u00a0da atividade policial).<\/p>\n<p>O encontro faz parte\u00a0da programa\u00e7\u00e3o\u00a0do Congresso Internacional \u201c50 anos\u00a0do golpe: a nova agenda\u00a0da Justi\u00e7a\u00a0de Transi\u00e7\u00e3o no Brasil\u201d, promovido em Recife (PE) pelo Minist\u00e9rio P\u00fablico Federal e pelo Minist\u00e9rio\u00a0da Justi\u00e7a. Os\u00a0debates\u00a0de hojederam continuidade \u00e0 programa\u00e7\u00e3o iniciada ontem, quando membros\u00a0do Minist\u00e9rio P\u00fablico\u00a0do Brasil, Uruguai, Argentina e Guatemala expuseram\u00a0como est\u00e3o atuando para responsabilizar os agentes acusados\u00a0de viola\u00e7\u00f5es\u00a0de\u00a0direitos humanos em per\u00edodos\u00a0ditatoriais ou conflito interno armado.<\/p>\n<p>Na tarde\u00a0de hoje, o p\u00fablico presente teve a oportunidade\u00a0de fazer perguntas aos representantes\u00a0do Minist\u00e9rio P\u00fablico. Foram abordados temas\u00a0como a investiga\u00e7\u00e3ode crimes\u00a0cometidos contra popula\u00e7\u00f5es ind\u00edgenas e camponeses, fundamenta\u00e7\u00e3o probat\u00f3ria para pedidos\u00a0de indeniza\u00e7\u00e3o \u00e0\u00a0Comiss\u00e3o\u00a0de Anistia, envolvimento\u00a0da sociedade na\u00a0discuss\u00e3o sobre o tema e o papel\u00a0desempenhado pelo Minist\u00e9rio P\u00fablico\u00a0durante regimes\u00a0de exce\u00e7\u00e3o.<\/p>\n<p>Os procuradores Jorge Eduardo Auat (Argentina), Orlando L\u00f3pez (Guatemala) e Ana Tellechea (Uruguai) responderam os questionamentos apresentados. Pelo Minist\u00e9rio P\u00fablico Federal, manifestaram-se os procuradores\u00a0da Rep\u00fablica Ivan Marx, S\u00e9rgio Suiama e Wilson Rocha, o procuradora regional\u00a0da Rep\u00fablica Marlon Weichert e o subprocurador-geral\u00a0da Rep\u00fablica Oswaldo Barbosa, al\u00e9m\u00a0do procurador federaldos\u00a0direitos\u00a0do cidad\u00e3o, Aur\u00e9lio Rios.<\/p>\n<p>Em um segundo momento, somando-se aos presentes Pablo Parenti, tamb\u00e9m procurador na Argentina, foi iniciado um\u00a0debate sobre a tipifica\u00e7\u00e3o\u00a0de crimes conexos aos crimes contra a humanidade. Os procuradores estrangeiros tiveram, ent\u00e3o, a oportunidade\u00a0de relatar\u00a0como a quest\u00e3o tem sido tratada pela legisla\u00e7\u00e3o\u00a0de seus pa\u00edses.<\/p>\n<p>Relat\u00f3rio sobre Justi\u00e7a\u00a0de Transi\u00e7\u00e3o \u2013 O relat\u00f3rio apresentado na tarde\u00a0de hoje traz um resumo\u00a0da atua\u00e7\u00e3o\u00a0do\u00a0MPF\u00a0na persecu\u00e7\u00e3o criminal\u00a0dos crimes\u00a0cometidosdurante a\u00a0ditadura. A atua\u00e7\u00e3o\u00a0do GT busca\u00a0dar cumprimento \u00e0 senten\u00e7a\u00a0da Corte Interamericana\u00a0de\u00a0Direitos Humanos no caso Gomes Lund\u00a0vs. Brasil que, em 2010,determinou ao Brasil a investiga\u00e7\u00e3o e puni\u00e7\u00e3o criminal\u00a0dos agentes respons\u00e1veis pela graves viola\u00e7\u00f5es\u00a0de\u00a0direitos humanos ocorridas naquele per\u00edodo. Hoje h\u00e1 quase 200 investiga\u00e7\u00f5es em andamento no\u00a0MPF\u00a0e oito\u00a0den\u00fancias j\u00e1 foram apresentadas. <a href=\"https:\/\/staging.forumjustica.com.br\/wp-content\/uploads\/2014\/03\/RelatorioJusticadeTransicao-2-PGR.pdf\">Veja aqui a \u00edntegra do relat\u00f3rio <\/a>.<\/p>\n<p>O Congresso Internacional \u201c50 anos\u00a0do Golpe: a nova agenda\u00a0da Justi\u00e7a\u00a0de Transi\u00e7\u00e3o no Brasil\u201d \u00e9 realizado pela\u00a0Comiss\u00e3o\u00a0de Anistia\u00a0do Minist\u00e9rio\u00a0da Justi\u00e7a, Procuradoria Federal\u00a0dos\u00a0Direitos\u00a0do Cidad\u00e3o, 2\u00aa C\u00e2mara\u00a0de Coordena\u00e7\u00e3o e Revis\u00e3odo\u00a0MPF, Universidade Cat\u00f3lica\u00a0de Pernambuco, Programa\u00a0das Na\u00e7\u00f5es Unidas para oDesenvolvimento, Grupo\u00a0de Estudos sobre Internacionaliza\u00e7\u00e3o\u00a0do\u00a0Direito e Justi\u00e7ade Transi\u00e7\u00e3o, International Coalition of Sites of Conscience,\u00a0Comiss\u00e3o Brasileira\u00a0de Justi\u00e7a e Paz\u00a0da CNBB, Uni\u00e3o Nacional\u00a0dos Estudantes e Gabinete\u00a0de Assessoria Jur\u00eddica \u00e0s Organiza\u00e7\u00f5es Populares (GAJOP). O evento acontece at\u00e9 sexta-feira, 14de mar\u00e7o, na Universidade Cat\u00f3lica\u00a0de Pernambuco, em Recife.<\/p>\n<p>&nbsp;<\/p>\n<p>Secretaria\u00a0de\u00a0Comunica\u00e7\u00e3o Social<br \/>\nProcuradoria Geral\u00a0da Rep\u00fablica<br \/>\n(61) 31056404\/ 31056408<br \/>\nnoticias@pgr.mpf.<a href=\"http:\/\/gov.br\/\" target=\"_blank\" rel=\"noopener\">gov.br<\/a><\/p>\n<p><a href=\"http:\/\/noticias.pgr.mpf.mp.br\/noticias\/noticias-do-site\/copy_of_criminal\/encontro-internacional-sobre-justica-de-transicao-promove-debate-sobre-o-tema\"><br \/>\n<\/a><\/p>\n<p><a href=\"http:\/\/noticias.pgr.mpf.mp.br\/noticias\/noticias-do-site\/copy_of_criminal\/encontro-internacional-sobre-justica-de-transicao-promove-debate-sobre-o-tema\">http:\/\/noticias.pgr.mpf.mp.br\/noticias\/noticias-do-site\/copy_of_criminal\/encontro-internacional-sobre-justica-de-transicao-promove-debate-sobre-o-tema<\/a><\/p>\n<\/div>\n<\/div>\n<p>&nbsp;<\/p>\n","protected":false},"excerpt":{"rendered":"<p>13\/03\/2014 14:35 Durante a tarde\u00a0desta quarta-feira, tamb\u00e9m foi lan\u00e7ada publica\u00e7\u00e3o que trata\u00a0da atua\u00e7\u00e3o\u00a0do GT Justi\u00e7a\u00a0de Transi\u00e7\u00e3o,\u00a0da 2\u00aa C\u00e2mara A tarde\u00a0desta quarta-feira, 12\u00a0de mar\u00e7o, foi\u00a0dedicada a\u00a0debates sobre as graves viola\u00e7\u00f5es\u00a0de\u00a0direitos humanos ocorridas\u00a0durante a\u00a0ditadura no Encontro Internacional\u00a0de Membros\u00a0do Minist\u00e9rio P\u00fablico sobre Justi\u00e7a\u00a0de Transi\u00e7\u00e3o. Na oportunidade, foi\u00a0divulgado o Relat\u00f3rio\u00a0de Atua\u00e7\u00e3o\u00a0do Grupo\u00a0de Trabalho Justi\u00e7a\u00a0de Transi\u00e7\u00e3o,\u00a0da 2\u00aa C\u00e2mara\u00a0de Coordena\u00e7\u00e3o e [&hellip;]<\/p>\n","protected":false},"author":13,"featured_media":0,"comment_status":"open","ping_status":"closed","sticky":false,"template":"","format":"standard","meta":{"inline_featured_image":false,"footnotes":""},"categories":[1],"tags":[],"anos":[],"projetos":[],"autorias":[],"eixos_tematicos":[],"locais":[],"pessoas":[],"estado":[],"academia":[],"sociedade_civil":[],"class_list":["post-8064","post","type-post","status-publish","format-standard","hentry","category-noticias"],"_links":{"self":[{"href":"https:\/\/staging.forumjustica.com.br\/en\/wp-json\/wp\/v2\/posts\/8064","targetHints":{"allow":["GET"]}}],"collection":[{"href":"https:\/\/staging.forumjustica.com.br\/en\/wp-json\/wp\/v2\/posts"}],"about":[{"href":"https:\/\/staging.forumjustica.com.br\/en\/wp-json\/wp\/v2\/types\/post"}],"author":[{"embeddable":true,"href":"https:\/\/staging.forumjustica.com.br\/en\/wp-json\/wp\/v2\/users\/13"}],"replies":[{"embeddable":true,"href":"https:\/\/staging.forumjustica.com.br\/en\/wp-json\/wp\/v2\/comments?post=8064"}],"version-history":[{"count":1,"href":"https:\/\/staging.forumjustica.com.br\/en\/wp-json\/wp\/v2\/posts\/8064\/revisions"}],"predecessor-version":[{"id":17358,"href":"https:\/\/staging.forumjustica.com.br\/en\/wp-json\/wp\/v2\/posts\/8064\/revisions\/17358"}],"wp:attachment":[{"href":"https:\/\/staging.forumjustica.com.br\/en\/wp-json\/wp\/v2\/media?parent=8064"}],"wp:term":[{"taxonomy":"category","embeddable":true,"href":"https:\/\/staging.forumjustica.com.br\/en\/wp-json\/wp\/v2\/categories?post=8064"},{"taxonomy":"post_tag","embeddable":true,"href":"https:\/\/staging.forumjustica.com.br\/en\/wp-json\/wp\/v2\/tags?post=8064"},{"taxonomy":"anos","embeddable":true,"href":"https:\/\/staging.forumjustica.com.br\/en\/wp-json\/wp\/v2\/anos?post=8064"},{"taxonomy":"projetos","embeddable":true,"href":"https:\/\/staging.forumjustica.com.br\/en\/wp-json\/wp\/v2\/projetos?post=8064"},{"taxonomy":"autorias","embeddable":true,"href":"https:\/\/staging.forumjustica.com.br\/en\/wp-json\/wp\/v2\/autorias?post=8064"},{"taxonomy":"eixos_tematicos","embeddable":true,"href":"https:\/\/staging.forumjustica.com.br\/en\/wp-json\/wp\/v2\/eixos_tematicos?post=8064"},{"taxonomy":"locais","embeddable":true,"href":"https:\/\/staging.forumjustica.com.br\/en\/wp-json\/wp\/v2\/locais?post=8064"},{"taxonomy":"pessoas","embeddable":true,"href":"https:\/\/staging.forumjustica.com.br\/en\/wp-json\/wp\/v2\/pessoas?post=8064"},{"taxonomy":"estado","embeddable":true,"href":"https:\/\/staging.forumjustica.com.br\/en\/wp-json\/wp\/v2\/estado?post=8064"},{"taxonomy":"academia","embeddable":true,"href":"https:\/\/staging.forumjustica.com.br\/en\/wp-json\/wp\/v2\/academia?post=8064"},{"taxonomy":"sociedade_civil","embeddable":true,"href":"https:\/\/staging.forumjustica.com.br\/en\/wp-json\/wp\/v2\/sociedade_civil?post=8064"}],"curies":[{"name":"wp","href":"https:\/\/api.w.org\/{rel}","templated":true}]}}