{"id":8000,"date":"2014-03-17T13:07:01","date_gmt":"2014-03-17T15:07:01","guid":{"rendered":"https:\/\/forumjustica.vlannetwork.com\/?p=8000"},"modified":"2022-09-04T21:15:50","modified_gmt":"2022-09-05T00:15:50","slug":"condepe-promove-audiencia-publica-com-candidats-ao-cargo-de-ouvidora-geral-da-defensoria","status":"publish","type":"post","link":"https:\/\/staging.forumjustica.com.br\/en\/condepe-promove-audiencia-publica-com-candidats-ao-cargo-de-ouvidora-geral-da-defensoria\/","title":{"rendered":"CONDEPE promove Audi\u00eancia P\u00fablica com candidat@s ao cargo de Ouvidor\/a-Geral da Defensoria"},"content":{"rendered":"<p><span style=\"text-decoration: underline;\"> <\/span><span style=\"text-decoration: underline;\"> <\/span><\/p>\n<p><strong><a href=\"https:\/\/staging.forumjustica.com.br\/wp-content\/uploads\/2014\/03\/image001.jpg\"><img loading=\"lazy\" decoding=\"async\" class=\"aligncenter size-full wp-image-8006\" title=\"image001\" src=\"https:\/\/staging.forumjustica.com.br\/wp-content\/uploads\/2014\/03\/image001.jpg\" alt=\"\" width=\"368\" height=\"128\" \/><\/a><br \/>\nElei\u00e7\u00f5es para a Ouvidoria<span style=\"text-decoration: underline;\"> <\/span><span style=\"text-decoration: underline;\"> <\/span><\/strong><\/p>\n<p><strong>CONDEPE promove Audi\u00eancia P\u00fablica com candidat@s ao cargo de Ouvidor\/a-Geral da Defensoria<span style=\"text-decoration: underline;\"> <\/span><\/strong><\/p>\n<p><em> <\/em><\/p>\n<p><em><br \/>\n<\/em><em>Debate aberto a perguntas da sociedade civil acontece no dia 26 de mar\u00e7o, \u00e0s 18h, em S\u00e3o Paulo<\/em><br \/>\nNa noite de 26 de mar\u00e7o, quarta-feira, a partir das 18h, o Conselho Estadual de Defesa dos Direitos da Pessoa Humana (CONDEPE) promove Audi\u00eancia P\u00fablica para debater as propostas d@s candidat@s inscrit@s para ocupar o cargo de Ouvidor\/a-Geral da Defensoria P\u00fablica do Estado de S\u00e3o Paulo. O evento \u00e9 aberto \u00e0 sociedade civil, sem necessidade de inscri\u00e7\u00e3o pr\u00e9via.<\/p>\n<p>\u00a0<\/p>\n<p>Foram apresentadas cinco candidaturas para o mandato de 2 anos, que se iniciar\u00e1 em junho\/2014: Alderon Pereira da\u00a0Costa, Claudinei Correa, Luiz Tokuzi Kohara, Pedro Javier Aguerre Hughes e Rute Alonso da Silva. A proposta \u00e9 que @s candidat@s se manifestem sobre os motivos de suas candidaturas, apresentem suas propostas de trabalho e respondam \u00e0s indaga\u00e7\u00f5es das pessoas presentes.<\/p>\n<p>\u00a0<\/p>\n<p>A vota\u00e7\u00e3o da lista tr\u00edplice pelos membros efetivos representantes da sociedade civil no CONDEPE ocorrer\u00e1 no dia 28 de mar\u00e7o, \u00e0s 14h, no mesmo local.<\/p>\n<p>\u00a0<\/p>\n<p>Saiba mais sobre esta elei\u00e7\u00e3o e conhe\u00e7a o cronograma completo, acessando o Edital:<\/p>\n<p><a href=\"http:\/\/bit.ly\/Edital-EleicoesOuvidoriaDPESP2014\" target=\"_blank\" rel=\"noopener\">http:\/\/bit.ly\/Edital-EleicoesOuvidoriaDPESP2014<\/a><\/p>\n<p>\u00a0<\/p>\n<p><strong><br \/>\nParticipe!<\/strong><\/p>\n<p><strong><span style=\"text-decoration: underline;\"><br \/>\nServi\u00e7o:<\/span><\/strong><strong> <\/strong><\/p>\n<p><strong>Audi\u00eancia P\u00fablica para a composi\u00e7\u00e3o da lista tr\u00edplice para o cargo de Ouvidor\/a-Geral da Defensoria P\u00fablica do Estado de S\u00e3o Paulo<\/strong><\/p>\n<p><strong>Quando:<\/strong> 26\/03\/2014, quarta-feira<\/p>\n<p><strong>Hor\u00e1rio:<\/strong> 18h<\/p>\n<p><strong>Local:<\/strong> Audit\u00f3rio do CONDEPE<\/p>\n<p><strong>Endere\u00e7o:<\/strong> Rua Ant\u00f4nio de Godoy, n\u00ba 122, 11\u00ba andar, S\u00e3o Paulo<\/p>\n<p><strong><em>Entrada livre, sem necessidade de inscri\u00e7\u00e3o<\/em><\/strong><strong><em> <\/em><\/strong><\/p>\n<p><strong><br \/>\n<\/strong><strong> <\/strong><strong> <\/strong><\/p>\n<p><strong><br \/>\nSaiba mais e acompanhe<\/strong><\/p>\n<p><strong> <\/strong><\/p>\n<p><strong>Acesse a p\u00e1gina da <\/strong><strong><a href=\"http:\/\/www.defensoria.sp.gov.br\/dpesp\/Default.aspx?idPagina=2881\" target=\"_blank\" rel=\"noopener\">Ouvidoria<\/a> <\/strong><strong>na internet<\/strong><\/p>\n<p><strong>Acompanhe a Ouvidoria nas redes sociais:<\/strong><\/p>\n<p><strong> <\/strong><\/p>\n<table border=\"0\" cellspacing=\"0\" cellpadding=\"0\">\n<tbody>\n<tr>\n<td width=\"73\" valign=\"top\"><\/td>\n<td width=\"66\" valign=\"top\"><\/td>\n<td width=\"66\" valign=\"top\"><\/td>\n<td width=\"64\" valign=\"top\"><\/td>\n<\/tr>\n<tr>\n<td width=\"73\" valign=\"top\"><strong><a href=\"http:\/\/twitter.com\/OuvidoriaDPESP\" target=\"_blank\" rel=\"noopener\">Twitter<\/a><\/strong><strong> <\/strong><\/td>\n<td width=\"66\" valign=\"top\"><strong><a href=\"http:\/\/www.facebook.com\/OuvidoriaGeralDPESP\" target=\"_blank\" rel=\"noopener\">Facebook<\/a><\/strong><strong> <\/strong><\/td>\n<td width=\"66\" valign=\"top\"><strong><a href=\"http:\/\/www.google.com.br\/url?q=https:\/\/plus.google.com\/113102332890543892397\/photos&#038;sa=U&#038;ei=goNpUvvjBcqrkAeL8oB4&#038;ved=0CCMQFjAD&#038;sig2=Wd4HCdC40jibCGkDbF75yw&#038;usg=AFQjCNG3dCbeOxAgnCFAZZ6eKD-IigHRdQ\" target=\"_blank\" rel=\"noopener\">Google +<\/a><\/strong><strong> <\/strong><\/td>\n<td width=\"64\" valign=\"top\"><strong><a href=\"http:\/\/www.youtube.com\/OuvidoriaGeralDPESP\" target=\"_blank\" rel=\"noopener\">Youtube<\/a><\/strong><strong> <\/strong><\/td>\n<\/tr>\n<\/tbody>\n<\/table>\n<p>\u00a0<\/p>\n<p><em><br \/>\n*Vers\u00e3o aberta tamb\u00e9m dispon\u00edvel no site da Ouvidoria, na p\u00e1gina de Boletins Informativos: <\/em><em><a href=\"http:\/\/bit.ly\/OGDPESP-Boletins\" target=\"_blank\" rel=\"noopener\">http:\/\/bit.ly\/OGDPESP-Boletins<\/a><\/em><strong> <\/strong><\/p>\n<p><strong> <\/strong><\/p>\n<p><strong> <\/strong><\/p>\n<p><strong>Equipe da Ouvidoria-Geral<\/strong><\/p>\n<p><strong> <\/strong><\/p>\n<table border=\"0\" cellspacing=\"0\" cellpadding=\"0\" width=\"517\">\n<tbody>\n<tr>\n<td width=\"272\" valign=\"top\">Ouvidora-Geral<\/td>\n<td width=\"246\" valign=\"top\">Luciana Zaffalon<\/td>\n<\/tr>\n<tr>\n<td width=\"272\" valign=\"top\">Assessora T\u00e9cnica\u00a0<\/p>\n<p>Assistente T\u00e9cnica II<\/td>\n<td width=\"246\" valign=\"top\">Cristina Uch\u00f4a\u00a0<\/p>\n<p>Fernanda Barbosa Euflauzino<\/td>\n<\/tr>\n<tr>\n<td width=\"272\" valign=\"top\">Assistente T\u00e9cnica I\u00a0<\/p>\n<p>Assistente T\u00e9cnico I<\/td>\n<td width=\"246\" valign=\"top\">Fabiana Borin\u00a0<\/p>\n<p>Paulo C\u00e9sar Malvezzi Filho<\/td>\n<\/tr>\n<tr>\n<td width=\"272\" valign=\"top\">Agente de Defensoria\u00a0<\/p>\n<p>Oficial de Defensoria<\/td>\n<td width=\"246\" valign=\"top\">Priscila Rodrigues\u00a0<\/p>\n<p>Caio Martins<\/td>\n<\/tr>\n<tr>\n<td width=\"272\" valign=\"top\">Oficiala de Defensoria<\/td>\n<td width=\"246\" valign=\"top\">Maria Cristina Salerno<\/td>\n<\/tr>\n<tr>\n<td width=\"272\" valign=\"top\">Oficial de Defensoria<\/td>\n<td width=\"246\" valign=\"top\">Pacelli Cartaxo Bastos<\/td>\n<\/tr>\n<tr>\n<td width=\"272\" valign=\"top\">Oficial de Defensoria<\/td>\n<td width=\"246\" valign=\"top\">Roberto Santos<\/td>\n<\/tr>\n<tr>\n<td width=\"272\" valign=\"top\">Estagi\u00e1ria de Administra\u00e7\u00e3o<\/td>\n<td width=\"246\" valign=\"top\">Antonia Gomes de Oliveira<\/td>\n<\/tr>\n<tr>\n<td width=\"272\" valign=\"top\">Estagi\u00e1ria de Comunica\u00e7\u00e3o\u00a0<\/p>\n<p>Estagi\u00e1rio de Ensino M\u00e9dio<\/td>\n<td width=\"246\" valign=\"top\">Karoline Lopes<br \/>\nHigor Silva<\/td>\n<\/tr>\n<\/tbody>\n<\/table>\n<p>\u00a0<\/p>\n<p>\u00a0<\/p>","protected":false},"excerpt":{"rendered":"<p>Elei\u00e7\u00f5es para a Ouvidoria CONDEPE promove Audi\u00eancia P\u00fablica com candidat@s ao cargo de Ouvidor\/a-Geral da Defensoria Debate aberto a perguntas da sociedade civil acontece no dia 26 de mar\u00e7o, \u00e0s 18h, em S\u00e3o Paulo Na noite de 26 de mar\u00e7o, quarta-feira, a partir das 18h, o Conselho Estadual de Defesa dos Direitos da Pessoa Humana [&hellip;]<\/p>\n","protected":false},"author":13,"featured_media":0,"comment_status":"open","ping_status":"closed","sticky":false,"template":"","format":"standard","meta":{"inline_featured_image":false,"footnotes":""},"categories":[1],"tags":[],"anos":[],"projetos":[],"autorias":[],"eixos_tematicos":[],"locais":[],"pessoas":[],"estado":[],"academia":[],"sociedade_civil":[],"class_list":["post-8000","post","type-post","status-publish","format-standard","hentry","category-noticias"],"_links":{"self":[{"href":"https:\/\/staging.forumjustica.com.br\/en\/wp-json\/wp\/v2\/posts\/8000","targetHints":{"allow":["GET"]}}],"collection":[{"href":"https:\/\/staging.forumjustica.com.br\/en\/wp-json\/wp\/v2\/posts"}],"about":[{"href":"https:\/\/staging.forumjustica.com.br\/en\/wp-json\/wp\/v2\/types\/post"}],"author":[{"embeddable":true,"href":"https:\/\/staging.forumjustica.com.br\/en\/wp-json\/wp\/v2\/users\/13"}],"replies":[{"embeddable":true,"href":"https:\/\/staging.forumjustica.com.br\/en\/wp-json\/wp\/v2\/comments?post=8000"}],"version-history":[{"count":1,"href":"https:\/\/staging.forumjustica.com.br\/en\/wp-json\/wp\/v2\/posts\/8000\/revisions"}],"predecessor-version":[{"id":17364,"href":"https:\/\/staging.forumjustica.com.br\/en\/wp-json\/wp\/v2\/posts\/8000\/revisions\/17364"}],"wp:attachment":[{"href":"https:\/\/staging.forumjustica.com.br\/en\/wp-json\/wp\/v2\/media?parent=8000"}],"wp:term":[{"taxonomy":"category","embeddable":true,"href":"https:\/\/staging.forumjustica.com.br\/en\/wp-json\/wp\/v2\/categories?post=8000"},{"taxonomy":"post_tag","embeddable":true,"href":"https:\/\/staging.forumjustica.com.br\/en\/wp-json\/wp\/v2\/tags?post=8000"},{"taxonomy":"anos","embeddable":true,"href":"https:\/\/staging.forumjustica.com.br\/en\/wp-json\/wp\/v2\/anos?post=8000"},{"taxonomy":"projetos","embeddable":true,"href":"https:\/\/staging.forumjustica.com.br\/en\/wp-json\/wp\/v2\/projetos?post=8000"},{"taxonomy":"autorias","embeddable":true,"href":"https:\/\/staging.forumjustica.com.br\/en\/wp-json\/wp\/v2\/autorias?post=8000"},{"taxonomy":"eixos_tematicos","embeddable":true,"href":"https:\/\/staging.forumjustica.com.br\/en\/wp-json\/wp\/v2\/eixos_tematicos?post=8000"},{"taxonomy":"locais","embeddable":true,"href":"https:\/\/staging.forumjustica.com.br\/en\/wp-json\/wp\/v2\/locais?post=8000"},{"taxonomy":"pessoas","embeddable":true,"href":"https:\/\/staging.forumjustica.com.br\/en\/wp-json\/wp\/v2\/pessoas?post=8000"},{"taxonomy":"estado","embeddable":true,"href":"https:\/\/staging.forumjustica.com.br\/en\/wp-json\/wp\/v2\/estado?post=8000"},{"taxonomy":"academia","embeddable":true,"href":"https:\/\/staging.forumjustica.com.br\/en\/wp-json\/wp\/v2\/academia?post=8000"},{"taxonomy":"sociedade_civil","embeddable":true,"href":"https:\/\/staging.forumjustica.com.br\/en\/wp-json\/wp\/v2\/sociedade_civil?post=8000"}],"curies":[{"name":"wp","href":"https:\/\/api.w.org\/{rel}","templated":true}]}}