{"id":7948,"date":"2014-03-07T09:00:56","date_gmt":"2014-03-07T11:00:56","guid":{"rendered":"https:\/\/forumjustica.vlannetwork.com\/?p=7948"},"modified":"2022-09-04T21:15:51","modified_gmt":"2022-09-05T00:15:51","slug":"banqueiros-dao-palestras-a-juizes-de-acoes-contra-bancos","status":"publish","type":"post","link":"https:\/\/staging.forumjustica.com.br\/en\/banqueiros-dao-palestras-a-juizes-de-acoes-contra-bancos\/","title":{"rendered":"Banqueiros d\u00e3o palestras a ju\u00edzes de a\u00e7\u00f5es contra bancos"},"content":{"rendered":"<div><a title=\"Ver todos os posts em Den\u00fancias\" rel=\"category tag\" href=\"http:\/\/www.viomundo.com.br\/denuncias\">Den\u00fancias<\/a><\/div>\n<p>publicado em 25 de fevereiro de 2014 \u00e0s 11:10<\/p>\n<div id=\"post\">\n<div>\n<p><img loading=\"lazy\" decoding=\"async\" title=\"TJ -finan\u00e7as 1\" src=\"http:\/\/www.viomundo.com.br\/wp-content\/uploads\/2014\/02\/TJ-finan%C3%A7as-1-e1393277083756.jpg\" alt=\"\" width=\"620\" height=\"313\" \/><\/p>\n<p><img loading=\"lazy\" decoding=\"async\" title=\"TJ 3\" src=\"http:\/\/www.viomundo.com.br\/wp-content\/uploads\/2014\/02\/TJ-3.jpg\" alt=\"\" width=\"620\" height=\"331\" \/><\/p>\n<p>Representantes dos principais bancos brasileiros palestraram para ju\u00edzes paulistas; 55 foram convocados<\/p>\n<p>por\u00a0<strong>Concei\u00e7\u00e3o Lemes<\/strong><\/p>\n<p>A jornalista L\u00facia Rodrigues foi quem primeiro nos chamou a aten\u00e7\u00e3o\u00a0para o semin\u00e1rio\u00a0<strong><a href=\"http:\/\/www.epm.tjsp.jus.br\/Internas\/NoticiasView.aspx?Id=21427\">O Poder Judici\u00e1rio e o sistema financeiro<\/a><\/strong>.<\/p>\n<p>Depois, tr\u00eas ju\u00edzes alertaram que o evento, promovido pela Escola Paulista de Magistratura (EPM), tinha sido coordenado pelo pr\u00f3prio presidente do Tribunal de Justi\u00e7a do Estado de S\u00e3o Paulo (TJSP), o\u00a0desembargador Jos\u00e9 Renato Nalini.<\/p>\n<p>P\u00fablico-alvo: magistrados.<\/p>\n<p>Objetivo: \u201coferecer um espa\u00e7o de reflex\u00e3o para os magistrados debaterem quest\u00f5es fundamentais da rela\u00e7\u00e3o entre o Poder Judici\u00e1rio e o Sistema Financeiro com os dirigentes das principais institui\u00e7\u00f5es financeiras do pa\u00eds, al\u00e9m de conhecerem aspectos da gest\u00e3o de pessoas e de projetos dos bancos\u201d.<\/p>\n<p><img loading=\"lazy\" decoding=\"async\" title=\"TJ 5-001\" src=\"http:\/\/www.viomundo.com.br\/wp-content\/uploads\/2014\/02\/TJ-5-001-e1393293927693.jpg\" alt=\"\" width=\"620\" height=\"435\" \/><\/p>\n<p>O\u00a0<strong><a href=\"http:\/\/www.epm.tjsp.jus.br\/Internas\/NoticiasView.aspx?ID=21768\">evento aconteceu na \u00faltima sexta-feira.<\/a><\/strong><\/p>\n<p>Solicitamos ao TJSP o n\u00famero de ju\u00edzes participantes e quantos foram convocados. A assessoria de imprensa n\u00e3o nos forneceu o dado.<\/p>\n<p>Entre os palestrantes,\u00a0<strong><a href=\"http:\/\/www.epm.tjsp.jus.br\/Internas\/NoticiasView.aspx?ID=21768\">representantes das principais institui\u00e7\u00f5es financeiras do Pa\u00eds<\/a><\/strong>: Murilo Portugal,\u00a0presidente da\u00a0Federa\u00e7\u00e3o Brasileira de Bancos (Febraban); Roberto Egydio Set\u00fabal, presidente do Ita\u00fa; Alexandre da Silva Gl\u00fcher, vice-presidente executivo do Bradesco; Vito Ant\u00f4nio Boccuzi Neto, gerente-executivo do Banco do Brasil; Carlos Kawall, economista-chefe do Safra.<\/p>\n<p>Acontece que:<\/p>\n<p><strong>1)<\/strong> Parte dos magistrados n\u00e3o foi espontaneamente, mas obrigada a comparecer pelo TJ-SP para assistir palestras de banqueiros.<\/p>\n<p>Apesar de o semin\u00e1rio ser gratuito, poucos se inscreveram para as 100 vagas presenciais. A\u00ed, O TJSP convocou 55 ju\u00edzes das varas c\u00edveis centrais, da Fazenda P\u00fablica, do Juizado Especial da Fazenda P\u00fablica, de Acidentes do Trabalho. Tamb\u00e9m o setor de Unifica\u00e7\u00e3o de Cartas Precat\u00f3rias C\u00edveis de Fam\u00edlia e de Acidentes de Trabalho.<\/p>\n<p>A\u00a0<strong><a href=\"http:\/\/www.viomundo.com.br\/denuncias\/www.tjsp.jus.br\">convoca\u00e7\u00e3o est\u00e1 no Di\u00e1rio da Justi\u00e7a Eletr\u00f4nico do TJSP<\/a><\/strong> de 18 de fevereiro,\u00a0<strong>Caderno 1<\/strong>, Administrativo, p\u00e1gina 5. A lista completa dos convocados come\u00e7a no final da p\u00e1gina 5 e vai at\u00e9 o in\u00edcio da 8.<\/p>\n<p><img loading=\"lazy\" decoding=\"async\" title=\"TJ - convoca\u00e7\u00e3o-001\" src=\"http:\/\/www.viomundo.com.br\/wp-content\/uploads\/2014\/02\/TJ-convoca%C3%A7%C3%A3o-001.jpg\" alt=\"\" width=\"568\" height=\"82\" \/><\/p>\n<p><strong>2)<\/strong> Grande\u00a0parte dos ju\u00edzes convocados atua em Varas C\u00edveis centrais, onde tramitam processos que discutem contratos banc\u00e1rios. H\u00e1 tamb\u00e9m alguns ju\u00edzes de Varas de Fazenda P\u00fablica, que julgam a\u00e7\u00f5es envolvendo quest\u00f5es tribut\u00e1rias entre os bancos e a Fazenda P\u00fablica Estadual e do Munic\u00edpio de S\u00e3o Paulo.<\/p>\n<p><strong>3)<\/strong> No Brasil, Os bancos est\u00e3o entre os 100 maiores litigantes no Judici\u00e1rio. \u00c9 o que revela\u00a0<strong><a href=\"http:\/\/www.cnj.jus.br\/images\/pesquisas-judiciarias\/pesquisa_100_maiores_litigantes.pdf\">levantamento do Conselho Nacional de Justi\u00e7a (CNJ) divulgado em 2011<\/a><\/strong>.<\/p>\n<p>O juiz Gerivaldo Neiva, membro da coordena\u00e7\u00e3o do N\u00facleo da Bahia da Associa\u00e7\u00e3o Ju\u00edzes pela Democracia (AJD), separou os 20 primeiros litigantes. Dividiu-os em p\u00fablicos e privados (incluindo as sociedades de economia mista).<\/p>\n<table border=\"1\" cellspacing=\"0\" cellpadding=\"0\" align=\"left\">\n<tbody>\n<tr>\n<td width=\"259\" valign=\"top\"><strong>P\u00daBLICOS (coloca\u00e7\u00e3o)<\/strong><\/td>\n<td width=\"227\" valign=\"top\"><strong>PRIVADOS (coloca\u00e7\u00e3o)*<\/strong><\/td>\n<\/tr>\n<tr>\n<td width=\"259\" valign=\"top\">INSS \u2013 1\u00ba<\/td>\n<td width=\"227\" valign=\"top\">Banco do Brasil \u2013 5\u00ba<\/td>\n<\/tr>\n<tr>\n<td width=\"259\" valign=\"top\">CEF \u2013 2\u00ba<\/td>\n<td width=\"227\" valign=\"top\">Banco Bradesco \u2013 7\u00ba<\/td>\n<\/tr>\n<tr>\n<td width=\"259\" valign=\"top\">Fazenda Nacional \u2013 3\u00ba<\/td>\n<td width=\"227\" valign=\"top\">Banco Ita\u00fa \u2013 8\u00ba<\/td>\n<\/tr>\n<tr>\n<td width=\"259\" valign=\"top\">Uni\u00e3o \u2013 4\u00ba<\/td>\n<td width=\"227\" valign=\"top\">Brasil Telecon Celular \u2013 9\u00ba<\/td>\n<\/tr>\n<tr>\n<td width=\"259\" valign=\"top\">Estado do Rio Grande do Sul \u2013 6\u00ba<\/td>\n<td width=\"227\" valign=\"top\">Banco Finasa \u2013 10\u00ba<\/td>\n<\/tr>\n<tr>\n<td width=\"259\" valign=\"top\">Munic\u00edpio de Manaus \u2013 11\u00ba<\/td>\n<td width=\"227\" valign=\"top\">Banco Santander \u2013 13\u00ba<\/td>\n<\/tr>\n<tr>\n<td width=\"259\" valign=\"top\">Munic\u00edpio de Goi\u00e2nia \u2013 12\u00ba<\/td>\n<td width=\"227\" valign=\"top\">Banco ABN Amro Real \u2013 14\u00ba<\/td>\n<\/tr>\n<tr>\n<td width=\"259\" valign=\"top\">Instituto de Previd\u00eancia do RS \u2013 20\u00ba<\/td>\n<td width=\"227\" valign=\"top\">BV Financeira \u2013 15<\/td>\n<\/tr>\n<tr>\n<td width=\"259\" valign=\"top\"><\/td>\n<td width=\"227\" valign=\"top\">Banco HSBC \u2013 16<\/td>\n<\/tr>\n<tr>\n<td width=\"259\" valign=\"top\"><\/td>\n<td width=\"227\" valign=\"top\">Telemar \u2013 17\u00ba<\/td>\n<\/tr>\n<tr>\n<td width=\"259\" valign=\"top\"><\/td>\n<td width=\"227\" valign=\"top\">Banco Nossa Caixa \u2013 18\u00ba<\/td>\n<\/tr>\n<tr>\n<td width=\"259\" valign=\"top\"><\/td>\n<td width=\"227\" valign=\"top\">Unibanco \u2013 19\u00ba<\/td>\n<\/tr>\n<\/tbody>\n<\/table>\n<p>&nbsp;<\/p>\n<p>&nbsp;<\/p>\n<p>&nbsp;<\/p>\n<p>&nbsp;<\/p>\n<p>&nbsp;<\/p>\n<p>&nbsp;<\/p>\n<p>&nbsp;<\/p>\n<p>&nbsp;<\/p>\n<p>&nbsp;<\/p>\n<p>&nbsp;<\/p>\n<p>Em\u00a0<strong><a href=\"http:\/\/www.gerivaldoneiva.com\/2011\/04\/100-maiores-litigantes-do-brasil-alguma.html\">artigo sobre o assunto, o juiz Gerivaldo Neiva observa<\/a><\/strong>:<\/p>\n<p>Dos 20 maiores litigantes deste pa\u00eds, mais da metade \u00e9 composta por grandes bancos, que lucram bilh\u00f5es a cada balan\u00e7o. A outra parte, menos da metade, tamb\u00e9m como imagin\u00e1vamos, \u00e9 composta por entidades do Estado, ou seja, quem mais litiga no Judici\u00e1rio brasileiro s\u00e3o\u00a0\u201ccaloteiros\u201d\u00a0ou\u00a0\u201cgananciosos\u201d\u00a0que assim agem por convic\u00e7\u00e3o de violar a lei em seu pr\u00f3prio benef\u00edcio, e n\u00e3o por desconhec\u00ea-la.<\/p>\n<p>Sabemos todos que estamos neste meio que o Estado e Bancos quase sempre s\u00e3o demandados por n\u00e3o cumprirem seus compromissos e obriga\u00e7\u00f5es (Estado) ou por viola\u00e7\u00e3o ao direito do consumidor (Bancos). Fora disso, o Estado demanda quando executa contribuintes e os bancos quando cobram de consumidores em mora.<\/p>\n<p>Com rela\u00e7\u00e3o aos bancos, em qualquer hip\u00f3tese, seja demandante ou demandado, s\u00e3o situa\u00e7\u00f5es causadas por eles mesmos, ou seja, violam o direito do consumidor ou estipulam juros e taxas exorbitantes que seus clientes n\u00e3o podem pagar, resultando sempre em uma a\u00e7\u00e3o judicial, seja como demandado para reparar danos ou revisar cl\u00e1usulas contratuais, seja como demandante para cobrar de clientes em mora.<\/p>\n<p>O\u00a0<strong>Viomundo<\/strong> perguntou tamb\u00e9m ao TJSP:\u00a0<strong>Considerando que os ju\u00edzes julgam a\u00e7\u00f5es contra os bancos, n\u00e3o haveria nesse semin\u00e1rio um conflito de interesses?<\/strong><\/p>\n<p>Afinal,\u00a0o TJSP convocou ju\u00edzes para ouvir apenas a elite do mercado financeiro e n\u00e3o a outra parte, as v\u00edtimas dos bancos. Leia-se: Procon, entidades de defesa do consumidor, fazendas P\u00fablica Estadual e Municipal.<\/p>\n<p>Via sua assessoria de imprensa, o TJ-SP respondeu:<\/p>\n<p>Em rela\u00e7\u00e3o ao semin\u00e1rio o Poder Judici\u00e1rio e\u00a0o sistema financeiro, ocorrido na \u00faltima sexta-feira na EPM, informo que a convoca\u00e7\u00e3o dos magistrados n\u00e3o se deu em raz\u00e3o da pouca procura por\u00a0vagas.<\/p>\n<p>O TJSP costuma publicar os eventos e, em um primeiro momento, deixa a crit\u00e9rio dos ju\u00edzes a participa\u00e7\u00e3o ou n\u00e3o. Se voluntariamente inscritos, eles fazem as adapta\u00e7\u00f5es necess\u00e1rias em sua agenda do dia e\/ou pauta de audi\u00eancias. Quando ocorre a convoca\u00e7\u00e3o, o TJSP tem que providenciar\u00a0a substitui\u00e7\u00e3o do magistrado\u00a0(normalmente outro colega acumula) para que n\u00e3o haja preju\u00edzo ao jurisdicionado.<\/p>\n<p>As convoca\u00e7\u00f5es\u00a0foram\u00a0e s\u00e3o comuns no Judici\u00e1rio.\u00a0Para se ter uma ideia,\u00a0a Secretaria da Magistratura\u00a0precisaria de um tempo maior do que o que voc\u00ea disp\u00f5e para o fechamento da mat\u00e9ria para levantar quantas convoca\u00e7\u00f5es ocorreram no ano passado.<\/p>\n<p>Essas convoca\u00e7\u00f5es s\u00e3o previstas na Lei Org\u00e2nica da Magistratura em casos de interesse p\u00fablico, forma\u00e7\u00e3o ou aprimoramento do magistrado.<\/p>\n<p>A realiza\u00e7\u00e3o de um semin\u00e1rio\u00a0com integrantes do\u00a0sistema financeiro n\u00e3o resulta em conflito de interesses\u00a0j\u00e1 que o objetivo do mesmo foi discutir como\u00a0o funcionamento do sistema financeiro influencia a atividade do Poder Judici\u00e1rio.<\/p>\n<p>O Judici\u00e1rio de S\u00e3o Paulo est\u00e1 sempre aberto ao di\u00e1logo para melhorar a presta\u00e7\u00e3o jurisdicional.<\/p>\n<p>N\u00e3o foi nada obscuro tanto que a convoca\u00e7\u00e3o \u00e9 feita no DJE e\u00a0nos sites do TJSP e da EPM\u00a0h\u00e1\u00a0not\u00edcias e fotos\u00a0relativas ao semin\u00e1rio, que teve tamb\u00e9m a participa\u00e7\u00e3o volunt\u00e1ria de desembargadores. Segue link:\u00a0<a href=\"http:\/\/www.tjsp.jus.br\/Institucional\/CanaisComunicacao\/Noticias\/Noticia.aspx?Id=21765\" target=\"_blank\" rel=\"noopener\">http:\/\/www.tjsp.jus.br\/Institucional\/CanaisComunicacao\/Noticias\/Noticia.aspx?Id=21765<\/a><\/p>\n<p>\u201cSe o Tribunal de Justi\u00e7a de S\u00e3o Paulo quer promover di\u00e1logos entre magistrados e os maiores \u2018clientes\u2019 do Judici\u00e1rio no setor privado que chame todos os setores da sociedade civil e n\u00e3o apenas representantes do sistema econ\u00f4mico\u201d, critica o\u00a0membro do Conselho de Administra\u00e7\u00e3o da Associa\u00e7\u00e3o Ju\u00edzes para a Democracia (AJD), o magistrado\u00a0Andr\u00e9 Augusto Salvador Bezerra.<\/p>\n<p>\u201cSe o Tribunal de Justi\u00e7a quer mostrar que n\u00e3o quer servir aos bancos, tem que aprender a dialogar com todos os setores\u201d, enfatiza Andr\u00e9 Augusto. \u201cA Justi\u00e7a tem que servir \u00e0 sociedade inteira, que a sustenta.\u201d<\/p>\n<p>Andr\u00e9 Augusto Salvador Bezerra foi um dos ju\u00edzes obrigados a comparecer ao semin\u00e1rio.<\/p>\n<p><strong>Viomundo \u2013 <\/strong><strong>Considerando que os ju\u00edzes julgam a\u00e7\u00f5es contra os bancos, n\u00e3o haveria nesse semin\u00e1rio um conflito de interesses? <\/strong><\/p>\n<p><strong>Andr\u00e9 Augusto Bezerra<\/strong> \u2013 \u00a0A justificativa dada pela presid\u00eancia do Tribunal de Justi\u00e7a de S\u00e3o Paulo foi a de promover o di\u00e1logo entre ju\u00edzes e aqueles que s\u00e3o os maiores \u201cclientes\u201d do Judici\u00e1rio oriundos da iniciativa privada.<\/p>\n<p>O problema \u00e9 que, em um evento como esse, n\u00e3o ocorre \u2013 como efetivamente n\u00e3o ocorreu \u2013 um di\u00e1logo, mas apenas a transmiss\u00e3o do discurso \u00fanico por parte dos maiores representantes do sistema financeiro, que, durante o evento, repetiram diversas teses jur\u00eddicas defendidas pelos bancos nos processos.<\/p>\n<p><strong>Viomundo \u2013 Banqueiros ensinando ju\u00edzes sobre o sistema financeiro?!<\/strong><\/p>\n<p><strong>Andr\u00e9 Augusto Bezerra \u2013 <\/strong>Pelo conte\u00fado das exposi\u00e7\u00f5es de sexta-feira, n\u00e3o sei dizer para voc\u00ea se s\u00e3o banqueiros ensinando sistema financeiro para ju\u00edzes.<\/p>\n<p>Mas certamente s\u00e3o banqueiros defendendo a legalidade de seus atos para ju\u00edzes. Legalidade, lembro,\u00a0 que \u00e9 discutida nos processos.<\/p>\n<p>Cito\u00a0um exemplo presenciado por todos que compareceram ao semin\u00e1rio. Em determinado momento, o representante do Banco Ita\u00fa afirmou, n\u00e3o me lembro das palavras exatas,\u00a0que sua institui\u00e7\u00e3o prima pelo respeito \u00e0 lei\u00a0e que nem todas as senten\u00e7as proferidas por ju\u00edzes observam a legalidade.<\/p>\n<p>O que se\u00a0quer dizer com isso? Que todos os consumidores que discutem a juridicidade de cobran\u00e7as efetuadas por um determinado banco\u00a0est\u00e3o errados, assim como est\u00e3o errados os ju\u00edzes que acolhem as alega\u00e7\u00f5es desses consumidores.\u00a0 Isso \u00e9 ou n\u00e3o \u00e9 uma defesa de tese jur\u00eddica?<\/p>\n<p>E\u00a0\u00a0o pior: n\u00e3o havia ningu\u00e9m para contestar essas teses. N\u00e3o havia representantes de associa\u00e7\u00f5es de defesa do consumidor nem do Procon. \u00a0Assim como n\u00e3o havia representante das Fazendas do Estado de S\u00e3o Paulo e do Munic\u00edpio para defender a cobran\u00e7a de tributos que efetuam em face dos bancos.<\/p>\n<p><strong>Viomundo \u2013 N\u00e3o haveria a\u00ed um flagrante conflito de interesses?! N\u00e3o seria anti\u00e9tico?<\/strong><\/p>\n<p><strong>Andr\u00e9 Augusto Bezerra \u2013 <\/strong>Obviamente, aos olhos daqueles que litigam contra as institui\u00e7\u00f5es financeiras (consumidores, representantes do Estado), existe um s\u00e9rio conflito de interesse\u00a0e um s\u00e9rio problema \u00e9tico. Se eu\u00a0\u00a0fosse um cidad\u00e3o que tivesse um lit\u00edgio em face de um banco, certamente n\u00e3o ficaria confort\u00e1vel ao saber da exist\u00eancia do evento, na forma que ocorreu.<\/p>\n<p><strong>Viomundo \u2013 <\/strong><strong>Os bancos est\u00e3o entre os maiores litigantes do Brasil no Judici\u00e1rio. Imagino que s\u00e3o a\u00e7\u00f5es trabalhistas, processos para que n\u00e3o paguem impostos, entre outras. Ao se reunir s\u00f3 com os banqueiros, isso significa que os ju\u00edzes t\u00eam lado, ou seja, o da elite?<\/strong><\/p>\n<p><strong> Andr\u00e9 Augusto Bezerra <\/strong>\u2013 No evento, n\u00e3o havia\u00a0\u00a0ju\u00edzes do trabalho\u00a0convocados, isto \u00e9, que julgam a\u00e7\u00f5es trabalhistas. Mas somente magistrados da\u00a0Justi\u00e7a do Estado de S\u00e3o Paulo. Como eu disse, ju\u00edzes que julgam a legalidade de contratos banc\u00e1rios, dentre outras condutas dos bancos, e a legalidade de cobran\u00e7as do Estado e do Munic\u00edpio de S\u00e3o Paulo.<\/p>\n<p>Evidentemente, como apenas os bancos foram chamados para o evento, pode dar \u00a0impress\u00e3o \u00e0 popula\u00e7\u00e3o, especialmente ao consumidor que celebra contratos ou recebe cobran\u00e7as dessas institui\u00e7\u00f5es, que a Justi\u00e7a tem um lado, que \u00e9 justamente o lado do mais forte, o lado da elite do sistema econ\u00f4mico.<\/p>\n<p>Se representantes da sociedade civil tivessem sido convidados, certamente n\u00e3o haveria motivo para se ter tal impress\u00e3o. Sinceramente, espero que a atual gest\u00e3o do Tribunal de Justi\u00e7a de S\u00e3o Paulo, que est\u00e1 no in\u00edcio do mandato, promova esse debate.<\/p>\n<p><strong>Viomundo \u2014 \u00a0Supondo que um dos ju\u00edzes presentes tenha de julgar uma causa de banco. Ele n\u00e3o deveria se declarar impedido?<\/strong><\/p>\n<p><strong>Andr\u00e9 Augusto Bezerra \u2013 <\/strong>N\u00e3o diria que um juiz deveria ser declarado impedido por participar do semin\u00e1rio, at\u00e9 porque foi ao evento obrigado por uma convoca\u00e7\u00e3o.<\/p>\n<p>A quest\u00e3o mais grave \u00e9 a institucional. Cabe \u00e0 c\u00fapula do Judici\u00e1rio evitar que o \u00a0cidad\u00e3o que litiga contra os bancos tenha a sensa\u00e7\u00e3o de que o Judici\u00e1rio, institucionalmente, tem um lado.<\/p>\n<p><strong>Viomundo \u2013 <\/strong><strong>A Justi\u00e7a \u00e9 para servir aos bancos? <\/strong><\/p>\n<p><strong>Andr\u00e9 Augusto Bezerra \u2013<\/strong> \u00d3bvio que n\u00e3o. A Justi\u00e7a tem que servir \u00e0 sociedade, que a sustenta.<\/p>\n<p>Portanto, se quer promover di\u00e1logos com magistrados, que chame todos os setores da sociedade civil \u2013 e n\u00e3o apenas representantes do sistema econ\u00f4mico.<\/p>\n<p>Por exemplo: temos um s\u00e9rio problema de moradia em S\u00e3o Paulo.<\/p>\n<p>Em raz\u00e3o da especula\u00e7\u00e3o imobili\u00e1ria, fam\u00edlias pobres s\u00e3o praticamente expulsas das regi\u00f5es\u00a0centrais\u00a0para\u00a0regi\u00f5es perif\u00e9ricas, carentes de servi\u00e7os p\u00fablicos b\u00e1sicos e distantes de seu trabalho.<\/p>\n<p>Por que, ent\u00e3o, n\u00e3o promover di\u00e1logo com quem sente na pele esse problema? Por que, por exemplo, n\u00e3o chamar um dirigente do Movimento dos Sem Teto para conversar com os ju\u00edzes?<\/p>\n<p>Afinal, quem conversa com banqueiro tamb\u00e9m pode conversar com um sem teto. Haver\u00e1 aqueles \u2013 \u00e9 bem verdade \u2013 que dir\u00e3o que os Sem-Teto, ao promoverem ocupa\u00e7\u00f5es, violam a lei.<\/p>\n<p>Mas, quem disse que os bancos n\u00e3o violam a lei? Milhares \u2013 ou milh\u00f5es \u2013 de consumidores litigam na Justi\u00e7a, alegando justamente que as institui\u00e7\u00f5es financeiras violam as leis. Da mesma forma, a Fazenda do Munic\u00edpio de S\u00e3o Paulo possui milhares de cobran\u00e7as contra os bancos, alegando viola\u00e7\u00e3o \u00e0s normas tribut\u00e1rias.<\/p>\n<p>Se o Tribunal de Justi\u00e7a de S\u00e3o Paulo quer mostrar que n\u00e3o quer servir aos bancos, tem que aprender a dialogar com todos.\u00a0Fica aqui essa sugest\u00e3o.<\/p>\n<p><strong>Viomundo \u2013 O senhor foi um dos convocados. O que acha de os magistrados serem levados \u201cna marra\u201d ao semin\u00e1rio? <\/strong><\/p>\n<p><strong>Andr\u00e9 Augusto Bezerra \u2013 <\/strong>O problema \u00e9 o que me referi \u00a0acima. O cidad\u00e3o que tem um processo contra um banco pode ter a impress\u00e3o de que o Judici\u00e1rio, institucionalmente, tem um lado, que n\u00e3o \u00e9 o seu. Afinal, os ju\u00edzes que podem julgar sua causa chegaram ao ponto de terem sido obrigados a ouvir a vers\u00e3o \u00fanica da c\u00fapula do sistema financeiro do pa\u00eds.<\/p>\n<p>N\u00e3o estou aqui dizendo que o \u00a0Tribunal de Justi\u00e7a \u00a0tenha cometido alguma irregularidade formal. O problema \u00e9 a aus\u00eancia de pluralismo, vis\u00edvel aos olhos do cidad\u00e3o que litiga contra um representante do poder econ\u00f4mico. \u00a0Se a Justi\u00e7a quer dialogar, que dialogue com todos, inclusive os movimentos populares.<\/p>\n<\/div>\n<\/div>\n<p><a href=\"http:\/\/www.viomundo.com.br\/denuncias\/banqueiros-dao-palestras-a-juizes-que-julgam-acoes-contra-bancos-tribunal-de-justica-de-sp-nega-conflitos-de-interesse.html\">http:\/\/www.viomundo.com.br\/denuncias\/banqueiros-dao-palestras-a-juizes-que-julgam-acoes-contra-bancos-tribunal-de-justica-de-sp-nega-conflitos-de-interesse.html<\/a><\/p>\n","protected":false},"excerpt":{"rendered":"<p>Den\u00fancias publicado em 25 de fevereiro de 2014 \u00e0s 11:10 Representantes dos principais bancos brasileiros palestraram para ju\u00edzes paulistas; 55 foram convocados por\u00a0Concei\u00e7\u00e3o Lemes A jornalista L\u00facia Rodrigues foi quem primeiro nos chamou a aten\u00e7\u00e3o\u00a0para o semin\u00e1rio\u00a0O Poder Judici\u00e1rio e o sistema financeiro. Depois, tr\u00eas ju\u00edzes alertaram que o evento, promovido pela Escola Paulista de [&hellip;]<\/p>\n","protected":false},"author":13,"featured_media":0,"comment_status":"open","ping_status":"closed","sticky":false,"template":"","format":"standard","meta":{"inline_featured_image":false,"footnotes":""},"categories":[1],"tags":[],"anos":[],"projetos":[],"autorias":[],"eixos_tematicos":[],"locais":[],"pessoas":[],"estado":[],"academia":[],"sociedade_civil":[],"class_list":["post-7948","post","type-post","status-publish","format-standard","hentry","category-noticias"],"_links":{"self":[{"href":"https:\/\/staging.forumjustica.com.br\/en\/wp-json\/wp\/v2\/posts\/7948","targetHints":{"allow":["GET"]}}],"collection":[{"href":"https:\/\/staging.forumjustica.com.br\/en\/wp-json\/wp\/v2\/posts"}],"about":[{"href":"https:\/\/staging.forumjustica.com.br\/en\/wp-json\/wp\/v2\/types\/post"}],"author":[{"embeddable":true,"href":"https:\/\/staging.forumjustica.com.br\/en\/wp-json\/wp\/v2\/users\/13"}],"replies":[{"embeddable":true,"href":"https:\/\/staging.forumjustica.com.br\/en\/wp-json\/wp\/v2\/comments?post=7948"}],"version-history":[{"count":1,"href":"https:\/\/staging.forumjustica.com.br\/en\/wp-json\/wp\/v2\/posts\/7948\/revisions"}],"predecessor-version":[{"id":17377,"href":"https:\/\/staging.forumjustica.com.br\/en\/wp-json\/wp\/v2\/posts\/7948\/revisions\/17377"}],"wp:attachment":[{"href":"https:\/\/staging.forumjustica.com.br\/en\/wp-json\/wp\/v2\/media?parent=7948"}],"wp:term":[{"taxonomy":"category","embeddable":true,"href":"https:\/\/staging.forumjustica.com.br\/en\/wp-json\/wp\/v2\/categories?post=7948"},{"taxonomy":"post_tag","embeddable":true,"href":"https:\/\/staging.forumjustica.com.br\/en\/wp-json\/wp\/v2\/tags?post=7948"},{"taxonomy":"anos","embeddable":true,"href":"https:\/\/staging.forumjustica.com.br\/en\/wp-json\/wp\/v2\/anos?post=7948"},{"taxonomy":"projetos","embeddable":true,"href":"https:\/\/staging.forumjustica.com.br\/en\/wp-json\/wp\/v2\/projetos?post=7948"},{"taxonomy":"autorias","embeddable":true,"href":"https:\/\/staging.forumjustica.com.br\/en\/wp-json\/wp\/v2\/autorias?post=7948"},{"taxonomy":"eixos_tematicos","embeddable":true,"href":"https:\/\/staging.forumjustica.com.br\/en\/wp-json\/wp\/v2\/eixos_tematicos?post=7948"},{"taxonomy":"locais","embeddable":true,"href":"https:\/\/staging.forumjustica.com.br\/en\/wp-json\/wp\/v2\/locais?post=7948"},{"taxonomy":"pessoas","embeddable":true,"href":"https:\/\/staging.forumjustica.com.br\/en\/wp-json\/wp\/v2\/pessoas?post=7948"},{"taxonomy":"estado","embeddable":true,"href":"https:\/\/staging.forumjustica.com.br\/en\/wp-json\/wp\/v2\/estado?post=7948"},{"taxonomy":"academia","embeddable":true,"href":"https:\/\/staging.forumjustica.com.br\/en\/wp-json\/wp\/v2\/academia?post=7948"},{"taxonomy":"sociedade_civil","embeddable":true,"href":"https:\/\/staging.forumjustica.com.br\/en\/wp-json\/wp\/v2\/sociedade_civil?post=7948"}],"curies":[{"name":"wp","href":"https:\/\/api.w.org\/{rel}","templated":true}]}}