{"id":7939,"date":"2014-03-12T09:00:04","date_gmt":"2014-03-12T11:00:04","guid":{"rendered":"https:\/\/forumjustica.vlannetwork.com\/?p=7939"},"modified":"2022-09-04T21:15:50","modified_gmt":"2022-09-05T00:15:50","slug":"sociedade-civil-brasileira-realiza-dialogo-com-paulo-vannuchi-novo-comissionado-da-cidh","status":"publish","type":"post","link":"https:\/\/staging.forumjustica.com.br\/en\/sociedade-civil-brasileira-realiza-dialogo-com-paulo-vannuchi-novo-comissionado-da-cidh\/","title":{"rendered":"Sociedade civil brasileira realiza di\u00e1logo com Paulo Vannuchi, novo comissionado da CIDH"},"content":{"rendered":"<p><\/p>\n<table border=\"0\" cellspacing=\"1\" cellpadding=\"1\" width=\"600\">\n<tbody>\n<tr>\n<td><\/td>\n<\/tr>\n<tr>\n<td><a href=\"https:\/\/staging.forumjustica.com.br\/wp-content\/uploads\/2014\/03\/unnamed.jpg\"><img loading=\"lazy\" decoding=\"async\" class=\"aligncenter size-large wp-image-7940\" title=\"unnamed\" src=\"https:\/\/staging.forumjustica.com.br\/wp-content\/uploads\/2014\/03\/unnamed-1024x228-1.jpg\" alt=\"\" width=\"717\" height=\"160\" \/><\/a><a rel=\"nofollow noopener\" href=\"https:\/\/sys.jaiminho.com.br\/link.php?URL=aHR0cHM6Ly9zeXMuamFpbWluaG8uY29tLmJyL2xpbmsucGhwP1VSTD1hSFIwY0RvdkwzZDNkeTVtWVdObFltOXZheTVqYjIwdlpHaGxjMk5oWW5KaGMybHMmTmFtZT0mRW5jcnlwdGVkTWVtYmVySUQ9TVRreU56ZzBORGc1TURRJTNEJkNhbXBhaWduSUQ9NDA5NiZDYW1wYWlnblN0YXRpc3RpY3NJRD0zMTAxJkRlbW89MCZFbWFpbD1ZVzFoY21saFlYVnlaVzVwYzJsaFFIbHRZV2xzTG1OdmJRPT0=&#038;Name=&#038;EncryptedMemberID=MTkyMjc3MzUzODQ%3D&#038;CampaignID=4485&#038;CampaignStatisticsID=3344&#038;Demo=0&#038;Email=YWJyaXR0b0BpZy5jb20uYnI=\" target=\"_blank\"><\/a><a rel=\"nofollow noopener\" href=\"https:\/\/sys.jaiminho.com.br\/link.php?URL=aHR0cHM6Ly9zeXMuamFpbWluaG8uY29tLmJyL2xpbmsucGhwP1VSTD1hSFIwY0RvdkwzZDNkeTUwZDJsMGRHVnlMbU52YlM5a2FHVnpZMkZpY21GemFXdz0mTmFtZT0mRW5jcnlwdGVkTWVtYmVySUQ9TVRreU56ZzBORGc1TURRJTNEJkNhbXBhaWduSUQ9NDA5NiZDYW1wYWlnblN0YXRpc3RpY3NJRD0zMTAxJkRlbW89MCZFbWFpbD1ZVzFoY21saFlYVnlaVzVwYzJsaFFIbHRZV2xzTG1OdmJRPT0=&#038;Name=&#038;EncryptedMemberID=MTkyMjc3MzUzODQ%3D&#038;CampaignID=4485&#038;CampaignStatisticsID=3344&#038;Demo=0&#038;Email=YWJyaXR0b0BpZy5jb20uYnI=\" target=\"_blank\"><\/a><a rel=\"nofollow noopener\" href=\"https:\/\/sys.jaiminho.com.br\/link.php?URL=aHR0cHM6Ly9zeXMuamFpbWluaG8uY29tLmJyL2xpbmsucGhwP1VSTD1hSFIwY0RvdkwzZDNkeTVrYUdWelkySnlZWE5wYkM1dmNtY3VZbkk9Jk5hbWU9JkVuY3J5cHRlZE1lbWJlcklEPU1Ua3lOemcwTkRnNU1EUSUzRCZDYW1wYWlnbklEPTQwOTYmQ2FtcGFpZ25TdGF0aXN0aWNzSUQ9MzEwMSZEZW1vPTAmRW1haWw9WVcxaGNtbGhZWFZ5Wlc1cGMybGhRSGx0WVdsc0xtTnZiUT09&#038;Name=&#038;EncryptedMemberID=MTkyMjc3MzUzODQ%3D&#038;CampaignID=4485&#038;CampaignStatisticsID=3344&#038;Demo=0&#038;Email=YWJyaXR0b0BpZy5jb20uYnI=\" target=\"_blank\"><\/a><\/td>\n<\/tr>\n<tr>\n<td>\u00a0<\/p>\n<p>\u00a0<br \/>\n<em>Vannuchi apresentou quais ser\u00e3o suas prioridades de atua\u00e7\u00e3o como novo membro da Comiss\u00e3o Interamericana de Direitos Humanos.<\/em><\/p>\n<p>Nesta quinta-feira (27), representantes de organiza\u00e7\u00f5es da sociedade civil se reuniram para um di\u00e1logo com o ex-ministro da Secretaria de Direitos Humanos Paulo Vannuchi, atual representante da Comiss\u00e3o Interamericana de Direitos Humanos (CIDH).<\/p>\n<p>A CIDH, em conjunto com a Corte Interamericana de Direitos Humanos, integra o Sistema Interamericano de Prote\u00e7\u00e3o dos Direitos Humanos. A Comiss\u00e3o \u00e9 composta por sete\u00a0comissionados eleitos por m\u00e9rito e t\u00edtulos pessoais, que n\u00e3o representam nenhum governo, embora representem os pa\u00edses membros da Organiza\u00e7\u00e3o dos Estados Americanos (OEA).<\/p>\n<p>Paulo Vannuchi tomou posse em janeiro deste ano para um mandato de quatro anos e ir\u00e1 coordenar a<em><a href=\"https:\/\/sys.jaiminho.com.br\/link.php?URL=aHR0cDovL3d3dy5vYXMub3JnL2VzL2NpZGgvZGVzYy8=&#038;Name=&#038;EncryptedMemberID=MTkyMjc3MzUzODQ%3D&#038;CampaignID=4485&#038;CampaignStatisticsID=3344&#038;Demo=0&#038;Email=YWJyaXR0b0BpZy5jb20uYnI=\" target=\"_blank\" rel=\"noopener\">Unidade de Direitos Econ\u00f4micos, Sociais e Culturais (Unidade DESC)<\/a><\/em>, com as tarefas de auxiliar na an\u00e1lise e avalia\u00e7\u00e3o do gozo desses direitos nas Am\u00e9ricas, aconselhar a Comiss\u00e3o no processamento de peti\u00e7\u00f5es, casos e solicita\u00e7\u00f5es de medidas cautelares e provis\u00f3rias no assunto, fazer visitas aos Estados e elaborar estudos e relat\u00f3rios. Al\u00e9m disso, o novo comissionado quer ampliar o debate sobre as estrat\u00e9gias de atua\u00e7\u00e3o da Unidade, inclusive no Brasil, e trabalhar pela constitui\u00e7\u00e3o de uma Relatoria em DESC.<em> <\/em><\/p>\n<p>Entre os temas abordados durante a reuni\u00e3o estiveram o fortalecimento do Sistema Interamericano de prote\u00e7\u00e3o dos direitos humanos,\u00a0a amplia\u00e7\u00e3o da participa\u00e7\u00e3o da sociedade civil nas discuss\u00f5es, os procedimentos para admissibilidade dos casos e encaminhamento \u00e0 Corte Interamericana e maior celeridade nos julgamentos.<\/p>\n<p>Vannuchi tamb\u00e9m apontou que algumas iniciativas da CIDH esbarram no financiamento, j\u00e1 que h\u00e1 uma fragilidade or\u00e7ament\u00e1ria do Sistema. Para ele, h\u00e1 uma grande necessidade de refor\u00e7ar a autonomia da Comiss\u00e3o, o que tamb\u00e9m depende do or\u00e7amento.<\/p>\n<p>O tema das manifesta\u00e7\u00f5es populares, que ocorrem no Brasil desde junho de 2013, e da crescente criminaliza\u00e7\u00e3o das mobiliza\u00e7\u00f5es tamb\u00e9m foi discutido na reuni\u00e3o. Para Vannuchi, \u201cn\u00e3o se pode criminalizar os movimentos sociais e as mobiliza\u00e7\u00f5es de rua\u201d.<\/p>\n<p>Darci Frigo, coordenador da Plataforma de Direitos Humanos \u2013 Dhesca Brasil \u2013 e da Terra de Direitos, ressaltou a import\u00e2ncia estrat\u00e9gica da CIDH, na medida em que casos levados para a Comiss\u00e3o tiveram efeitos no Brasil, e considerou ser importante estabelecer um di\u00e1logo com as Relatorias em Direitos Humanos, uma iniciativa criada em 2002 pela Plataforma Dhesca que tem como objetivo contribuir para que o Brasil adote um padr\u00e3o de respeito aos direitos humanos.<\/p>\n<p>O di\u00e1logo foi promovido pelo Comit\u00ea Brasileiro de Direitos Humanos e Pol\u00edtica Externa (CBDHPE) e pela Procuradoria Federal dos Direitos do Cidad\u00e3o (PFDC). Entre as organiza\u00e7\u00f5es que participaram da reuni\u00e3o, realizada por videoconfer\u00eancia, estiveram a Plataforma de Direitos Humanos \u2013 Dhesca Brasil, Terra de Direitos, Geled\u00e9s, Justi\u00e7a Global, Conectas Direitos Humanos, Sociedade Maranhense de Direitos Humanos (SMDH), Associa\u00e7\u00e3o Brasileira de L\u00e9sbicas, Gays, Bissexuais, Travestis e Transexuais (ABGLT), Anistia Internacional, Artigo 19, Associa\u00e7\u00e3o dos Ju\u00edzes pela Democracia, Associa\u00e7\u00e3o Interamericana para a Defesa do ambiente, Cladem Brasil, Cejil, Cl\u00ednica de Direitos Humanos da UFPA, Funda\u00e7\u00e3o Friedrich Ebert e Instituto Terra Trabalho e Cidadania.<\/td>\n<\/tr>\n<tr>\n<td><strong><\/p>\n<hr \/>\n<p>Expediente<\/strong><strong><br \/>\n<\/strong><strong><br \/>\n<\/strong><strong>Secretaria Executiva<\/strong><strong><br \/>\n<\/strong>Liliam Litsuko Huzioka &#8211; Secret\u00e1ria Executiva:\u00a0<a href=\"mailto:secretaria@dhescbrasil.org.br\" target=\"_blank\" rel=\"noopener\">secretaria@dhescbrasil.org.br<br \/>\n<\/a>Anderson Moreira &#8211; Assessor de Comunica\u00e7\u00e3o:\u00a0<a href=\"mailto:comunicacao@dhescbrasil.org.br\" target=\"_blank\" rel=\"noopener\">comunicacao@dhescbrasil.org.br<\/a><\/p>\n<p>R. Des. Ermelino de Le\u00e3o, 15, 7\u00ba andar, conj. 72, Centro &#8211; CEP 80.410-230 &#8211; Curitiba &#8211; PR<br \/>\n<a href=\"tel:%2B55%2041%203232-4660\" target=\"_blank\" rel=\"noopener\">+55 41 3232-4660<\/a><\/td>\n<\/tr>\n<\/tbody>\n<\/table>\n<p>\u00a0<\/p>","protected":false},"excerpt":{"rendered":"<p>\u00a0 \u00a0 Vannuchi apresentou quais ser\u00e3o suas prioridades de atua\u00e7\u00e3o como novo membro da Comiss\u00e3o Interamericana de Direitos Humanos. Nesta quinta-feira (27), representantes de organiza\u00e7\u00f5es da sociedade civil se reuniram para um di\u00e1logo com o ex-ministro da Secretaria de Direitos Humanos Paulo Vannuchi, atual representante da Comiss\u00e3o Interamericana de Direitos Humanos (CIDH). A CIDH, em [&hellip;]<\/p>\n","protected":false},"author":13,"featured_media":0,"comment_status":"open","ping_status":"closed","sticky":false,"template":"","format":"standard","meta":{"inline_featured_image":false,"footnotes":""},"categories":[1],"tags":[],"anos":[],"projetos":[],"autorias":[],"eixos_tematicos":[],"locais":[],"pessoas":[],"estado":[],"academia":[],"sociedade_civil":[],"class_list":["post-7939","post","type-post","status-publish","format-standard","hentry","category-noticias"],"_links":{"self":[{"href":"https:\/\/staging.forumjustica.com.br\/en\/wp-json\/wp\/v2\/posts\/7939","targetHints":{"allow":["GET"]}}],"collection":[{"href":"https:\/\/staging.forumjustica.com.br\/en\/wp-json\/wp\/v2\/posts"}],"about":[{"href":"https:\/\/staging.forumjustica.com.br\/en\/wp-json\/wp\/v2\/types\/post"}],"author":[{"embeddable":true,"href":"https:\/\/staging.forumjustica.com.br\/en\/wp-json\/wp\/v2\/users\/13"}],"replies":[{"embeddable":true,"href":"https:\/\/staging.forumjustica.com.br\/en\/wp-json\/wp\/v2\/comments?post=7939"}],"version-history":[{"count":1,"href":"https:\/\/staging.forumjustica.com.br\/en\/wp-json\/wp\/v2\/posts\/7939\/revisions"}],"predecessor-version":[{"id":17369,"href":"https:\/\/staging.forumjustica.com.br\/en\/wp-json\/wp\/v2\/posts\/7939\/revisions\/17369"}],"wp:attachment":[{"href":"https:\/\/staging.forumjustica.com.br\/en\/wp-json\/wp\/v2\/media?parent=7939"}],"wp:term":[{"taxonomy":"category","embeddable":true,"href":"https:\/\/staging.forumjustica.com.br\/en\/wp-json\/wp\/v2\/categories?post=7939"},{"taxonomy":"post_tag","embeddable":true,"href":"https:\/\/staging.forumjustica.com.br\/en\/wp-json\/wp\/v2\/tags?post=7939"},{"taxonomy":"anos","embeddable":true,"href":"https:\/\/staging.forumjustica.com.br\/en\/wp-json\/wp\/v2\/anos?post=7939"},{"taxonomy":"projetos","embeddable":true,"href":"https:\/\/staging.forumjustica.com.br\/en\/wp-json\/wp\/v2\/projetos?post=7939"},{"taxonomy":"autorias","embeddable":true,"href":"https:\/\/staging.forumjustica.com.br\/en\/wp-json\/wp\/v2\/autorias?post=7939"},{"taxonomy":"eixos_tematicos","embeddable":true,"href":"https:\/\/staging.forumjustica.com.br\/en\/wp-json\/wp\/v2\/eixos_tematicos?post=7939"},{"taxonomy":"locais","embeddable":true,"href":"https:\/\/staging.forumjustica.com.br\/en\/wp-json\/wp\/v2\/locais?post=7939"},{"taxonomy":"pessoas","embeddable":true,"href":"https:\/\/staging.forumjustica.com.br\/en\/wp-json\/wp\/v2\/pessoas?post=7939"},{"taxonomy":"estado","embeddable":true,"href":"https:\/\/staging.forumjustica.com.br\/en\/wp-json\/wp\/v2\/estado?post=7939"},{"taxonomy":"academia","embeddable":true,"href":"https:\/\/staging.forumjustica.com.br\/en\/wp-json\/wp\/v2\/academia?post=7939"},{"taxonomy":"sociedade_civil","embeddable":true,"href":"https:\/\/staging.forumjustica.com.br\/en\/wp-json\/wp\/v2\/sociedade_civil?post=7939"}],"curies":[{"name":"wp","href":"https:\/\/api.w.org\/{rel}","templated":true}]}}