{"id":7899,"date":"2014-02-13T09:12:14","date_gmt":"2014-02-13T11:12:14","guid":{"rendered":"https:\/\/forumjustica.vlannetwork.com\/?p=7899"},"modified":"2022-09-04T21:15:51","modified_gmt":"2022-09-05T00:15:51","slug":"nota-da-renap-sobre-as-manifestacoes-e-o-livre-exercicio-da-advocacia","status":"publish","type":"post","link":"https:\/\/staging.forumjustica.com.br\/en\/nota-da-renap-sobre-as-manifestacoes-e-o-livre-exercicio-da-advocacia\/","title":{"rendered":"NOTA DA RENAP SOBRE AS MANIFESTA\u00c7\u00d5ES E O LIVRE EXERC\u00cdCIO DA ADVOCACIA"},"content":{"rendered":"<p><a href=\"https:\/\/staging.forumjustica.com.br\/wp-content\/uploads\/2014\/02\/images.jpeg\"><img loading=\"lazy\" decoding=\"async\" class=\"aligncenter size-full wp-image-7900\" title=\"images\" src=\"https:\/\/staging.forumjustica.com.br\/wp-content\/uploads\/2014\/02\/images.jpeg\" alt=\"\" width=\"176\" height=\"80\" \/><\/a><\/p>\n<p>A Rede Nacional de Advogados e Advogadas Populares- RENAP \u00e9 uma articula\u00e7\u00e3o em prol dos movimentos sociais, suas causas coletivas, por garantia de direitos humanos fundamentais. Desta forma que se p\u00f5e ao lado do povo que toma \u00e0s ruas, desde as manifesta\u00e7\u00f5es do ano passado.<\/p>\n<p>Todavia,\u00a0a Rede n\u00e3o \u00e9\u00a0a favor da viol\u00eancia, \u00e0s vezes\u00a0vista nas ruas. Mas compreende\u00a0que a repress\u00e3o de\u00a0Estado e a falta de di\u00e1logo \u00e9 que provocam situa\u00e7\u00f5es extremas, n\u00e3o condizentes com Estado Democr\u00e1tico de Direito. A resist\u00eancia popular \u00e9 instrumento leg\u00edtimo, inclusive, encontrando albergue no ordenamento jur\u00eddico,\u00a0seja no C\u00f3digo Civil (art. 188), seja no C\u00f3digo Penal (art. 23, I e II). Mas por condenar\u00a0a viol\u00eancia e por\u00a0se mover\u00a0por esp\u00edrito\u00a0de fraternidade, que a RENAP lamenta\u00a0a morte do\u00a0cinegrafista Santiago Andrade e se solidariza\u00a0a sua fam\u00edlia. Neste sentido\u00a0que a Rede\u00a0soma a sua voz \u00e0 Nota de pesar do Sindicato\u00a0dos Jornalistas Profissionais do Munic\u00edpio do Rio de Janeiro,exigindo das empresas de comunica\u00e7\u00e3o equipamentos de prote\u00e7\u00e3o aos seus profissionais, que realizam coberturas de situa\u00e7\u00f5es como estas.<\/p>\n<p>Entende e defende\u00a0que as institui\u00e7\u00f5es democr\u00e1ticas fa\u00e7am a apura\u00e7\u00e3o do fato e realizem a devida responsabiliza\u00e7\u00e3o, dentro dos\u00a0marcos atuais do ordenamento jur\u00eddico. S\u00f3 que, da mesma forma, defende que o exerc\u00edcio da advocacia, como a mais alta express\u00e3o da garantia constitucional do<a name=\"1442554cd6b38c8c__GoBack\"><\/a>contradit\u00f3rio e da ampla defesa, posto na Constitui\u00e7\u00e3o Federal\u00a0(art. 5\u00ba, LV e 133), n\u00e3o pode ser desrespeitado.\u00a0Sendo assim, repudiaqualquer\u00a0declara\u00e7\u00e3o\u00a0e a\u00e7\u00e3o que queiramcriminalizar a atua\u00e7\u00e3o de advogados quedefendam manifestantes. Como bem afirmou o Presidente da Ordem dos Advogados do Brasil, Dr. Marcus Vinicius\u00a0Co\u00ealho, em seu discurso de posse, n\u00e3o se pode criminalizar a pol\u00edtica. A\u00a0Renap\u00a0ainda\u00a0prossegue,\u00a0nem a pol\u00edtica feita junto \u00e0s institui\u00e7\u00f5es, nem a feita nos campos e nas ruas. Muito menos, assim,deve se limitar a atua\u00e7\u00e3o da advocacia. O advogado \u00e9 indispens\u00e1vel \u00e0 administra\u00e7\u00e3o da justi\u00e7a (art. 2\u00ba, da Lei n\u00ba\u00a08.906\/94), e possui o direito de\u00a0exercer, com liberdade, a profiss\u00e3o em todo o territ\u00f3rio nacional\u00a0(art. 7\u00ba, I, da Lei n\u00ba 8.906\/94).<\/p>\n<p>Vive-se um momento da hist\u00f3ria do pa\u00eds\u00a0emque se deve, cada vez mais,\u00a0aumentar os canais de di\u00e1logo e n\u00e3o retroceder a\u00a0marcos repressivos. A como\u00e7\u00e3o do momento n\u00e3o deve servir para deslegitimar as manifesta\u00e7\u00f5es, que reivindicam um pa\u00eds mais justo e solid\u00e1rio (art. 3\u00ba, I, da CF), muito menos para aprovar Leis draconianas, como a prevista pelo\u00a0projeto de lei n \u00ba 728\/2011, que quer tratar como terrorismo manifesta\u00e7\u00f5es e movimentos sociais. Quanto a este assunto a RENAP\u00a0se coloca ao lado das mais de sessenta entidades, movimentos e organiza\u00e7\u00f5es que assinaram o MANIFESTO DE REP\u00daDIO \u00c0S PROPOSTAS DE TIPIFICA\u00c7\u00c3O DO CRIME DE TERRORISMO &#8211; (CONTRA O &#8220;AI-5&#8221; DA DEMOCRACIA!) (<a href=\"http:\/\/www.brasildefato.com.br\/node\/25944\" target=\"_blank\" rel=\"noopener\">http:\/\/www.brasildefato.com.br\/node\/25944<\/a>).\u00a0A Rede entende que o Plebiscito exclusivo para a Reforma Pol\u00edtico\u00a0\u00e9 um dos caminhos, pois \u00e9 patente a crise de representatividade e legitimidade de muitas institui\u00e7\u00f5es.<\/p>\n<p>Direitos n\u00e3o s\u00e3o concess\u00f5es. Muitos lutaram e ainda lutam por eles. As manifesta\u00e7\u00f5es n\u00e3o podem ser criminalizadas, nem quem as apoia. A viol\u00eancia n\u00e3o \u00e9 querida, tanto quanto as desigualdades e injusti\u00e7as sociais\u00a0que ainda s\u00e3o realidade no Brasil.<\/p>\n<p>\u00a0<\/p>\n<p>\u00a0<\/p>","protected":false},"excerpt":{"rendered":"<p>A Rede Nacional de Advogados e Advogadas Populares- RENAP \u00e9 uma articula\u00e7\u00e3o em prol dos movimentos sociais, suas causas coletivas, por garantia de direitos humanos fundamentais. Desta forma que se p\u00f5e ao lado do povo que toma \u00e0s ruas, desde as manifesta\u00e7\u00f5es do ano passado. Todavia,\u00a0a Rede n\u00e3o \u00e9\u00a0a favor da viol\u00eancia, \u00e0s vezes\u00a0vista nas [&hellip;]<\/p>\n","protected":false},"author":13,"featured_media":0,"comment_status":"open","ping_status":"closed","sticky":false,"template":"","format":"standard","meta":{"inline_featured_image":false,"footnotes":""},"categories":[1],"tags":[],"anos":[],"projetos":[],"autorias":[],"eixos_tematicos":[],"locais":[],"pessoas":[],"estado":[],"academia":[],"sociedade_civil":[],"class_list":["post-7899","post","type-post","status-publish","format-standard","hentry","category-noticias"],"_links":{"self":[{"href":"https:\/\/staging.forumjustica.com.br\/en\/wp-json\/wp\/v2\/posts\/7899","targetHints":{"allow":["GET"]}}],"collection":[{"href":"https:\/\/staging.forumjustica.com.br\/en\/wp-json\/wp\/v2\/posts"}],"about":[{"href":"https:\/\/staging.forumjustica.com.br\/en\/wp-json\/wp\/v2\/types\/post"}],"author":[{"embeddable":true,"href":"https:\/\/staging.forumjustica.com.br\/en\/wp-json\/wp\/v2\/users\/13"}],"replies":[{"embeddable":true,"href":"https:\/\/staging.forumjustica.com.br\/en\/wp-json\/wp\/v2\/comments?post=7899"}],"version-history":[{"count":1,"href":"https:\/\/staging.forumjustica.com.br\/en\/wp-json\/wp\/v2\/posts\/7899\/revisions"}],"predecessor-version":[{"id":17385,"href":"https:\/\/staging.forumjustica.com.br\/en\/wp-json\/wp\/v2\/posts\/7899\/revisions\/17385"}],"wp:attachment":[{"href":"https:\/\/staging.forumjustica.com.br\/en\/wp-json\/wp\/v2\/media?parent=7899"}],"wp:term":[{"taxonomy":"category","embeddable":true,"href":"https:\/\/staging.forumjustica.com.br\/en\/wp-json\/wp\/v2\/categories?post=7899"},{"taxonomy":"post_tag","embeddable":true,"href":"https:\/\/staging.forumjustica.com.br\/en\/wp-json\/wp\/v2\/tags?post=7899"},{"taxonomy":"anos","embeddable":true,"href":"https:\/\/staging.forumjustica.com.br\/en\/wp-json\/wp\/v2\/anos?post=7899"},{"taxonomy":"projetos","embeddable":true,"href":"https:\/\/staging.forumjustica.com.br\/en\/wp-json\/wp\/v2\/projetos?post=7899"},{"taxonomy":"autorias","embeddable":true,"href":"https:\/\/staging.forumjustica.com.br\/en\/wp-json\/wp\/v2\/autorias?post=7899"},{"taxonomy":"eixos_tematicos","embeddable":true,"href":"https:\/\/staging.forumjustica.com.br\/en\/wp-json\/wp\/v2\/eixos_tematicos?post=7899"},{"taxonomy":"locais","embeddable":true,"href":"https:\/\/staging.forumjustica.com.br\/en\/wp-json\/wp\/v2\/locais?post=7899"},{"taxonomy":"pessoas","embeddable":true,"href":"https:\/\/staging.forumjustica.com.br\/en\/wp-json\/wp\/v2\/pessoas?post=7899"},{"taxonomy":"estado","embeddable":true,"href":"https:\/\/staging.forumjustica.com.br\/en\/wp-json\/wp\/v2\/estado?post=7899"},{"taxonomy":"academia","embeddable":true,"href":"https:\/\/staging.forumjustica.com.br\/en\/wp-json\/wp\/v2\/academia?post=7899"},{"taxonomy":"sociedade_civil","embeddable":true,"href":"https:\/\/staging.forumjustica.com.br\/en\/wp-json\/wp\/v2\/sociedade_civil?post=7899"}],"curies":[{"name":"wp","href":"https:\/\/api.w.org\/{rel}","templated":true}]}}