{"id":7887,"date":"2014-02-07T13:10:16","date_gmt":"2014-02-07T15:10:16","guid":{"rendered":"https:\/\/forumjustica.vlannetwork.com\/?p=7887"},"modified":"2022-09-04T21:15:51","modified_gmt":"2022-09-05T00:15:51","slug":"consulta-publica-do-plano-estadual-de-promocao-da-liberdade-religiosa-e-direitos-humanos","status":"publish","type":"post","link":"https:\/\/staging.forumjustica.com.br\/en\/consulta-publica-do-plano-estadual-de-promocao-da-liberdade-religiosa-e-direitos-humanos\/","title":{"rendered":"CONSULTA P\u00daBLICA do PLANO ESTADUAL DE PROMO\u00c7\u00c3O DA LIBERDADE RELIGIOSA E DIREITOS HUMANOS"},"content":{"rendered":"<p><strong>No dia 29 de janeiro de 2014, abriu-se o processo de CONSULTA P\u00daBLICA do PLANO ESTADUAL DE PROMO\u00c7\u00c3O DA LIBERDADE RELIGIOSA E DIREITOS HUMANOS do ESTADO DO Rio de Janeiro.<\/p>\n<p>Todos os cidad\u00e3os podem participar da consulta p\u00fablica at\u00e9 o dia 03 de mar\u00e7o.<br \/>\n<\/strong><br \/>\n A proposta do texto-base para o Plano Estadual de Promo\u00e7\u00e3o da Liberdade Religiosa e Direitos Humanos \u00e9 fruto da a\u00e7\u00e3o coordenada do Governo do Estado do Rio de Janeiro, por meio da Superintend\u00eancia de Direitos Individuais, Coletivos e Difusos da Secretaria de Estado de Assist\u00eancia Social e Direitos Humanos (SUPERDir\/SEASDH), em parceria com a sociedade civil organizada, em torno do GTIREL-RJ \u2013 Grupo de Trabalho de Enfrentamento a Intoler\u00e2ncia e a Discrimina\u00e7\u00e3o Religiosa para a Promo\u00e7\u00e3o dos Direitos Humanos. Esse grupo, por suas subcomiss\u00f5es tem\u00e1ticas, produziu o projeto de plano que ora est\u00e1 em consulta p\u00fablica ao longo de 08 sess\u00f5es ordin\u00e1rias ocorridas em 2013.<\/p>\n<p>O GTIREL \u00e9 formado por lideran\u00e7as religiosas de diversos credos, outras sociedades e grupos tradicionais, representantes do poder p\u00fablico estadual, lideran\u00e7as de direitos humanos e especialistas e acad\u00eamicos ligados ao tema, tendo como miss\u00e3o a de articular e propor pol\u00edticas p\u00fablicas na \u00e1rea.<\/p>\n<p>A constru\u00e7\u00e3o do <a href='https:\/\/staging.forumjustica.com.br\/wp-content\/uploads\/2014\/02\/documento-de-apresenta\u00e7\u00e3o-e-justificativa-texto-base-proposta-para-o-Plano-Estadual-de-Promo\u00e7\u00e3o-da-Liberdade-Religiosa-e-Direitos-Humanos-do-RJ-vers\u00e3o-janeiro-de-2014.pdf'>PLANO ESTADUAL DE PROMO\u00c7\u00c3O DA LIBERDADE RELIGIOSA E DIREITOS HUMANOS <\/a>do Rio de Janeiro \u00e9 mais um passo no enfrentamento a chaga da intoler\u00e2ncia religiosa em nosso Estado, e este processo s\u00f3 \u00e9 poss\u00edvel porque o PODER P\u00daBLICO e SOCIEDADE CIVIL vem caminhando juntos nessa agenda de pol\u00edtica de p\u00fablica.<\/p>\n<p><strong>O Forum Justi\u00e7a participa desta constru\u00e7\u00e3o por interm\u00e9dio do seu GT minorias, que tem, entre as suas pautas, a promo\u00e7\u00e3o da liberdade religiosa e os direitos humanos.<br \/>\n<\/strong><\/p>\n<p>A proposta do texto-base para a CONSULTA DO PLANO ESTADUAL DE PROMO\u00c7\u00c3O DA LIBERDADE RELIGIOSA E DIREITOS HUMANOS do Rio de Janeiro, est\u00e1 dispon\u00edvel no site <a href=\"http:\/\/www.rj.gov.br\/web\/seasdh\/exibeconteudo?article-id=1941416\">http:\/\/www.rj.gov.br\/web\/seasdh\/exibeconteudo?article-id=1941416<\/a>, onde todos poder\u00e3o encontrar as informa\u00e7\u00f5es necess\u00e1rias para o processo de participa\u00e7\u00e3o dos interessados nesta consulta, entre elas: (1) documento de apresenta\u00e7\u00e3o e justificativa; (2) documento com propostas dos 4 GTs tem\u00e1ticos e (3) Formul\u00e1rio de participa\u00e7\u00e3o na consulta.<\/p>\n<p>Ressaltamos a import\u00e2ncia de todas as pessoas interessadas na consulta que antes de elaborar a sua proposta, leiam atentamente os documentos referidos.<\/p>\n<p>Fonte: <a href=\" www.rj.gov.br\/web\/seasdh\"> www.rj.gov.br\/web\/seasdh<\/a><\/p>\n","protected":false},"excerpt":{"rendered":"<p>No dia 29 de janeiro de 2014, abriu-se o processo de CONSULTA P\u00daBLICA do PLANO ESTADUAL DE PROMO\u00c7\u00c3O DA LIBERDADE RELIGIOSA E DIREITOS HUMANOS do ESTADO DO Rio de Janeiro. Todos os cidad\u00e3os podem participar da consulta p\u00fablica at\u00e9 o dia 03 de mar\u00e7o. A proposta do texto-base para o Plano Estadual de Promo\u00e7\u00e3o da [&hellip;]<\/p>\n","protected":false},"author":13,"featured_media":0,"comment_status":"open","ping_status":"closed","sticky":false,"template":"","format":"standard","meta":{"inline_featured_image":false,"footnotes":""},"categories":[1],"tags":[],"anos":[],"projetos":[],"autorias":[],"eixos_tematicos":[],"locais":[],"pessoas":[],"estado":[],"academia":[],"sociedade_civil":[],"class_list":["post-7887","post","type-post","status-publish","format-standard","hentry","category-noticias"],"_links":{"self":[{"href":"https:\/\/staging.forumjustica.com.br\/en\/wp-json\/wp\/v2\/posts\/7887","targetHints":{"allow":["GET"]}}],"collection":[{"href":"https:\/\/staging.forumjustica.com.br\/en\/wp-json\/wp\/v2\/posts"}],"about":[{"href":"https:\/\/staging.forumjustica.com.br\/en\/wp-json\/wp\/v2\/types\/post"}],"author":[{"embeddable":true,"href":"https:\/\/staging.forumjustica.com.br\/en\/wp-json\/wp\/v2\/users\/13"}],"replies":[{"embeddable":true,"href":"https:\/\/staging.forumjustica.com.br\/en\/wp-json\/wp\/v2\/comments?post=7887"}],"version-history":[{"count":1,"href":"https:\/\/staging.forumjustica.com.br\/en\/wp-json\/wp\/v2\/posts\/7887\/revisions"}],"predecessor-version":[{"id":17387,"href":"https:\/\/staging.forumjustica.com.br\/en\/wp-json\/wp\/v2\/posts\/7887\/revisions\/17387"}],"wp:attachment":[{"href":"https:\/\/staging.forumjustica.com.br\/en\/wp-json\/wp\/v2\/media?parent=7887"}],"wp:term":[{"taxonomy":"category","embeddable":true,"href":"https:\/\/staging.forumjustica.com.br\/en\/wp-json\/wp\/v2\/categories?post=7887"},{"taxonomy":"post_tag","embeddable":true,"href":"https:\/\/staging.forumjustica.com.br\/en\/wp-json\/wp\/v2\/tags?post=7887"},{"taxonomy":"anos","embeddable":true,"href":"https:\/\/staging.forumjustica.com.br\/en\/wp-json\/wp\/v2\/anos?post=7887"},{"taxonomy":"projetos","embeddable":true,"href":"https:\/\/staging.forumjustica.com.br\/en\/wp-json\/wp\/v2\/projetos?post=7887"},{"taxonomy":"autorias","embeddable":true,"href":"https:\/\/staging.forumjustica.com.br\/en\/wp-json\/wp\/v2\/autorias?post=7887"},{"taxonomy":"eixos_tematicos","embeddable":true,"href":"https:\/\/staging.forumjustica.com.br\/en\/wp-json\/wp\/v2\/eixos_tematicos?post=7887"},{"taxonomy":"locais","embeddable":true,"href":"https:\/\/staging.forumjustica.com.br\/en\/wp-json\/wp\/v2\/locais?post=7887"},{"taxonomy":"pessoas","embeddable":true,"href":"https:\/\/staging.forumjustica.com.br\/en\/wp-json\/wp\/v2\/pessoas?post=7887"},{"taxonomy":"estado","embeddable":true,"href":"https:\/\/staging.forumjustica.com.br\/en\/wp-json\/wp\/v2\/estado?post=7887"},{"taxonomy":"academia","embeddable":true,"href":"https:\/\/staging.forumjustica.com.br\/en\/wp-json\/wp\/v2\/academia?post=7887"},{"taxonomy":"sociedade_civil","embeddable":true,"href":"https:\/\/staging.forumjustica.com.br\/en\/wp-json\/wp\/v2\/sociedade_civil?post=7887"}],"curies":[{"name":"wp","href":"https:\/\/api.w.org\/{rel}","templated":true}]}}