{"id":7860,"date":"2014-02-04T17:23:42","date_gmt":"2014-02-04T19:23:42","guid":{"rendered":"https:\/\/forumjustica.vlannetwork.com\/?p=7860"},"modified":"2022-09-04T21:15:51","modified_gmt":"2022-09-05T00:15:51","slug":"vi-congresso-nacional-do-mst-10-a-14-de-fevereiro-brasilia","status":"publish","type":"post","link":"https:\/\/staging.forumjustica.com.br\/en\/vi-congresso-nacional-do-mst-10-a-14-de-fevereiro-brasilia\/","title":{"rendered":"VI Congresso Nacional do MST, 10 a 14 de fevereiro, Bras\u00edlia"},"content":{"rendered":"<p>A Associa\u00e7\u00e3o dos Amigos da Escola Florestan Fernandes &#8211; entidade que ap\u00f3ia o esfor\u00e7o pedag\u00f3gico empreendido pela referida Escola para a forma\u00e7\u00e3o pol\u00edtica de integrantes dos movimentos sociais do Brasil e de outros pa\u00edses &#8211; assinala a oportunidade de se acompanhar um importante evento que faz parte da luta pela terra no Brasil, o VI Congresso Nacional do MST.<\/p>\n<p>O evento ocorrer\u00e1 em Bras\u00edlia de 10 a 14 de fevereiro de 2014 reunindo 15 mil delegados e mil crian\u00e7as Sem Terrinha, vindos das diversas \u00e1reas de assentamentos e acampamentos do Brasil, representando as mais de 350 mil fam\u00edlias assentadas e 90 mil fam\u00edlias acampadas.<\/p>\n<p>O Congresso faz parte de um longo processo de debates realizados nos \u00faltimos dois anos com toda base, setores, coletivos e inst\u00e2ncias do MST que resultou na constru\u00e7\u00e3o do Programa Agr\u00e1rio do MST, sintetizado na <a href='https:\/\/staging.forumjustica.com.br\/wp-content\/uploads\/2014\/02\/Cartilha-Programa-agr\u00e1rio-do-MST.pdf'>cartilha aqui dispon\u00edvel<\/a>. A ideia principal expressa \u00e9 de que precisamos de uma Reforma Agr\u00e1ria que atenda a toda a sociedade, baseada na produ\u00e7\u00e3o de alimentos sadios, sem agrot\u00f3xicos, calcada em uma matriz agroecol\u00f3gica de produ\u00e7\u00e3o que respeite a natureza.<\/p>\n<p>Os principais temas de discuss\u00e3o nos cinco dias de congresso s\u00e3o:<\/p>\n<p>\u00fc  Balan\u00e7o cr\u00edtico dos 30 anos do MST;<\/p>\n<p>\u00fc  A Reforma Agr\u00e1ria Popular;<\/p>\n<p>\u00fc  Os desafios da classe trabalhadora brasileira;<\/p>\n<p>\u00fc  Conjuntura internacional: imperialismo e nossas atua\u00e7\u00f5es;<\/p>\n<p>\u00fc  Desafios do MST: o papel pol\u00edtico dos assentamentos;<\/p>\n<p>\u00fc  T\u00e1ticas de luta pela reforma agr\u00e1ria no pr\u00f3ximo per\u00edodo.<\/p>\n<p>Desta forma o congresso ser\u00e1 um importante espa\u00e7o de reflex\u00e3o e debates sobre os atuais desafios da luta pela Reforma Agr\u00e1ria, ao mesmo tempo em que selar\u00e1 a unidade em torno do projeto de Reforma Agr\u00e1ria Popular e celebrar\u00e1 os 30 Anos do MST.<\/p>\n<p>Coordena\u00e7\u00e3o da Associa\u00e7\u00e3o dos Amigos da Escola Nacional Florestan Fernandes (AAENFF)<br \/>\nDire\u00e7\u00e3o Nacional do Movimento dos Trabalhadores Rurais Sem Terra (MST) <\/p>\n","protected":false},"excerpt":{"rendered":"<p>A Associa\u00e7\u00e3o dos Amigos da Escola Florestan Fernandes &#8211; entidade que ap\u00f3ia o esfor\u00e7o pedag\u00f3gico empreendido pela referida Escola para a forma\u00e7\u00e3o pol\u00edtica de integrantes dos movimentos sociais do Brasil e de outros pa\u00edses &#8211; assinala a oportunidade de se acompanhar um importante evento que faz parte da luta pela terra no Brasil, o VI [&hellip;]<\/p>\n","protected":false},"author":13,"featured_media":0,"comment_status":"open","ping_status":"closed","sticky":false,"template":"","format":"standard","meta":{"inline_featured_image":false,"footnotes":""},"categories":[1],"tags":[],"anos":[],"projetos":[],"autorias":[],"eixos_tematicos":[],"locais":[],"pessoas":[],"estado":[],"academia":[],"sociedade_civil":[],"class_list":["post-7860","post","type-post","status-publish","format-standard","hentry","category-noticias"],"_links":{"self":[{"href":"https:\/\/staging.forumjustica.com.br\/en\/wp-json\/wp\/v2\/posts\/7860","targetHints":{"allow":["GET"]}}],"collection":[{"href":"https:\/\/staging.forumjustica.com.br\/en\/wp-json\/wp\/v2\/posts"}],"about":[{"href":"https:\/\/staging.forumjustica.com.br\/en\/wp-json\/wp\/v2\/types\/post"}],"author":[{"embeddable":true,"href":"https:\/\/staging.forumjustica.com.br\/en\/wp-json\/wp\/v2\/users\/13"}],"replies":[{"embeddable":true,"href":"https:\/\/staging.forumjustica.com.br\/en\/wp-json\/wp\/v2\/comments?post=7860"}],"version-history":[{"count":1,"href":"https:\/\/staging.forumjustica.com.br\/en\/wp-json\/wp\/v2\/posts\/7860\/revisions"}],"predecessor-version":[{"id":17390,"href":"https:\/\/staging.forumjustica.com.br\/en\/wp-json\/wp\/v2\/posts\/7860\/revisions\/17390"}],"wp:attachment":[{"href":"https:\/\/staging.forumjustica.com.br\/en\/wp-json\/wp\/v2\/media?parent=7860"}],"wp:term":[{"taxonomy":"category","embeddable":true,"href":"https:\/\/staging.forumjustica.com.br\/en\/wp-json\/wp\/v2\/categories?post=7860"},{"taxonomy":"post_tag","embeddable":true,"href":"https:\/\/staging.forumjustica.com.br\/en\/wp-json\/wp\/v2\/tags?post=7860"},{"taxonomy":"anos","embeddable":true,"href":"https:\/\/staging.forumjustica.com.br\/en\/wp-json\/wp\/v2\/anos?post=7860"},{"taxonomy":"projetos","embeddable":true,"href":"https:\/\/staging.forumjustica.com.br\/en\/wp-json\/wp\/v2\/projetos?post=7860"},{"taxonomy":"autorias","embeddable":true,"href":"https:\/\/staging.forumjustica.com.br\/en\/wp-json\/wp\/v2\/autorias?post=7860"},{"taxonomy":"eixos_tematicos","embeddable":true,"href":"https:\/\/staging.forumjustica.com.br\/en\/wp-json\/wp\/v2\/eixos_tematicos?post=7860"},{"taxonomy":"locais","embeddable":true,"href":"https:\/\/staging.forumjustica.com.br\/en\/wp-json\/wp\/v2\/locais?post=7860"},{"taxonomy":"pessoas","embeddable":true,"href":"https:\/\/staging.forumjustica.com.br\/en\/wp-json\/wp\/v2\/pessoas?post=7860"},{"taxonomy":"estado","embeddable":true,"href":"https:\/\/staging.forumjustica.com.br\/en\/wp-json\/wp\/v2\/estado?post=7860"},{"taxonomy":"academia","embeddable":true,"href":"https:\/\/staging.forumjustica.com.br\/en\/wp-json\/wp\/v2\/academia?post=7860"},{"taxonomy":"sociedade_civil","embeddable":true,"href":"https:\/\/staging.forumjustica.com.br\/en\/wp-json\/wp\/v2\/sociedade_civil?post=7860"}],"curies":[{"name":"wp","href":"https:\/\/api.w.org\/{rel}","templated":true}]}}