{"id":7779,"date":"2014-01-10T10:09:33","date_gmt":"2014-01-10T12:09:33","guid":{"rendered":"https:\/\/forumjustica.vlannetwork.com\/?p=7779"},"modified":"2022-09-04T21:15:51","modified_gmt":"2022-09-05T00:15:51","slug":"i-juizado-da-violencia-domestica-e-familiar-contra-a-mulher-vai-mudar-de-endereco-a-partir-de-dia-61","status":"publish","type":"post","link":"https:\/\/staging.forumjustica.com.br\/en\/i-juizado-da-violencia-domestica-e-familiar-contra-a-mulher-vai-mudar-de-endereco-a-partir-de-dia-61\/","title":{"rendered":"I Juizado da Viol\u00eancia Dom\u00e9stica e Familiar contra a Mulher vai mudar de endere\u00e7o a partir de dia 6\/1"},"content":{"rendered":"<p><em>Not\u00edcia publicada pela Assessoria de Imprensa em 30\/12\/2013 18:01 <\/em><\/p>\n<div id=\"aui-3-2-0PR1-1120\">\n<p><span style=\"color: #000000;\">Nesta segunda- feira, dia 30, come\u00e7ou a mudan\u00e7a dos processos e mobili\u00e1rio do I Juizado da Viol\u00eancia Dom\u00e9stica e Familiar contra a Mulher. No pr\u00f3ximo dia 6 de janeiro, \u00faltimo dia do recesso forense, a serventia j\u00e1 vai funcionar em seu novo endere\u00e7o, na L\u00e2mina II do Complexo do Judici\u00e1rio, localizado na Av. Erasmo Braga, 115, 12\u00ba andar, sala 1204.<\/span><\/p>\n<p><span id=\"aui-3-2-0PR1-1117\" style=\"color: #000000;\"><\/p>\n<p id=\"aui-3-2-0PR1-1114\">Durante os dias 7 e 8 de janeiro de 2014, os prazos estar\u00e3o suspensos para conclus\u00e3o dos trabalhos de organiza\u00e7\u00e3o do acervo f\u00edsico do Juizado. A partir do dia 9, estar\u00e1 operando normalmente.<\/p>\n<p><\/span><\/div>\n<p><a href=\"http:\/\/www.tjrj.jus.br\/web\/guest\/home\/-\/noticias\/visualizar\/149802\">http:\/\/www.tjrj.jus.br\/web\/guest\/home\/-\/noticias\/visualizar\/149802<\/a><\/p>\n","protected":false},"excerpt":{"rendered":"<p>Not\u00edcia publicada pela Assessoria de Imprensa em 30\/12\/2013 18:01 Nesta segunda- feira, dia 30, come\u00e7ou a mudan\u00e7a dos processos e mobili\u00e1rio do I Juizado da Viol\u00eancia Dom\u00e9stica e Familiar contra a Mulher. No pr\u00f3ximo dia 6 de janeiro, \u00faltimo dia do recesso forense, a serventia j\u00e1 vai funcionar em seu novo endere\u00e7o, na L\u00e2mina II [&hellip;]<\/p>\n","protected":false},"author":13,"featured_media":0,"comment_status":"open","ping_status":"closed","sticky":false,"template":"","format":"standard","meta":{"inline_featured_image":false,"footnotes":""},"categories":[1],"tags":[],"anos":[],"projetos":[],"autorias":[],"eixos_tematicos":[],"locais":[],"pessoas":[],"estado":[],"academia":[],"sociedade_civil":[],"class_list":["post-7779","post","type-post","status-publish","format-standard","hentry","category-noticias"],"_links":{"self":[{"href":"https:\/\/staging.forumjustica.com.br\/en\/wp-json\/wp\/v2\/posts\/7779","targetHints":{"allow":["GET"]}}],"collection":[{"href":"https:\/\/staging.forumjustica.com.br\/en\/wp-json\/wp\/v2\/posts"}],"about":[{"href":"https:\/\/staging.forumjustica.com.br\/en\/wp-json\/wp\/v2\/types\/post"}],"author":[{"embeddable":true,"href":"https:\/\/staging.forumjustica.com.br\/en\/wp-json\/wp\/v2\/users\/13"}],"replies":[{"embeddable":true,"href":"https:\/\/staging.forumjustica.com.br\/en\/wp-json\/wp\/v2\/comments?post=7779"}],"version-history":[{"count":1,"href":"https:\/\/staging.forumjustica.com.br\/en\/wp-json\/wp\/v2\/posts\/7779\/revisions"}],"predecessor-version":[{"id":17404,"href":"https:\/\/staging.forumjustica.com.br\/en\/wp-json\/wp\/v2\/posts\/7779\/revisions\/17404"}],"wp:attachment":[{"href":"https:\/\/staging.forumjustica.com.br\/en\/wp-json\/wp\/v2\/media?parent=7779"}],"wp:term":[{"taxonomy":"category","embeddable":true,"href":"https:\/\/staging.forumjustica.com.br\/en\/wp-json\/wp\/v2\/categories?post=7779"},{"taxonomy":"post_tag","embeddable":true,"href":"https:\/\/staging.forumjustica.com.br\/en\/wp-json\/wp\/v2\/tags?post=7779"},{"taxonomy":"anos","embeddable":true,"href":"https:\/\/staging.forumjustica.com.br\/en\/wp-json\/wp\/v2\/anos?post=7779"},{"taxonomy":"projetos","embeddable":true,"href":"https:\/\/staging.forumjustica.com.br\/en\/wp-json\/wp\/v2\/projetos?post=7779"},{"taxonomy":"autorias","embeddable":true,"href":"https:\/\/staging.forumjustica.com.br\/en\/wp-json\/wp\/v2\/autorias?post=7779"},{"taxonomy":"eixos_tematicos","embeddable":true,"href":"https:\/\/staging.forumjustica.com.br\/en\/wp-json\/wp\/v2\/eixos_tematicos?post=7779"},{"taxonomy":"locais","embeddable":true,"href":"https:\/\/staging.forumjustica.com.br\/en\/wp-json\/wp\/v2\/locais?post=7779"},{"taxonomy":"pessoas","embeddable":true,"href":"https:\/\/staging.forumjustica.com.br\/en\/wp-json\/wp\/v2\/pessoas?post=7779"},{"taxonomy":"estado","embeddable":true,"href":"https:\/\/staging.forumjustica.com.br\/en\/wp-json\/wp\/v2\/estado?post=7779"},{"taxonomy":"academia","embeddable":true,"href":"https:\/\/staging.forumjustica.com.br\/en\/wp-json\/wp\/v2\/academia?post=7779"},{"taxonomy":"sociedade_civil","embeddable":true,"href":"https:\/\/staging.forumjustica.com.br\/en\/wp-json\/wp\/v2\/sociedade_civil?post=7779"}],"curies":[{"name":"wp","href":"https:\/\/api.w.org\/{rel}","templated":true}]}}