{"id":7729,"date":"2013-12-06T09:00:19","date_gmt":"2013-12-06T11:00:19","guid":{"rendered":"https:\/\/forumjustica.vlannetwork.com\/?p=7729"},"modified":"2022-09-04T21:15:52","modified_gmt":"2022-09-05T00:15:52","slug":"nota-de-repudio-a-acao-policial-em-shopping-de-vitoria","status":"publish","type":"post","link":"https:\/\/staging.forumjustica.com.br\/en\/nota-de-repudio-a-acao-policial-em-shopping-de-vitoria\/","title":{"rendered":"Nota de rep\u00fadio \u00e0 a\u00e7\u00e3o policial em shopping de Vit\u00f3ria"},"content":{"rendered":"<p><\/p>\n<div>\n<p><em><br \/>\nO N\u00facle<a href=\"https:\/\/staging.forumjustica.com.br\/wp-content\/uploads\/2013\/12\/vit.png\"><img loading=\"lazy\" decoding=\"async\" class=\"size-full wp-image-7730 alignleft\" title=\"vit\" src=\"https:\/\/staging.forumjustica.com.br\/wp-content\/uploads\/2013\/12\/vit.png\" alt=\"\" width=\"300\" height=\"199\" \/><\/a>o de Direitos Humanos da Defensoria P\u00fablica, coordenado pelo defensor Bruno Pereira Nascimento e formado pelos defensores Pedro Temer e Ronan Ferreira, publica uma nota de rep\u00fadio \u00e0 atua\u00e7\u00e3o policial praticada no dia 30 de novembro, no Shopping Vit\u00f3ria.<\/em><\/p>\n<p><em><br \/>\n<\/em><\/p>\n<p>Leia abaixo a nota na \u00edntegra:<\/p>\n<p>O N\u00facleo de Direitos Humanos da Defensoria P\u00fablica do Estado do Esp\u00edrito Santo, fincada no objetivo de afirma\u00e7\u00e3o do Estado Democr\u00e1tico de Direito, de preval\u00eancia e efetividade dos Direitos Humanos, naprimazia da dignidade da pessoa humana e na redu\u00e7\u00e3o das desigualdades sociais,\u00a0vem a p\u00fablico manifestar o seu total rep\u00fadio \u00e0 atua\u00e7\u00e3o do Batalh\u00e3o de Miss\u00f5es Especiais da Pol\u00edcia Militar em rela\u00e7\u00e3o aos fatos ocorridos no in\u00edcio da noite do \u00faltimo s\u00e1bado, dia 30 de outubro, no Shopping\u00a0Vit\u00f3ria.<\/p>\n<p>As imagens divulgadas nos jornais mostram que jovens foram publicamente submetidos a tratamento degradante e humilhante, colocados sentados sem camisa no p\u00e1tio da pra\u00e7a de alimenta\u00e7\u00e3o com as cabe\u00e7as baixas e as m\u00e3os cruzadas sobre a nuca e, ap\u00f3s, conduzidos em fila indiana para fora do shopping, em procedimento similar ao que, lamentavelmente, ocorre no interior dos pres\u00eddios capixabas. A ocorr\u00eancia de um arrast\u00e3o no interior do estabelecimento foi descartada pela assessoria do pr\u00f3prio Shopping Vit\u00f3ria, que afirmou que nenhuma loja foi roubada ou danificada durante o desenvolver dos fatos.<\/p>\n<p>Portanto, a viol\u00eancia desproporcional e os procedimentos humilhantes aos quais foram submetidos aqueles jovens basearam-se exclusivamente no preconceito e na tend\u00eancia de marginaliza\u00e7\u00e3o e criminaliza\u00e7\u00e3o de qualquer manifesta\u00e7\u00e3o social e cultural que n\u00e3o tenha sua g\u00eanese dentro dos par\u00e2metros est\u00e9ticos legitimados pelas conven\u00e7\u00f5es elitistas vigentes. O funk \u00e9 um movimento cultural aut\u00eantico, express\u00e3o da juventude negra das periferias das nossas cidades. Assim como o samba na primeira metade do s\u00e9culo XX, o funk atualmente \u00e9 v\u00edtima da hierarquiza\u00e7\u00e3o cultural. Hoje tal concep\u00e7\u00e3o revela-se em um preconceito tacanho. Amanh\u00e3 se mostrar\u00e1 em um erro datado historicamente.<\/p>\n<p>A Defensoria P\u00fablica do Esp\u00edrito Santo registra, ainda, que tomar\u00e1 as medidas cab\u00edveis para reparar os direitos lesados naquele epis\u00f3dio, reafirmando seu compromisso com a pluralidade cultural, com a diversidade de ideias, e reiterando seu dever de combate ao preconceito e a toda forma de discrimina\u00e7\u00e3o.<\/p>\n<\/div>\n<p><a href=\"http:\/\/www.defensoria.es.gov.br\/webpage\/NoticiasPrincipal.aspx?NOTICIAS1_ID=261\">http:\/\/www.defensoria.es.gov.br\/webpage\/NoticiasPrincipal.aspx?NOTICIAS1_ID=261<\/a><\/p>","protected":false},"excerpt":{"rendered":"<p>O N\u00facleo de Direitos Humanos da Defensoria P\u00fablica, coordenado pelo defensor Bruno Pereira Nascimento e formado pelos defensores Pedro Temer e Ronan Ferreira, publica uma nota de rep\u00fadio \u00e0 atua\u00e7\u00e3o policial praticada no dia 30 de novembro, no Shopping Vit\u00f3ria. Leia abaixo a nota na \u00edntegra: O N\u00facleo de Direitos Humanos da Defensoria P\u00fablica do [&hellip;]<\/p>\n","protected":false},"author":13,"featured_media":0,"comment_status":"open","ping_status":"closed","sticky":false,"template":"","format":"standard","meta":{"inline_featured_image":false,"footnotes":""},"categories":[1],"tags":[],"anos":[],"projetos":[],"autorias":[],"eixos_tematicos":[],"locais":[],"pessoas":[],"estado":[],"academia":[],"sociedade_civil":[],"class_list":["post-7729","post","type-post","status-publish","format-standard","hentry","category-noticias"],"_links":{"self":[{"href":"https:\/\/staging.forumjustica.com.br\/en\/wp-json\/wp\/v2\/posts\/7729","targetHints":{"allow":["GET"]}}],"collection":[{"href":"https:\/\/staging.forumjustica.com.br\/en\/wp-json\/wp\/v2\/posts"}],"about":[{"href":"https:\/\/staging.forumjustica.com.br\/en\/wp-json\/wp\/v2\/types\/post"}],"author":[{"embeddable":true,"href":"https:\/\/staging.forumjustica.com.br\/en\/wp-json\/wp\/v2\/users\/13"}],"replies":[{"embeddable":true,"href":"https:\/\/staging.forumjustica.com.br\/en\/wp-json\/wp\/v2\/comments?post=7729"}],"version-history":[{"count":1,"href":"https:\/\/staging.forumjustica.com.br\/en\/wp-json\/wp\/v2\/posts\/7729\/revisions"}],"predecessor-version":[{"id":17416,"href":"https:\/\/staging.forumjustica.com.br\/en\/wp-json\/wp\/v2\/posts\/7729\/revisions\/17416"}],"wp:attachment":[{"href":"https:\/\/staging.forumjustica.com.br\/en\/wp-json\/wp\/v2\/media?parent=7729"}],"wp:term":[{"taxonomy":"category","embeddable":true,"href":"https:\/\/staging.forumjustica.com.br\/en\/wp-json\/wp\/v2\/categories?post=7729"},{"taxonomy":"post_tag","embeddable":true,"href":"https:\/\/staging.forumjustica.com.br\/en\/wp-json\/wp\/v2\/tags?post=7729"},{"taxonomy":"anos","embeddable":true,"href":"https:\/\/staging.forumjustica.com.br\/en\/wp-json\/wp\/v2\/anos?post=7729"},{"taxonomy":"projetos","embeddable":true,"href":"https:\/\/staging.forumjustica.com.br\/en\/wp-json\/wp\/v2\/projetos?post=7729"},{"taxonomy":"autorias","embeddable":true,"href":"https:\/\/staging.forumjustica.com.br\/en\/wp-json\/wp\/v2\/autorias?post=7729"},{"taxonomy":"eixos_tematicos","embeddable":true,"href":"https:\/\/staging.forumjustica.com.br\/en\/wp-json\/wp\/v2\/eixos_tematicos?post=7729"},{"taxonomy":"locais","embeddable":true,"href":"https:\/\/staging.forumjustica.com.br\/en\/wp-json\/wp\/v2\/locais?post=7729"},{"taxonomy":"pessoas","embeddable":true,"href":"https:\/\/staging.forumjustica.com.br\/en\/wp-json\/wp\/v2\/pessoas?post=7729"},{"taxonomy":"estado","embeddable":true,"href":"https:\/\/staging.forumjustica.com.br\/en\/wp-json\/wp\/v2\/estado?post=7729"},{"taxonomy":"academia","embeddable":true,"href":"https:\/\/staging.forumjustica.com.br\/en\/wp-json\/wp\/v2\/academia?post=7729"},{"taxonomy":"sociedade_civil","embeddable":true,"href":"https:\/\/staging.forumjustica.com.br\/en\/wp-json\/wp\/v2\/sociedade_civil?post=7729"}],"curies":[{"name":"wp","href":"https:\/\/api.w.org\/{rel}","templated":true}]}}