{"id":6855,"date":"2013-08-20T10:00:57","date_gmt":"2013-08-20T12:00:57","guid":{"rendered":"https:\/\/forumjustica.vlannetwork.com\/?p=6855"},"modified":"2022-09-04T21:16:14","modified_gmt":"2022-09-05T00:16:14","slug":"consultas-sobre-participacao-social-tem-prazo-prorrogado-para-69","status":"publish","type":"post","link":"https:\/\/staging.forumjustica.com.br\/en\/consultas-sobre-participacao-social-tem-prazo-prorrogado-para-69\/","title":{"rendered":"Consultas sobre participa\u00e7\u00e3o social t\u00eam prazo prorrogado para 6\/9"},"content":{"rendered":"<p><em>Pessoas interessadas devem acessar\u00a0<a href=\"http:\/\/www.psocial.sg.gov.br\/\" target=\"_blank\" rel=\"noopener\">www.psocial.sg.gov.br<\/a><\/em><\/p>\n<p>Foi prorrogado para o dia 6 de setembro o prazo para sugest\u00f5es aos textos-base de duas consultas p\u00fablicas: Compromisso Nacional pela Participa\u00e7\u00e3o Social e Pol\u00edtica Nacional de Participa\u00e7\u00e3o Social, no endere\u00e7o <a href=\"http:\/\/www.psocial.sg.gov.br\/\" target=\"_blank\" rel=\"noopener\">www.psocial.sg.gov.br<\/a>.<\/p>\n<p>Os dois textos normativos s\u00e3o bases para as normas de contribui\u00e7\u00e3o coletiva que garantam a participa\u00e7\u00e3o cont\u00ednua da sociedade na agenda das pol\u00edticas p\u00fablicas. O ambiente de consulta do portal da participa\u00e7\u00e3o social foi lan\u00e7ado no dia 18 de julho com a publica\u00e7\u00e3o dessas duas propostas que visam estabelecer princ\u00edpios, objetivos e outros detalhamentos para fortalecer a participa\u00e7\u00e3o social no Executivo federal e, a partir de ades\u00e3o, nos Executivos estaduais e municipais.<\/p>\n<p>A proposta do Compromisso Nacional pela Participa\u00e7\u00e3o Social \u00e9 reflexo dos debates entre os governos federal, dos estados e munic\u00edpios sobre a necessidade de reconhecer a participa\u00e7\u00e3o social como estrat\u00e9gia para democratizar decis\u00f5es sobre pol\u00edticas p\u00fablicas. O objetivo \u00e9 estabelecer diretrizes para a promo\u00e7\u00e3o da participa\u00e7\u00e3o social como m\u00e9todo de governo e para o fortalecimento dos mecanismos e inst\u00e2ncias de di\u00e1logo entre Estado e sociedade civil, com vistas \u00e0 consolida\u00e7\u00e3o da democracia participativa no pa\u00eds. O decreto que cria a Pol\u00edtica Nacional de Participa\u00e7\u00e3o Social (PNPS) visa fortalecer os mecanismos e as inst\u00e2ncias de participa\u00e7\u00e3o social e di\u00e1logo entre o governo federal e a sociedade civil, determinando princ\u00edpios e diretrizes a serem observados pelos \u00f3rg\u00e3os do governo federal.<\/p>\n<p>Metodologia &#8211; A metodologia dos debates proposta pelo ambiente do portal consiste em receber coment\u00e1rios por blocos, nos diferentes artigos e cl\u00e1usulas das minutas. A interface da ferramenta facilita o processo de publicar, ler e dialogar com os coment\u00e1rios deixados por outros participantes, permitindo um di\u00e1logo p\u00fablico e aberto com as sess\u00f5es do texto e entre os debatedores.<\/p>\n<p>Por exemplo, se a pessoa quiser discordar, criticar ou complementar o artigo 4\u00ba da proposta da Pol\u00edtica Nacional de Participa\u00e7\u00e3o Social, que trata dos objetivos da Pol\u00edtica, ela clica no bal\u00e3ozinho localizado ao lado do t\u00edtulo do artigo, visualiza todos os coment\u00e1rios realizados nesse artigo e pode responder e debater com os participantes, podendo acrescentar uma nova colabora\u00e7\u00e3o. Todos os debates e contribui\u00e7\u00f5es a cada parte das minutas ficar\u00e3o aparentes e ser\u00e3o sistematizados.<\/p>\n<p>Esse tipo de ferramenta aberta e orientada promove o conte\u00fado das minutas e o debate em pontos espec\u00edficos. Todo o texto das minutas e dos coment\u00e1rios aparece nos buscadores na internet (Google, por exemplo) e \u00e9 facilmente localiz\u00e1vel a partir de palavras-chaves na internet. Isso amplia consideravelmente o acesso aos textos.<\/p>\n<p>Acesse a consulta: <a href=\"http:\/\/psocial.sg.gov.br\/\" target=\"_blank\" rel=\"noopener\">http:\/\/psocial.sg.gov.br\/<\/a><\/p>\n<p>&nbsp;<\/p>\n<p><em>Fonte:<\/em> <a href=\"http:\/\/www.spm.gov.br\/noticias\/ultimas_noticias\/2013\/08\/19-08-consultas-sobre-participacao-social-tem-prazo-prorrogado-para-6-9\" target=\"_blank\" rel=\"noopener\">SPM<\/a><\/p>\n","protected":false},"excerpt":{"rendered":"<p>Pessoas interessadas devem acessar\u00a0www.psocial.sg.gov.br Foi prorrogado para o dia 6 de setembro o prazo para sugest\u00f5es aos textos-base de duas consultas p\u00fablicas: Compromisso Nacional pela Participa\u00e7\u00e3o Social e Pol\u00edtica Nacional de Participa\u00e7\u00e3o Social, no endere\u00e7o www.psocial.sg.gov.br. Os dois textos normativos s\u00e3o bases para as normas de contribui\u00e7\u00e3o coletiva que garantam a participa\u00e7\u00e3o cont\u00ednua da sociedade [&hellip;]<\/p>\n","protected":false},"author":13,"featured_media":0,"comment_status":"open","ping_status":"closed","sticky":false,"template":"","format":"standard","meta":{"inline_featured_image":false,"footnotes":""},"categories":[1],"tags":[],"anos":[],"projetos":[],"autorias":[],"eixos_tematicos":[],"locais":[],"pessoas":[],"estado":[],"academia":[],"sociedade_civil":[],"class_list":["post-6855","post","type-post","status-publish","format-standard","hentry","category-noticias"],"_links":{"self":[{"href":"https:\/\/staging.forumjustica.com.br\/en\/wp-json\/wp\/v2\/posts\/6855","targetHints":{"allow":["GET"]}}],"collection":[{"href":"https:\/\/staging.forumjustica.com.br\/en\/wp-json\/wp\/v2\/posts"}],"about":[{"href":"https:\/\/staging.forumjustica.com.br\/en\/wp-json\/wp\/v2\/types\/post"}],"author":[{"embeddable":true,"href":"https:\/\/staging.forumjustica.com.br\/en\/wp-json\/wp\/v2\/users\/13"}],"replies":[{"embeddable":true,"href":"https:\/\/staging.forumjustica.com.br\/en\/wp-json\/wp\/v2\/comments?post=6855"}],"version-history":[{"count":1,"href":"https:\/\/staging.forumjustica.com.br\/en\/wp-json\/wp\/v2\/posts\/6855\/revisions"}],"predecessor-version":[{"id":17544,"href":"https:\/\/staging.forumjustica.com.br\/en\/wp-json\/wp\/v2\/posts\/6855\/revisions\/17544"}],"wp:attachment":[{"href":"https:\/\/staging.forumjustica.com.br\/en\/wp-json\/wp\/v2\/media?parent=6855"}],"wp:term":[{"taxonomy":"category","embeddable":true,"href":"https:\/\/staging.forumjustica.com.br\/en\/wp-json\/wp\/v2\/categories?post=6855"},{"taxonomy":"post_tag","embeddable":true,"href":"https:\/\/staging.forumjustica.com.br\/en\/wp-json\/wp\/v2\/tags?post=6855"},{"taxonomy":"anos","embeddable":true,"href":"https:\/\/staging.forumjustica.com.br\/en\/wp-json\/wp\/v2\/anos?post=6855"},{"taxonomy":"projetos","embeddable":true,"href":"https:\/\/staging.forumjustica.com.br\/en\/wp-json\/wp\/v2\/projetos?post=6855"},{"taxonomy":"autorias","embeddable":true,"href":"https:\/\/staging.forumjustica.com.br\/en\/wp-json\/wp\/v2\/autorias?post=6855"},{"taxonomy":"eixos_tematicos","embeddable":true,"href":"https:\/\/staging.forumjustica.com.br\/en\/wp-json\/wp\/v2\/eixos_tematicos?post=6855"},{"taxonomy":"locais","embeddable":true,"href":"https:\/\/staging.forumjustica.com.br\/en\/wp-json\/wp\/v2\/locais?post=6855"},{"taxonomy":"pessoas","embeddable":true,"href":"https:\/\/staging.forumjustica.com.br\/en\/wp-json\/wp\/v2\/pessoas?post=6855"},{"taxonomy":"estado","embeddable":true,"href":"https:\/\/staging.forumjustica.com.br\/en\/wp-json\/wp\/v2\/estado?post=6855"},{"taxonomy":"academia","embeddable":true,"href":"https:\/\/staging.forumjustica.com.br\/en\/wp-json\/wp\/v2\/academia?post=6855"},{"taxonomy":"sociedade_civil","embeddable":true,"href":"https:\/\/staging.forumjustica.com.br\/en\/wp-json\/wp\/v2\/sociedade_civil?post=6855"}],"curies":[{"name":"wp","href":"https:\/\/api.w.org\/{rel}","templated":true}]}}